{"id":539,"count":1,"description":"","link":"https:\/\/jornalvalenews.com.br\/index.php\/tag\/forum-das-aguas-do-vale-do-sao-patricio\/","name":"F\u00f3rum das \u00c1guas do Vale do S\u00e3o Patr\u00edcio","slug":"forum-das-aguas-do-vale-do-sao-patricio","taxonomy":"post_tag","meta":[],"_links":{"self":[{"href":"https:\/\/jornalvalenews.com.br\/index.php\/wp-json\/wp\/v2\/tags\/539"}],"collection":[{"href":"https:\/\/jornalvalenews.com.br\/index.php\/wp-json\/wp\/v2\/tags"}],"about":[{"href":"https:\/\/jornalvalenews.com.br\/index.php\/wp-json\/wp\/v2\/taxonomies\/post_tag"}],"wp:post_type":[{"href":"https:\/\/jornalvalenews.com.br\/index.php\/wp-json\/wp\/v2\/posts?tags=539"}],"curies":[{"name":"wp","href":"https:\/\/api.w.org\/{rel}","templated":true}]}}