{"id":6371,"date":"2026-09-01T19:45:20","date_gmt":"2026-09-01T22:45:20","guid":{"rendered":"https:\/\/jornalvalenews.com.br\/?p=6371"},"modified":"2026-09-01T19:45:20","modified_gmt":"2026-09-01T22:45:20","slug":"acao-social-nos-bairros-leva-servicos-e-atividades-para-moradores-de-diferentes-setores-de-ceres","status":"publish","type":"post","link":"https:\/\/jornalvalenews.com.br\/index.php\/2026\/09\/01\/acao-social-nos-bairros-leva-servicos-e-atividades-para-moradores-de-diferentes-setores-de-ceres\/","title":{"rendered":"A\u00e7\u00e3o Social nos Bairros leva servi\u00e7os e atividades para moradores de diferentes setores de Ceres"},"content":{"rendered":"<p>&nbsp;<\/p>\n<p><a href=\"https:\/\/www.instagram.com\/prefeituradeceres\/\" target=\"_blank\" rel=\"noopener\"><img loading=\"lazy\" decoding=\"async\" class=\"alignnone\" src=\"https:\/\/jornalvalenews.com.br\/wp-content\/uploads\/2025\/02\/banner-prefeitura-02.png\" alt=\"\" width=\"2140\" height=\"1783\" \/><\/a><\/p>\n<p>&nbsp;<\/p>\n<p class=\"isSelectedEnd\"><strong>A\u00e7\u00e3o ser\u00e1 realizada nesta quarta-feira, dia 2 de setembro, das 17h \u00e0s 19h, no Setor Casas Populares<\/strong><\/p>\n<p class=\"isSelectedEnd\">A Prefeitura de Ceres, por meio da Secretaria Municipal de Desenvolvimento Social, realizar\u00e1 nesta quarta-feira (2) mais uma edi\u00e7\u00e3o da <strong>A\u00e7\u00e3o Social nos Bairros<\/strong>, iniciativa que aproxima servi\u00e7os p\u00fablicos, informa\u00e7\u00f5es e atividades de conviv\u00eancia da comunidade.<\/p>\n<p class=\"isSelectedEnd\">A programa\u00e7\u00e3o acontecer\u00e1 das 17h \u00e0s 19h, no Setor Casas Populares, com atendimento direcionado aos moradores dos setores <strong>Casas Populares, Sorriso I e II, Recanto das Andorinhas e Sara Ribeiro<\/strong>.<\/p>\n<p class=\"isSelectedEnd\">Durante a a\u00e7\u00e3o, a popula\u00e7\u00e3o ter\u00e1 acesso a orienta\u00e7\u00f5es sobre benef\u00edcios eventuais, atualiza\u00e7\u00e3o e informa\u00e7\u00f5es do Cadastro \u00danico, al\u00e9m de esclarecimentos sobre programas atendidos pelo Centro de Refer\u00eancia de Assist\u00eancia Social, como <strong>Passe Livre e benef\u00edcios da Organiza\u00e7\u00e3o das Volunt\u00e1rias de Goi\u00e1s (OVG)<\/strong>.<\/p>\n<p class=\"isSelectedEnd\">A programa\u00e7\u00e3o tamb\u00e9m contar\u00e1 com oficina de preven\u00e7\u00e3o \u00e0 viol\u00eancia contra a mulher, oficina de p\u00e3es, bazar social, circuito de atividades, oficina de jogos pedag\u00f3gicos e entrega de kits de frutas e verduras.<\/p>\n<p class=\"isSelectedEnd\"><strong>Forr\u00f3 da terceira idade, brinquedos, pula-pula e distribui\u00e7\u00e3o de pipoca<\/strong> completam as atividades preparadas para proporcionar momentos de lazer e conviv\u00eancia entre crian\u00e7as, adultos e idosos.<\/p>\n<p>A A\u00e7\u00e3o Social nos Bairros busca facilitar o acesso da popula\u00e7\u00e3o aos servi\u00e7os da assist\u00eancia social e promover cidadania, informa\u00e7\u00e3o e integra\u00e7\u00e3o comunit\u00e1ria mais perto das fam\u00edlias.<\/p>\n","protected":false},"excerpt":{"rendered":"<p>&nbsp; &nbsp; A\u00e7\u00e3o ser\u00e1 realizada nesta quarta-feira, dia 2 de setembro, das 17h \u00e0s 19h, no Setor Casas Populares A Prefeitura de Ceres, por meio da Secretaria Municipal de Desenvolvimento Social, realizar\u00e1 nesta quarta-feira (2) mais uma edi\u00e7\u00e3o da A\u00e7\u00e3o Social nos Bairros, iniciativa que aproxima servi\u00e7os p\u00fablicos, informa\u00e7\u00f5es e atividades de conviv\u00eancia da comunidade. [&hellip;]<\/p>\n","protected":false},"author":1,"featured_media":6372,"comment_status":"open","ping_status":"open","sticky":false,"template":"","format":"standard","meta":{"om_disable_all_campaigns":false,"footnotes":"","jetpack_publicize_message":"","jetpack_publicize_feature_enabled":true,"jetpack_social_post_already_shared":true,"jetpack_social_options":{"image_generator_settings":{"template":"highway","enabled":false}}},"categories":[11,8,5,9],"tags":[],"class_list":["post-6371","post","type-post","status-publish","format-standard","has-post-thumbnail","hentry","category-ceres","category-goias","category-politica","category-vale-do-sao-patricio"],"jetpack_publicize_connections":[],"jetpack_sharing_enabled":true,"jetpack_featured_media_url":"https:\/\/jornalvalenews.com.br\/wp-content\/uploads\/2026\/09\/Inserir-um-titulo-2026-09-01T194419.717.png","_links":{"self":[{"href":"https:\/\/jornalvalenews.com.br\/index.php\/wp-json\/wp\/v2\/posts\/6371","targetHints":{"allow":["GET"]}}],"collection":[{"href":"https:\/\/jornalvalenews.com.br\/index.php\/wp-json\/wp\/v2\/posts"}],"about":[{"href":"https:\/\/jornalvalenews.com.br\/index.php\/wp-json\/wp\/v2\/types\/post"}],"author":[{"embeddable":true,"href":"https:\/\/jornalvalenews.com.br\/index.php\/wp-json\/wp\/v2\/users\/1"}],"replies":[{"embeddable":true,"href":"https:\/\/jornalvalenews.com.br\/index.php\/wp-json\/wp\/v2\/comments?post=6371"}],"version-history":[{"count":1,"href":"https:\/\/jornalvalenews.com.br\/index.php\/wp-json\/wp\/v2\/posts\/6371\/revisions"}],"predecessor-version":[{"id":6374,"href":"https:\/\/jornalvalenews.com.br\/index.php\/wp-json\/wp\/v2\/posts\/6371\/revisions\/6374"}],"wp:featuredmedia":[{"embeddable":true,"href":"https:\/\/jornalvalenews.com.br\/index.php\/wp-json\/wp\/v2\/media\/6372"}],"wp:attachment":[{"href":"https:\/\/jornalvalenews.com.br\/index.php\/wp-json\/wp\/v2\/media?parent=6371"}],"wp:term":[{"taxonomy":"category","embeddable":true,"href":"https:\/\/jornalvalenews.com.br\/index.php\/wp-json\/wp\/v2\/categories?post=6371"},{"taxonomy":"post_tag","embeddable":true,"href":"https:\/\/jornalvalenews.com.br\/index.php\/wp-json\/wp\/v2\/tags?post=6371"}],"curies":[{"name":"wp","href":"https:\/\/api.w.org\/{rel}","templated":true}]}}