{"id":6368,"date":"2026-09-01T19:36:50","date_gmt":"2026-09-01T22:36:50","guid":{"rendered":"https:\/\/jornalvalenews.com.br\/?p=6368"},"modified":"2026-09-01T19:45:06","modified_gmt":"2026-09-01T22:45:06","slug":"hasteamento-da-bandeira-reune-estudantes-e-forcas-de-seguranca-na-programacao-dos-73-anos-de-ceres","status":"publish","type":"post","link":"https:\/\/jornalvalenews.com.br\/index.php\/2026\/09\/01\/hasteamento-da-bandeira-reune-estudantes-e-forcas-de-seguranca-na-programacao-dos-73-anos-de-ceres\/","title":{"rendered":"Hasteamento da bandeira re\u00fane estudantes e for\u00e7as de seguran\u00e7a na programa\u00e7\u00e3o dos 73 anos de Ceres"},"content":{"rendered":"<p>&nbsp;<\/p>\n<p><a href=\"https:\/\/www.instagram.com\/prefeituradeceres\/\" target=\"_blank\" rel=\"noopener\"><img loading=\"lazy\" decoding=\"async\" class=\"alignnone\" src=\"https:\/\/jornalvalenews.com.br\/wp-content\/uploads\/2025\/02\/banner-prefeitura-02.png\" alt=\"\" width=\"2140\" height=\"1783\" \/><\/a><\/p>\n<p>&nbsp;<\/p>\n<p class=\"isSelectedEnd\"><strong>Cerim\u00f4nia realizada nesta ter\u00e7a-feira, 1\u00ba de setembro, integrou o calend\u00e1rio de atividades alusivas ao anivers\u00e1rio do munic\u00edpio<\/strong><\/p>\n<p class=\"isSelectedEnd\">A Pra\u00e7a C\u00edvica de Ceres recebeu, na manh\u00e3 desta ter\u00e7a-feira (1\u00ba), a cerim\u00f4nia de hasteamento da bandeira, uma das atividades que integram a programa\u00e7\u00e3o comemorativa pelos 73 anos do munic\u00edpio. <strong>O anivers\u00e1rio de Ceres \u00e9 celebrado no dia 4 de setembro.<\/strong><\/p>\n<p class=\"isSelectedEnd\">O momento reuniu <strong>representantes das for\u00e7as de seguran\u00e7a p\u00fablica, escolas municipais, estudantes e integrantes da comunidade<\/strong>, promovendo uma celebra\u00e7\u00e3o marcada pelo civismo e pela valoriza\u00e7\u00e3o da hist\u00f3ria de Ceres.<\/p>\n<p class=\"isSelectedEnd\">A participa\u00e7\u00e3o das crian\u00e7as e dos estudantes deu um significado especial \u00e0 cerim\u00f4nia. A iniciativa destacou a import\u00e2ncia da educa\u00e7\u00e3o para a forma\u00e7\u00e3o de <strong>cidad\u00e3os conscientes, respons\u00e1veis e preparados para contribuir com o desenvolvimento da sociedade<\/strong>.<\/p>\n<p class=\"isSelectedEnd\">O contato com a hist\u00f3ria e com os s\u00edmbolos nacionais contribui para que as novas gera\u00e7\u00f5es compreendam valores como cidadania, respeito e responsabilidade coletiva. <strong>Cada crian\u00e7a que participa desse processo representa uma semente para a constru\u00e7\u00e3o de um futuro mais justo e desenvolvido.<\/strong><\/p>\n<p>A cerim\u00f4nia de hasteamento da bandeira marcou mais uma etapa do calend\u00e1rio comemorativo dos 73 anos de Ceres, unindo hist\u00f3ria, educa\u00e7\u00e3o e perspectivas para o futuro do munic\u00edpio.<\/p>\n<h3 data-start=\"1286\" data-end=\"1465\"><strong>Veja o v\u00eddeo:\u00a0<a href=\"https:\/\/www.instagram.com\/jornalvalenews\/reel\/DcwwQn1CxRe\/\" target=\"_blank\" rel=\"noopener\">clique aqui!<\/a><\/strong><\/h3>\n","protected":false},"excerpt":{"rendered":"<p>&nbsp; &nbsp; Cerim\u00f4nia realizada nesta ter\u00e7a-feira, 1\u00ba de setembro, integrou o calend\u00e1rio de atividades alusivas ao anivers\u00e1rio do munic\u00edpio A Pra\u00e7a C\u00edvica de Ceres recebeu, na manh\u00e3 desta ter\u00e7a-feira (1\u00ba), a cerim\u00f4nia de hasteamento da bandeira, uma das atividades que integram a programa\u00e7\u00e3o comemorativa pelos 73 anos do munic\u00edpio. O anivers\u00e1rio de Ceres \u00e9 celebrado [&hellip;]<\/p>\n","protected":false},"author":1,"featured_media":6369,"comment_status":"open","ping_status":"open","sticky":false,"template":"","format":"standard","meta":{"om_disable_all_campaigns":false,"footnotes":"","jetpack_publicize_message":"","jetpack_publicize_feature_enabled":true,"jetpack_social_post_already_shared":true,"jetpack_social_options":{"image_generator_settings":{"template":"highway","enabled":false}}},"categories":[11,8,5,9],"tags":[],"class_list":["post-6368","post","type-post","status-publish","format-standard","has-post-thumbnail","hentry","category-ceres","category-goias","category-politica","category-vale-do-sao-patricio"],"jetpack_publicize_connections":[],"jetpack_sharing_enabled":true,"jetpack_featured_media_url":"https:\/\/jornalvalenews.com.br\/wp-content\/uploads\/2026\/09\/WhatsApp-Image-2026-09-01-at-19.33.50.jpeg","_links":{"self":[{"href":"https:\/\/jornalvalenews.com.br\/index.php\/wp-json\/wp\/v2\/posts\/6368","targetHints":{"allow":["GET"]}}],"collection":[{"href":"https:\/\/jornalvalenews.com.br\/index.php\/wp-json\/wp\/v2\/posts"}],"about":[{"href":"https:\/\/jornalvalenews.com.br\/index.php\/wp-json\/wp\/v2\/types\/post"}],"author":[{"embeddable":true,"href":"https:\/\/jornalvalenews.com.br\/index.php\/wp-json\/wp\/v2\/users\/1"}],"replies":[{"embeddable":true,"href":"https:\/\/jornalvalenews.com.br\/index.php\/wp-json\/wp\/v2\/comments?post=6368"}],"version-history":[{"count":2,"href":"https:\/\/jornalvalenews.com.br\/index.php\/wp-json\/wp\/v2\/posts\/6368\/revisions"}],"predecessor-version":[{"id":6373,"href":"https:\/\/jornalvalenews.com.br\/index.php\/wp-json\/wp\/v2\/posts\/6368\/revisions\/6373"}],"wp:featuredmedia":[{"embeddable":true,"href":"https:\/\/jornalvalenews.com.br\/index.php\/wp-json\/wp\/v2\/media\/6369"}],"wp:attachment":[{"href":"https:\/\/jornalvalenews.com.br\/index.php\/wp-json\/wp\/v2\/media?parent=6368"}],"wp:term":[{"taxonomy":"category","embeddable":true,"href":"https:\/\/jornalvalenews.com.br\/index.php\/wp-json\/wp\/v2\/categories?post=6368"},{"taxonomy":"post_tag","embeddable":true,"href":"https:\/\/jornalvalenews.com.br\/index.php\/wp-json\/wp\/v2\/tags?post=6368"}],"curies":[{"name":"wp","href":"https:\/\/api.w.org\/{rel}","templated":true}]}}