{"id":6365,"date":"2026-08-28T19:31:14","date_gmt":"2026-08-28T22:31:14","guid":{"rendered":"https:\/\/jornalvalenews.com.br\/?p=6365"},"modified":"2026-08-31T19:34:28","modified_gmt":"2026-08-31T22:34:28","slug":"inscricoes-estao-abertas-para-a-corrida-pela-vida-em-comemoracao-aos-73-anos-de-ceres","status":"publish","type":"post","link":"https:\/\/jornalvalenews.com.br\/index.php\/2026\/08\/28\/inscricoes-estao-abertas-para-a-corrida-pela-vida-em-comemoracao-aos-73-anos-de-ceres\/","title":{"rendered":"Inscri\u00e7\u00f5es est\u00e3o abertas para a Corrida pela Vida em comemora\u00e7\u00e3o aos 73 anos de Ceres"},"content":{"rendered":"<p>&nbsp;<\/p>\n<p><a href=\"https:\/\/www.instagram.com\/prefeituradeceres\/\" target=\"_blank\" rel=\"noopener\"><img loading=\"lazy\" decoding=\"async\" class=\"alignnone\" src=\"https:\/\/jornalvalenews.com.br\/wp-content\/uploads\/2025\/02\/banner-prefeitura-02.png\" alt=\"\" width=\"2140\" height=\"1783\" \/><\/a><\/p>\n<p>&nbsp;<\/p>\n<p class=\"isSelectedEnd\"><strong>Evento ser\u00e1 realizado no dia 4 de setembro, com corrida de 5 quil\u00f4metros, caminhada participativa e corrida infantil<\/strong><\/p>\n<p class=\"isSelectedEnd\">A Prefeitura de Ceres abriu as inscri\u00e7\u00f5es para a <strong>Corrida pela Vida<\/strong>, atividade que integra a 1\u00aa Jornada Cultural e Esportiva em comemora\u00e7\u00e3o aos 73 anos do munic\u00edpio. O evento ser\u00e1 realizado na sexta-feira, dia 4 de setembro, com concentra\u00e7\u00e3o e largada \u00e0s 6h, na Pra\u00e7a C\u00edvica.<\/p>\n<p class=\"isSelectedEnd\">A programa\u00e7\u00e3o contar\u00e1 com <strong>corrida de 5 quil\u00f4metros para participantes a partir dos 14 anos, caminhada participativa e corrida infantil<\/strong>, com dist\u00e2ncias definidas de acordo com a idade. Todas as modalidades ter\u00e3o largada \u00fanica.<\/p>\n<p class=\"isSelectedEnd\">As inscri\u00e7\u00f5es devem ser realizadas pela plataforma Tou Inscrito, no endere\u00e7o <a href=\"https:\/\/touinscrito.com.br\/index.html\" data-rich-text-autolink=\"\"><strong>https:\/\/touinscrito.com.br\/index.html<\/strong><\/a>. Para acessar a p\u00e1gina e garantir a participa\u00e7\u00e3o, <a href=\"https:\/\/touinscrito.com.br\/index.html\">clique aqui<\/a>.<\/p>\n<p class=\"isSelectedEnd\">Para participar, tamb\u00e9m ser\u00e1 necess\u00e1rio entregar <strong>1 quilo de alimento n\u00e3o perec\u00edvel<\/strong>, que ser\u00e1 destinado \u00e0s fam\u00edlias em situa\u00e7\u00e3o de vulnerabilidade.<\/p>\n<p class=\"isSelectedEnd\">A retirada dos kits acontecer\u00e1 exclusivamente no dia 2 de setembro, na Secretaria Municipal de Esportes e Cultura, localizada no Centro Cultural de Ceres. <strong>Os participantes dever\u00e3o apresentar documento com foto e comprovante da inscri\u00e7\u00e3o.<\/strong><\/p>\n<p class=\"isSelectedEnd\">Ap\u00f3s a prova, haver\u00e1 frutas e medalhas para todos os participantes. A organiza\u00e7\u00e3o tamb\u00e9m disponibilizar\u00e1 postos de hidrata\u00e7\u00e3o, suporte m\u00e9dico, batedores e sinaliza\u00e7\u00e3o durante o percurso.<\/p>\n<p class=\"isSelectedEnd\">A Corrida pela Vida \u00e9 realizada pela Prefeitura de Ceres, por meio da Secretaria Municipal de Esportes e Cultura e da Secretaria Municipal de Sa\u00fade, e busca incentivar a pr\u00e1tica esportiva, a conviv\u00eancia comunit\u00e1ria e a solidariedade durante as comemora\u00e7\u00f5es do anivers\u00e1rio da cidade.<\/p>\n","protected":false},"excerpt":{"rendered":"<p>&nbsp; &nbsp; Evento ser\u00e1 realizado no dia 4 de setembro, com corrida de 5 quil\u00f4metros, caminhada participativa e corrida infantil A Prefeitura de Ceres abriu as inscri\u00e7\u00f5es para a Corrida pela Vida, atividade que integra a 1\u00aa Jornada Cultural e Esportiva em comemora\u00e7\u00e3o aos 73 anos do munic\u00edpio. O evento ser\u00e1 realizado na sexta-feira, dia [&hellip;]<\/p>\n","protected":false},"author":1,"featured_media":6366,"comment_status":"open","ping_status":"open","sticky":false,"template":"","format":"standard","meta":{"om_disable_all_campaigns":false,"footnotes":"","jetpack_publicize_message":"","jetpack_publicize_feature_enabled":true,"jetpack_social_post_already_shared":true,"jetpack_social_options":{"image_generator_settings":{"template":"highway","enabled":false}}},"categories":[11,8,5,46,9],"tags":[],"class_list":["post-6365","post","type-post","status-publish","format-standard","has-post-thumbnail","hentry","category-ceres","category-goias","category-politica","category-saude","category-vale-do-sao-patricio"],"jetpack_publicize_connections":[],"jetpack_sharing_enabled":true,"jetpack_featured_media_url":"https:\/\/jornalvalenews.com.br\/wp-content\/uploads\/2026\/08\/Inserir-um-titulo-2026-08-31T193220.492.png","_links":{"self":[{"href":"https:\/\/jornalvalenews.com.br\/index.php\/wp-json\/wp\/v2\/posts\/6365","targetHints":{"allow":["GET"]}}],"collection":[{"href":"https:\/\/jornalvalenews.com.br\/index.php\/wp-json\/wp\/v2\/posts"}],"about":[{"href":"https:\/\/jornalvalenews.com.br\/index.php\/wp-json\/wp\/v2\/types\/post"}],"author":[{"embeddable":true,"href":"https:\/\/jornalvalenews.com.br\/index.php\/wp-json\/wp\/v2\/users\/1"}],"replies":[{"embeddable":true,"href":"https:\/\/jornalvalenews.com.br\/index.php\/wp-json\/wp\/v2\/comments?post=6365"}],"version-history":[{"count":1,"href":"https:\/\/jornalvalenews.com.br\/index.php\/wp-json\/wp\/v2\/posts\/6365\/revisions"}],"predecessor-version":[{"id":6367,"href":"https:\/\/jornalvalenews.com.br\/index.php\/wp-json\/wp\/v2\/posts\/6365\/revisions\/6367"}],"wp:featuredmedia":[{"embeddable":true,"href":"https:\/\/jornalvalenews.com.br\/index.php\/wp-json\/wp\/v2\/media\/6366"}],"wp:attachment":[{"href":"https:\/\/jornalvalenews.com.br\/index.php\/wp-json\/wp\/v2\/media?parent=6365"}],"wp:term":[{"taxonomy":"category","embeddable":true,"href":"https:\/\/jornalvalenews.com.br\/index.php\/wp-json\/wp\/v2\/categories?post=6365"},{"taxonomy":"post_tag","embeddable":true,"href":"https:\/\/jornalvalenews.com.br\/index.php\/wp-json\/wp\/v2\/tags?post=6365"}],"curies":[{"name":"wp","href":"https:\/\/api.w.org\/{rel}","templated":true}]}}