{"id":6360,"date":"2026-08-31T19:26:26","date_gmt":"2026-08-31T22:26:26","guid":{"rendered":"https:\/\/jornalvalenews.com.br\/?p=6360"},"modified":"2026-08-31T19:31:03","modified_gmt":"2026-08-31T22:31:03","slug":"torneio-de-pesca-reune-familias-e-movimenta-a-orla-do-rio-das-almas-em-ceres","status":"publish","type":"post","link":"https:\/\/jornalvalenews.com.br\/index.php\/2026\/08\/31\/torneio-de-pesca-reune-familias-e-movimenta-a-orla-do-rio-das-almas-em-ceres\/","title":{"rendered":"Torneio de Pesca re\u00fane fam\u00edlias e movimenta a Orla do Rio das Almas em Ceres"},"content":{"rendered":"<p>&nbsp;<\/p>\n<p><a href=\"https:\/\/www.instagram.com\/prefeituradeceres\/\" target=\"_blank\" rel=\"noopener\"><img loading=\"lazy\" decoding=\"async\" class=\"alignnone\" src=\"https:\/\/jornalvalenews.com.br\/wp-content\/uploads\/2025\/02\/banner-prefeitura-02.png\" alt=\"\" width=\"2140\" height=\"1783\" \/><\/a><\/p>\n<p>&nbsp;<\/p>\n<p class=\"isSelectedEnd\"><strong>Evento integrou as comemora\u00e7\u00f5es dos 73 anos do munic\u00edpio e promoveu esporte, lazer e conviv\u00eancia comunit\u00e1ria<\/strong><\/p>\n<p class=\"isSelectedEnd\">A Orla do Rio das Almas recebeu, neste domingo (30), o <strong>Torneio de Pesca Ceres 73<\/strong>, que reuniu fam\u00edlias, amigos e apaixonados pela pesca em um momento de esporte, lazer e integra\u00e7\u00e3o.<\/p>\n<p class=\"isSelectedEnd\">Realizado durante as comemora\u00e7\u00f5es do anivers\u00e1rio do munic\u00edpio, o torneio proporcionou um dia de confraterniza\u00e7\u00e3o e incentivou a popula\u00e7\u00e3o a ocupar e aproveitar os espa\u00e7os p\u00fablicos da cidade. <strong>A atividade tamb\u00e9m valorizou o Rio das Almas, um dos principais s\u00edmbolos da hist\u00f3ria e da identidade de Ceres.<\/strong><\/p>\n<p class=\"isSelectedEnd\">Al\u00e9m da competi\u00e7\u00e3o, o evento fortaleceu a conviv\u00eancia entre os participantes e aproximou a comunidade das a\u00e7\u00f5es esportivas, culturais e recreativas preparadas para celebrar os 73 anos do munic\u00edpio.<\/p>\n<p><strong>O Torneio de Pesca Ceres 73 marcou mais um momento da programa\u00e7\u00e3o comemorativa<\/strong>, unindo diferentes gera\u00e7\u00f5es e contribuindo para a constru\u00e7\u00e3o de novas mem\u00f3rias na cidade.<\/p>\n<h3 data-start=\"1286\" data-end=\"1465\"><strong>Veja o v\u00eddeo:\u00a0<a href=\"https:\/\/www.instagram.com\/jornalvalenews\/reel\/DcuKM1win6V\/\" target=\"_blank\" rel=\"noopener\">clique aqui!<\/a><\/strong><\/h3>\n<h3 data-start=\"2294\" data-end=\"2377\"><\/h3>\n","protected":false},"excerpt":{"rendered":"<p>&nbsp; &nbsp; Evento integrou as comemora\u00e7\u00f5es dos 73 anos do munic\u00edpio e promoveu esporte, lazer e conviv\u00eancia comunit\u00e1ria A Orla do Rio das Almas recebeu, neste domingo (30), o Torneio de Pesca Ceres 73, que reuniu fam\u00edlias, amigos e apaixonados pela pesca em um momento de esporte, lazer e integra\u00e7\u00e3o. Realizado durante as comemora\u00e7\u00f5es do [&hellip;]<\/p>\n","protected":false},"author":1,"featured_media":6361,"comment_status":"open","ping_status":"open","sticky":false,"template":"","format":"standard","meta":{"om_disable_all_campaigns":false,"footnotes":"","jetpack_publicize_message":"","jetpack_publicize_feature_enabled":true,"jetpack_social_post_already_shared":true,"jetpack_social_options":{"image_generator_settings":{"template":"highway","enabled":false}}},"categories":[11,8,5,9],"tags":[],"class_list":["post-6360","post","type-post","status-publish","format-standard","has-post-thumbnail","hentry","category-ceres","category-goias","category-politica","category-vale-do-sao-patricio"],"jetpack_publicize_connections":[],"jetpack_sharing_enabled":true,"jetpack_featured_media_url":"https:\/\/jornalvalenews.com.br\/wp-content\/uploads\/2026\/08\/WhatsApp-Image-2026-08-31-at-19.24.27.jpeg","_links":{"self":[{"href":"https:\/\/jornalvalenews.com.br\/index.php\/wp-json\/wp\/v2\/posts\/6360","targetHints":{"allow":["GET"]}}],"collection":[{"href":"https:\/\/jornalvalenews.com.br\/index.php\/wp-json\/wp\/v2\/posts"}],"about":[{"href":"https:\/\/jornalvalenews.com.br\/index.php\/wp-json\/wp\/v2\/types\/post"}],"author":[{"embeddable":true,"href":"https:\/\/jornalvalenews.com.br\/index.php\/wp-json\/wp\/v2\/users\/1"}],"replies":[{"embeddable":true,"href":"https:\/\/jornalvalenews.com.br\/index.php\/wp-json\/wp\/v2\/comments?post=6360"}],"version-history":[{"count":3,"href":"https:\/\/jornalvalenews.com.br\/index.php\/wp-json\/wp\/v2\/posts\/6360\/revisions"}],"predecessor-version":[{"id":6364,"href":"https:\/\/jornalvalenews.com.br\/index.php\/wp-json\/wp\/v2\/posts\/6360\/revisions\/6364"}],"wp:featuredmedia":[{"embeddable":true,"href":"https:\/\/jornalvalenews.com.br\/index.php\/wp-json\/wp\/v2\/media\/6361"}],"wp:attachment":[{"href":"https:\/\/jornalvalenews.com.br\/index.php\/wp-json\/wp\/v2\/media?parent=6360"}],"wp:term":[{"taxonomy":"category","embeddable":true,"href":"https:\/\/jornalvalenews.com.br\/index.php\/wp-json\/wp\/v2\/categories?post=6360"},{"taxonomy":"post_tag","embeddable":true,"href":"https:\/\/jornalvalenews.com.br\/index.php\/wp-json\/wp\/v2\/tags?post=6360"}],"curies":[{"name":"wp","href":"https:\/\/api.w.org\/{rel}","templated":true}]}}