{"id":5706,"date":"2026-04-29T10:17:06","date_gmt":"2026-04-29T13:17:06","guid":{"rendered":"https:\/\/jornalvalenews.com.br\/?p=5706"},"modified":"2026-04-29T10:17:06","modified_gmt":"2026-04-29T13:17:06","slug":"camara-de-ceres-realiza-4a-sessao-ordinaria-de-abril-com-aprovacao-de-importantes-requerimentos-confira","status":"publish","type":"post","link":"https:\/\/jornalvalenews.com.br\/index.php\/2026\/04\/29\/camara-de-ceres-realiza-4a-sessao-ordinaria-de-abril-com-aprovacao-de-importantes-requerimentos-confira\/","title":{"rendered":"C\u00e2mara de Ceres realiza 4\u00aa Sess\u00e3o Ordin\u00e1ria de abril com aprova\u00e7\u00e3o de importantes requerimentos: confira"},"content":{"rendered":"<p data-start=\"317\" data-end=\"589\">\n<p data-start=\"317\" data-end=\"589\"><a href=\"https:\/\/www.instagram.com\/camaramunicipaldeceres\/\" target=\"_blank\" rel=\"noopener\"><img loading=\"lazy\" decoding=\"async\" class=\"alignnone\" src=\"https:\/\/jornalvalenews.com.br\/wp-content\/uploads\/2026\/04\/Design-sem-nome-40.png\" alt=\"\" width=\"3500\" height=\"3000\" \/><\/a><\/p>\n<p data-start=\"317\" data-end=\"589\">\n<p data-start=\"317\" data-end=\"589\">A C\u00e2mara Municipal de Ceres realizou, na \u00faltima ter\u00e7a-feira (28), a <strong data-start=\"398\" data-end=\"445\">4\u00aa Sess\u00e3o Ordin\u00e1ria do m\u00eas de abril de 2026<\/strong>, sob a presid\u00eancia do vereador Juliano Garcia Rosa. Durante a sess\u00e3o, foram discutidas, votadas e aprovadas mat\u00e9rias de interesse da popula\u00e7\u00e3o.<\/p>\n<p data-start=\"591\" data-end=\"651\">Na oportunidade, foram aprovados os seguintes requerimentos:<\/p>\n<p data-start=\"653\" data-end=\"670\"><strong data-start=\"653\" data-end=\"670\">REQUERIMENTOS<\/strong><\/p>\n<p data-start=\"672\" data-end=\"1104\"><strong data-start=\"672\" data-end=\"688\">N\u00ba 089\/2026:<\/strong> De autoria dos vereadores Reginaldo Liberato de Azevedo e Zener de Oliveira Azevedo, <strong data-start=\"774\" data-end=\"790\">que requerem<\/strong> ao Chefe do Poder Executivo, \u00e0 Secretaria Municipal de Administra\u00e7\u00e3o e \u00e0 Secretaria Municipal de Seguran\u00e7a P\u00fablica que seja disponibilizado um vigilante adicional para o cemit\u00e9rio municipal, bem como a instala\u00e7\u00e3o de c\u00e2meras de seguran\u00e7a em pontos estrat\u00e9gicos, com monitoramento cont\u00ednuo por servidor designado.<\/p>\n<p data-start=\"1106\" data-end=\"1423\"><strong data-start=\"1106\" data-end=\"1124\">Justificativa:<\/strong> A presente solicita\u00e7\u00e3o se faz necess\u00e1ria diante do aumento de furtos e atos de vandalismo no local, incluindo a depreda\u00e7\u00e3o de t\u00famulos. As medidas propostas visam refor\u00e7ar a seguran\u00e7a, preservar o patrim\u00f4nio p\u00fablico e garantir respeito \u00e0s fam\u00edlias que possuem entes queridos sepultados no cemit\u00e9rio.<\/p>\n<p data-start=\"1425\" data-end=\"1748\"><strong data-start=\"1425\" data-end=\"1441\">N\u00ba 090\/2026:<\/strong> De autoria do vereador Reginaldo Liberato de Azevedo, <strong data-start=\"1496\" data-end=\"1510\">que requer<\/strong> ao Chefe do Poder Executivo, \u00e0 Secretaria de Obras e \u00e0 Superintend\u00eancia Municipal de Tr\u00e2nsito que seja realizado um estudo t\u00e9cnico para viabilidade e posterior implementa\u00e7\u00e3o de m\u00e3o \u00fanica de tr\u00e1fego, sentido subindo, nas seguintes vias:<\/p>\n<ol data-start=\"1749\" data-end=\"1914\">\n<li data-section-id=\"bmqmqv\" data-start=\"1749\" data-end=\"1817\">Rua 10, em frente \u00e0 Conveni\u00eancia Natal e UBS Jardim Petr\u00f3polis.<\/li>\n<li data-section-id=\"18h881u\" data-start=\"1818\" data-end=\"1914\">Rua das P\u00e9rolas (Rua JK), especificamente no trecho onde se localiza a Conveni\u00eancia Buriti.<\/li>\n<\/ol>\n<p data-start=\"1916\" data-end=\"2578\"><strong data-start=\"1916\" data-end=\"1934\">Justificativa:<\/strong> Motoristas t\u00eam subido a Avenida Juscelino Kubitscheck de Oliveira em alta velocidade, entrando nas ruas mencionadas sem os devidos cuidados no tr\u00e2nsito, o que tem gerado grande risco de acidentes, especialmente em um trecho de grande circula\u00e7\u00e3o de ve\u00edculos. A implementa\u00e7\u00e3o de sentido \u00fanico, com a subida permitida apenas, contribuir\u00e1 para a redu\u00e7\u00e3o de manobras arriscadas e permitir\u00e1 maior controle do tr\u00e1fego local, resultando em uma melhoria significativa na seguran\u00e7a vi\u00e1ria para pedestres e motoristas. Essa medida visa a redu\u00e7\u00e3o dos acidentes e a organiza\u00e7\u00e3o do fluxo no local, considerando o aumento da popula\u00e7\u00e3o e do tr\u00e1fego na regi\u00e3o.<\/p>\n<p data-start=\"2580\" data-end=\"2907\"><strong data-start=\"2580\" data-end=\"2596\">N\u00ba 091\/2026:<\/strong> De autoria do vereador Juliano Garcia Rosa, <strong data-start=\"2641\" data-end=\"2655\">que requer<\/strong> \u00e0 Secretaria Municipal de Sa\u00fade informa\u00e7\u00f5es detalhadas acerca da campanha de vacina\u00e7\u00e3o contra a Influenza e S\u00edndrome Respirat\u00f3ria Aguda Grave no munic\u00edpio, visto que a Secretaria de Sa\u00fade do Estado de Goi\u00e1s decretou situa\u00e7\u00e3o de emerg\u00eancia no Estado.<\/p>\n<p data-start=\"2909\" data-end=\"3517\"><strong data-start=\"2909\" data-end=\"2927\">Justificativa:<\/strong> Considerando a import\u00e2ncia da vacina\u00e7\u00e3o contra a Influenza e S\u00edndrome Respirat\u00f3ria Aguda Grave como medida essencial de sa\u00fade p\u00fablica, bem como o dever de transpar\u00eancia da Administra\u00e7\u00e3o P\u00fablica, torna-se imprescind\u00edvel o acesso \u00e0s informa\u00e7\u00f5es para o devido acompanhamento das a\u00e7\u00f5es desenvolvidas no munic\u00edpio. Destaca-se, ainda, a necessidade de esclarecimentos quanto \u00e0 exist\u00eancia de cronograma de vacina\u00e7\u00e3o e \u00e0s estrat\u00e9gias efetivamente adotadas para a conscientiza\u00e7\u00e3o da popula\u00e7\u00e3o sobre a preven\u00e7\u00e3o da doen\u00e7a, garantindo assim maior efici\u00eancia, alcance e prote\u00e7\u00e3o \u00e0 sa\u00fade dos mun\u00edcipes.<\/p>\n<p data-start=\"3519\" data-end=\"3826\"><strong data-start=\"3519\" data-end=\"3535\">N\u00ba 092\/2026:<\/strong> De autoria do vereador Norvandi Angelo da Silva, <strong data-start=\"3585\" data-end=\"3599\">que requer<\/strong> \u00e0 Superintend\u00eancia Municipal de Tr\u00e2nsito que seja providenciada a instala\u00e7\u00e3o de um redutor de velocidade na Avenida Bernardo Say\u00e3o, nas proximidades do Clube da ASSUCE, no sentido de subida em dire\u00e7\u00e3o ao Cemit\u00e9rio Municipal.<\/p>\n<p data-start=\"3828\" data-end=\"4329\"><strong data-start=\"3828\" data-end=\"3846\">Justificativa:<\/strong> A presente solicita\u00e7\u00e3o se faz necess\u00e1ria em raz\u00e3o do alto risco de acidentes no referido trecho, onde j\u00e1 foram registrados casos com v\u00edtimas fatais. Trata-se de uma via com fluxo consider\u00e1vel de ve\u00edculos e, muitas vezes, com excesso de velocidade, o que coloca em risco a seguran\u00e7a de motoristas, ciclistas e pedestres. A implanta\u00e7\u00e3o de um redutor de velocidade contribuir\u00e1 significativamente para a diminui\u00e7\u00e3o dos riscos, promovendo maior seguran\u00e7a no tr\u00e2nsito e preservando vidas.<\/p>\n<p data-start=\"4331\" data-end=\"4572\"><strong data-start=\"4331\" data-end=\"4347\">N\u00ba 093\/2026:<\/strong> De autoria do vereador Lucas Rodrigues de Melo, <strong data-start=\"4396\" data-end=\"4410\">que requer<\/strong> ao Poder Executivo e \u00e0 Secretaria Municipal de Administra\u00e7\u00e3o a contrata\u00e7\u00e3o de um t\u00e9cnico especializado em pavimenta\u00e7\u00e3o e terraplanagem\/recupera\u00e7\u00e3o de estradas.<\/p>\n<p data-start=\"4574\" data-end=\"5067\"><strong data-start=\"4574\" data-end=\"4592\">Justificativa:<\/strong> A presente solicita\u00e7\u00e3o se faz necess\u00e1ria diante da crescente demanda por melhorias na infraestrutura vi\u00e1ria do munic\u00edpio, especialmente no que se refere \u00e0 pavimenta\u00e7\u00e3o urbana e \u00e0 manuten\u00e7\u00e3o e recupera\u00e7\u00e3o das estradas vicinais. A contrata\u00e7\u00e3o de um profissional qualificado contribuir\u00e1 significativamente para a execu\u00e7\u00e3o de servi\u00e7os com maior qualidade t\u00e9cnica, durabilidade e efici\u00eancia, otimizando os recursos p\u00fablicos e garantindo melhores condi\u00e7\u00f5es de tr\u00e1fego \u00e0 popula\u00e7\u00e3o.<\/p>\n<p data-start=\"5069\" data-end=\"5322\"><strong data-start=\"5069\" data-end=\"5085\">N\u00ba 094\/2026:<\/strong> De autoria do vereador Norvandi Angelo da Silva, <strong data-start=\"5135\" data-end=\"5149\">que requer<\/strong> ao Poder Executivo Municipal e \u00e0 Secretaria Municipal de Obras a realiza\u00e7\u00e3o de opera\u00e7\u00e3o tapa-buracos em todo o Setor Recanto Verde, bem como na Rua C\u00f3rrego da \u00c1gua Limpa.<\/p>\n<p data-start=\"5324\" data-end=\"5843\"><strong data-start=\"5324\" data-end=\"5342\">Justificativa:<\/strong> Justifica-se o presente requerimento em raz\u00e3o das m\u00e1s condi\u00e7\u00f5es de trafegabilidade das vias mencionadas, que apresentam grande quantidade de buracos, trazendo riscos \u00e0 seguran\u00e7a de motoristas, motociclistas e pedestres, al\u00e9m de causar preju\u00edzos aos moradores da regi\u00e3o. Ressalta-se que a Rua C\u00f3rrego da \u00c1gua Limpa \u00e9 uma via de importante acesso, sendo amplamente utilizada pela popula\u00e7\u00e3o, o que torna ainda mais urgente a necessidade de manuten\u00e7\u00e3o, assim como em todas as ruas do Setor Recanto Verde.<\/p>\n<p data-start=\"5845\" data-end=\"6205\"><strong data-start=\"5845\" data-end=\"5861\">N\u00ba 095\/2026:<\/strong> De autoria dos vereadores Maur\u00edcio Pereira Mendes, Frederico de Oliveira Santos, Juliana Silveira e S\u00e9rgio Ferreira dos Passos, <strong data-start=\"5990\" data-end=\"6006\">que requerem<\/strong> ao Chefe do Poder Executivo, \u00e0 Secretaria Municipal de Obras e \u00e0 Secretaria Municipal de Infraestrutura a realiza\u00e7\u00e3o de patrolamento e cascalhamento na Rua das Paineiras, no Setor Milton Ferreira.<\/p>\n<p data-start=\"6207\" data-end=\"6616\"><strong data-start=\"6207\" data-end=\"6225\">Justificativa:<\/strong> Justifica-se o presente requerimento em raz\u00e3o das m\u00e1s condi\u00e7\u00f5es da via, que se encontra com irregularidades, dificultando a trafegabilidade e gerando transtornos aos moradores e usu\u00e1rios, especialmente em per\u00edodos chuvosos. Ressalta-se que a presente solicita\u00e7\u00e3o atende a pedidos dos moradores e de todos que trafegam pela referida via, que t\u00eam enfrentado dificuldades constantes de acesso.<\/p>\n<p data-start=\"6618\" data-end=\"6924\"><strong data-start=\"6618\" data-end=\"6634\">N\u00ba 096\/2026:<\/strong> De autoria do vereador Zener de Oliveira Azevedo, <strong data-start=\"6685\" data-end=\"6699\">que requer<\/strong> ao Chefe do Poder Executivo e \u00e0 Secretaria Municipal de Obras a realiza\u00e7\u00e3o, com a m\u00e1xima urg\u00eancia, dos servi\u00e7os de cercamento e ro\u00e7agem na \u00e1rea onde se encontra o Monumento do Cristo Redentor, localizado no Setor Cruzeiro.<\/p>\n<p data-start=\"6926\" data-end=\"7714\"><strong data-start=\"6926\" data-end=\"6944\">Justificativa:<\/strong> O referido local, considerado um importante cart\u00e3o-postal do munic\u00edpio, encontra-se atualmente em condi\u00e7\u00f5es inadequadas de conserva\u00e7\u00e3o, com vegeta\u00e7\u00e3o alta e aus\u00eancia de delimita\u00e7\u00e3o f\u00edsica, o que compromete sua est\u00e9tica, visibilidade e valoriza\u00e7\u00e3o tur\u00edstica. Al\u00e9m disso, o estado da \u00e1rea tem gerado preocupa\u00e7\u00f5es quanto \u00e0 seguran\u00e7a da popula\u00e7\u00e3o, uma vez que o local pode estar sendo utilizado para pr\u00e1ticas indevidas, como ponto de uso de subst\u00e2ncias il\u00edcitas, colocando em risco moradores e visitantes. Dessa forma, a execu\u00e7\u00e3o dos servi\u00e7os de limpeza (ro\u00e7agem) e a implanta\u00e7\u00e3o de cercamento adequado contribuir\u00e3o significativamente para a preserva\u00e7\u00e3o do patrim\u00f4nio p\u00fablico, melhoria da seguran\u00e7a e valoriza\u00e7\u00e3o do espa\u00e7o como ponto tur\u00edstico e de conviv\u00eancia comunit\u00e1ria.<\/p>\n<h3 data-start=\"5836\" data-end=\"5928\"><strong>Siga o Instagram da C\u00e2mara Municipal de Ceres e acompanhe as a\u00e7\u00f5es do Legislativo municipal:\u00a0<a href=\"https:\/\/www.instagram.com\/camaramunicipaldeceres\/\" target=\"_blank\" rel=\"noopener\">clique aqui!<\/a><\/strong><\/h3>\n","protected":false},"excerpt":{"rendered":"<p>A C\u00e2mara Municipal de Ceres realizou, na \u00faltima ter\u00e7a-feira (28), a 4\u00aa Sess\u00e3o Ordin\u00e1ria do m\u00eas de abril de 2026, sob a presid\u00eancia do vereador Juliano Garcia Rosa. Durante a sess\u00e3o, foram discutidas, votadas e aprovadas mat\u00e9rias de interesse da popula\u00e7\u00e3o. Na oportunidade, foram aprovados os seguintes requerimentos: REQUERIMENTOS N\u00ba 089\/2026: De autoria dos vereadores [&hellip;]<\/p>\n","protected":false},"author":1,"featured_media":5707,"comment_status":"open","ping_status":"open","sticky":false,"template":"","format":"standard","meta":{"om_disable_all_campaigns":false,"footnotes":"","jetpack_publicize_message":"","jetpack_publicize_feature_enabled":true,"jetpack_social_post_already_shared":true,"jetpack_social_options":{"image_generator_settings":{"template":"highway","enabled":false}}},"categories":[11,8,5,9],"tags":[532,531,15,624],"jetpack_publicize_connections":[],"jetpack_sharing_enabled":true,"jetpack_featured_media_url":"https:\/\/jornalvalenews.com.br\/wp-content\/uploads\/2026\/04\/WhatsApp-Image-2026-04-29-at-10.06.34.jpeg","_links":{"self":[{"href":"https:\/\/jornalvalenews.com.br\/index.php\/wp-json\/wp\/v2\/posts\/5706"}],"collection":[{"href":"https:\/\/jornalvalenews.com.br\/index.php\/wp-json\/wp\/v2\/posts"}],"about":[{"href":"https:\/\/jornalvalenews.com.br\/index.php\/wp-json\/wp\/v2\/types\/post"}],"author":[{"embeddable":true,"href":"https:\/\/jornalvalenews.com.br\/index.php\/wp-json\/wp\/v2\/users\/1"}],"replies":[{"embeddable":true,"href":"https:\/\/jornalvalenews.com.br\/index.php\/wp-json\/wp\/v2\/comments?post=5706"}],"version-history":[{"count":1,"href":"https:\/\/jornalvalenews.com.br\/index.php\/wp-json\/wp\/v2\/posts\/5706\/revisions"}],"predecessor-version":[{"id":5708,"href":"https:\/\/jornalvalenews.com.br\/index.php\/wp-json\/wp\/v2\/posts\/5706\/revisions\/5708"}],"wp:featuredmedia":[{"embeddable":true,"href":"https:\/\/jornalvalenews.com.br\/index.php\/wp-json\/wp\/v2\/media\/5707"}],"wp:attachment":[{"href":"https:\/\/jornalvalenews.com.br\/index.php\/wp-json\/wp\/v2\/media?parent=5706"}],"wp:term":[{"taxonomy":"category","embeddable":true,"href":"https:\/\/jornalvalenews.com.br\/index.php\/wp-json\/wp\/v2\/categories?post=5706"},{"taxonomy":"post_tag","embeddable":true,"href":"https:\/\/jornalvalenews.com.br\/index.php\/wp-json\/wp\/v2\/tags?post=5706"}],"curies":[{"name":"wp","href":"https:\/\/api.w.org\/{rel}","templated":true}]}}