{"id":5682,"date":"2026-04-28T15:33:11","date_gmt":"2026-04-28T18:33:11","guid":{"rendered":"https:\/\/jornalvalenews.com.br\/?p=5682"},"modified":"2026-04-28T15:33:11","modified_gmt":"2026-04-28T18:33:11","slug":"com-recursos-viabilizados-por-jose-nelto-ceres-recebe-caminhao-e-garante-r-2-milhoes-para-recapeamento-asfaltico","status":"publish","type":"post","link":"https:\/\/jornalvalenews.com.br\/index.php\/2026\/04\/28\/com-recursos-viabilizados-por-jose-nelto-ceres-recebe-caminhao-e-garante-r-2-milhoes-para-recapeamento-asfaltico\/","title":{"rendered":"Com recursos viabilizados por Jos\u00e9 Nelto, Ceres recebe caminh\u00e3o e garante R$ 2 milh\u00f5es para recapeamento asf\u00e1ltico"},"content":{"rendered":"<p data-start=\"303\" data-end=\"541\">\n<p data-start=\"303\" data-end=\"541\"><a href=\"https:\/\/www.instagram.com\/prefeituradeceres\/\" target=\"_blank\" rel=\"noopener\"><img loading=\"lazy\" decoding=\"async\" class=\"alignnone\" src=\"https:\/\/jornalvalenews.com.br\/wp-content\/uploads\/2025\/02\/banner-prefeitura-02.png\" alt=\"\" width=\"2140\" height=\"1783\" \/><\/a><\/p>\n<p data-start=\"303\" data-end=\"541\">\n<p data-start=\"303\" data-end=\"541\">O munic\u00edpio de Ceres recebeu um <strong data-start=\"348\" data-end=\"371\">caminh\u00e3o basculante<\/strong> que passa a integrar a estrutura da Secretaria Municipal de Infraestrutura, Obras e Desenvolvimento Urbano, ampliando a capacidade de atendimento das demandas da cidade.<\/p>\n<p data-start=\"543\" data-end=\"725\">O ve\u00edculo deve atuar diretamente em <strong data-start=\"579\" data-end=\"605\">servi\u00e7os de manuten\u00e7\u00e3o<\/strong>, apoio operacional e melhorias em diferentes \u00e1reas, contribuindo para mais efici\u00eancia nas a\u00e7\u00f5es realizadas diariamente.<\/p>\n<p data-start=\"727\" data-end=\"930\">Durante o an\u00fancio da entrega, tamb\u00e9m foi confirmada a destina\u00e7\u00e3o de <strong data-start=\"795\" data-end=\"811\">R$ 2 milh\u00f5es<\/strong> para <strong data-start=\"817\" data-end=\"843\">recapeamento asf\u00e1ltico<\/strong>, recurso que ser\u00e1 aplicado na recupera\u00e7\u00e3o de vias urbanas e na melhoria da mobilidade.<\/p>\n<p data-start=\"932\" data-end=\"1101\">Os investimentos foram viabilizados pelo deputado federal <span class=\"hover:entity-accent entity-underline inline cursor-pointer align-baseline\"><span class=\"whitespace-normal\">Jos\u00e9 Nelto<\/span><\/span>, atendendo solicita\u00e7\u00e3o do prefeito <span class=\"hover:entity-accent entity-underline inline cursor-pointer align-baseline\"><span class=\"whitespace-normal\">Edm\u00e1rio de Castro Barbosa<\/span><\/span>.<\/p>\n<p data-start=\"1103\" data-end=\"1265\">O recapeamento \u00e9 uma <strong data-start=\"1124\" data-end=\"1146\">demanda importante<\/strong> da popula\u00e7\u00e3o, especialmente em trechos que necessitam de recupera\u00e7\u00e3o e impactam diretamente o dia a dia dos moradores.<\/p>\n<p data-start=\"1103\" data-end=\"1265\"><img loading=\"lazy\" decoding=\"async\" class=\"wp-image-5685 aligncenter\" src=\"https:\/\/jornalvalenews.com.br\/wp-content\/uploads\/2026\/04\/WhatsApp-Image-2026-04-28-at-13.21.01-300x225.jpeg\" alt=\"\" width=\"744\" height=\"558\" srcset=\"https:\/\/jornalvalenews.com.br\/wp-content\/uploads\/2026\/04\/WhatsApp-Image-2026-04-28-at-13.21.01-300x225.jpeg 300w, https:\/\/jornalvalenews.com.br\/wp-content\/uploads\/2026\/04\/WhatsApp-Image-2026-04-28-at-13.21.01-1024x768.jpeg 1024w, https:\/\/jornalvalenews.com.br\/wp-content\/uploads\/2026\/04\/WhatsApp-Image-2026-04-28-at-13.21.01-768x576.jpeg 768w, https:\/\/jornalvalenews.com.br\/wp-content\/uploads\/2026\/04\/WhatsApp-Image-2026-04-28-at-13.21.01-136x102.jpeg 136w, https:\/\/jornalvalenews.com.br\/wp-content\/uploads\/2026\/04\/WhatsApp-Image-2026-04-28-at-13.21.01.jpeg 1280w\" sizes=\"(max-width: 744px) 100vw, 744px\" \/><\/p>\n<p data-start=\"1103\" data-end=\"1265\"><img loading=\"lazy\" decoding=\"async\" class=\"wp-image-5683 aligncenter\" src=\"https:\/\/jornalvalenews.com.br\/wp-content\/uploads\/2026\/04\/WhatsApp-Image-2026-04-28-at-13.20.48-1-300x225.jpeg\" alt=\"\" width=\"744\" height=\"558\" srcset=\"https:\/\/jornalvalenews.com.br\/wp-content\/uploads\/2026\/04\/WhatsApp-Image-2026-04-28-at-13.20.48-1-300x225.jpeg 300w, https:\/\/jornalvalenews.com.br\/wp-content\/uploads\/2026\/04\/WhatsApp-Image-2026-04-28-at-13.20.48-1-1024x768.jpeg 1024w, https:\/\/jornalvalenews.com.br\/wp-content\/uploads\/2026\/04\/WhatsApp-Image-2026-04-28-at-13.20.48-1-768x576.jpeg 768w, https:\/\/jornalvalenews.com.br\/wp-content\/uploads\/2026\/04\/WhatsApp-Image-2026-04-28-at-13.20.48-1-136x102.jpeg 136w, https:\/\/jornalvalenews.com.br\/wp-content\/uploads\/2026\/04\/WhatsApp-Image-2026-04-28-at-13.20.48-1.jpeg 1280w\" sizes=\"(max-width: 744px) 100vw, 744px\" \/><\/p>\n<p data-start=\"1103\" data-end=\"1265\"><img loading=\"lazy\" decoding=\"async\" class=\"wp-image-5684 aligncenter\" src=\"https:\/\/jornalvalenews.com.br\/wp-content\/uploads\/2026\/04\/WhatsApp-Image-2026-04-28-at-13.21.00-300x225.jpeg\" alt=\"\" width=\"743\" height=\"557\" srcset=\"https:\/\/jornalvalenews.com.br\/wp-content\/uploads\/2026\/04\/WhatsApp-Image-2026-04-28-at-13.21.00-300x225.jpeg 300w, https:\/\/jornalvalenews.com.br\/wp-content\/uploads\/2026\/04\/WhatsApp-Image-2026-04-28-at-13.21.00-1024x768.jpeg 1024w, https:\/\/jornalvalenews.com.br\/wp-content\/uploads\/2026\/04\/WhatsApp-Image-2026-04-28-at-13.21.00-768x576.jpeg 768w, https:\/\/jornalvalenews.com.br\/wp-content\/uploads\/2026\/04\/WhatsApp-Image-2026-04-28-at-13.21.00-136x102.jpeg 136w, https:\/\/jornalvalenews.com.br\/wp-content\/uploads\/2026\/04\/WhatsApp-Image-2026-04-28-at-13.21.00.jpeg 1280w\" sizes=\"(max-width: 743px) 100vw, 743px\" \/><\/p>\n","protected":false},"excerpt":{"rendered":"<p>O munic\u00edpio de Ceres recebeu um caminh\u00e3o basculante que passa a integrar a estrutura da Secretaria Municipal de Infraestrutura, Obras e Desenvolvimento Urbano, ampliando a capacidade de atendimento das demandas da cidade. O ve\u00edculo deve atuar diretamente em servi\u00e7os de manuten\u00e7\u00e3o, apoio operacional e melhorias em diferentes \u00e1reas, contribuindo para mais efici\u00eancia nas a\u00e7\u00f5es realizadas [&hellip;]<\/p>\n","protected":false},"author":1,"featured_media":5686,"comment_status":"open","ping_status":"open","sticky":false,"template":"","format":"standard","meta":{"om_disable_all_campaigns":false,"footnotes":"","jetpack_publicize_message":"","jetpack_publicize_feature_enabled":true,"jetpack_social_post_already_shared":true,"jetpack_social_options":{"image_generator_settings":{"template":"highway","enabled":false}}},"categories":[11,8,5,9],"tags":[],"jetpack_publicize_connections":[],"jetpack_sharing_enabled":true,"jetpack_featured_media_url":"https:\/\/jornalvalenews.com.br\/wp-content\/uploads\/2026\/04\/WhatsApp-Image-2026-04-28-at-13.20.54.jpeg","_links":{"self":[{"href":"https:\/\/jornalvalenews.com.br\/index.php\/wp-json\/wp\/v2\/posts\/5682"}],"collection":[{"href":"https:\/\/jornalvalenews.com.br\/index.php\/wp-json\/wp\/v2\/posts"}],"about":[{"href":"https:\/\/jornalvalenews.com.br\/index.php\/wp-json\/wp\/v2\/types\/post"}],"author":[{"embeddable":true,"href":"https:\/\/jornalvalenews.com.br\/index.php\/wp-json\/wp\/v2\/users\/1"}],"replies":[{"embeddable":true,"href":"https:\/\/jornalvalenews.com.br\/index.php\/wp-json\/wp\/v2\/comments?post=5682"}],"version-history":[{"count":1,"href":"https:\/\/jornalvalenews.com.br\/index.php\/wp-json\/wp\/v2\/posts\/5682\/revisions"}],"predecessor-version":[{"id":5687,"href":"https:\/\/jornalvalenews.com.br\/index.php\/wp-json\/wp\/v2\/posts\/5682\/revisions\/5687"}],"wp:featuredmedia":[{"embeddable":true,"href":"https:\/\/jornalvalenews.com.br\/index.php\/wp-json\/wp\/v2\/media\/5686"}],"wp:attachment":[{"href":"https:\/\/jornalvalenews.com.br\/index.php\/wp-json\/wp\/v2\/media?parent=5682"}],"wp:term":[{"taxonomy":"category","embeddable":true,"href":"https:\/\/jornalvalenews.com.br\/index.php\/wp-json\/wp\/v2\/categories?post=5682"},{"taxonomy":"post_tag","embeddable":true,"href":"https:\/\/jornalvalenews.com.br\/index.php\/wp-json\/wp\/v2\/tags?post=5682"}],"curies":[{"name":"wp","href":"https:\/\/api.w.org\/{rel}","templated":true}]}}