{"id":5678,"date":"2026-04-28T15:22:38","date_gmt":"2026-04-28T18:22:38","guid":{"rendered":"https:\/\/jornalvalenews.com.br\/?p=5678"},"modified":"2026-04-28T15:22:38","modified_gmt":"2026-04-28T18:22:38","slug":"secretaria-de-meio-ambiente-de-rialma-realiza-acao-de-limpeza-em-parceria-com-a-kerry-para-combater-dengue-e-chikungunya","status":"publish","type":"post","link":"https:\/\/jornalvalenews.com.br\/index.php\/2026\/04\/28\/secretaria-de-meio-ambiente-de-rialma-realiza-acao-de-limpeza-em-parceria-com-a-kerry-para-combater-dengue-e-chikungunya\/","title":{"rendered":"Secretaria de Meio Ambiente de Rialma realiza a\u00e7\u00e3o de limpeza em parceria com a Kerry para combater dengue e chikungunya"},"content":{"rendered":"<p data-start=\"239\" data-end=\"487\">\n<p data-start=\"239\" data-end=\"487\"><a href=\"https:\/\/www.instagram.com\/prefeituraderialma\/\" target=\"_blank\" rel=\"noopener\"><img loading=\"lazy\" decoding=\"async\" class=\"alignnone\" src=\"https:\/\/jornalvalenews.com.br\/wp-content\/uploads\/2026\/04\/Design-sem-nome-43.png\" alt=\"\" width=\"3500\" height=\"3000\" \/><\/a><\/p>\n<p data-start=\"239\" data-end=\"487\">\n<p data-start=\"239\" data-end=\"487\">A Prefeitura de Rialma, por meio da Secretaria Municipal de Meio Ambiente (SEMMAS), realizou uma a\u00e7\u00e3o de coleta de res\u00edduos em parceria com colaboradores da empresa Kerry, com foco na <strong data-start=\"436\" data-end=\"486\">preven\u00e7\u00e3o de doen\u00e7as como dengue e chikungunya<\/strong>.<\/p>\n<p data-start=\"489\" data-end=\"697\">A iniciativa promoveu o recolhimento adequado de materiais descartados, contribuindo para a <strong data-start=\"581\" data-end=\"631\">elimina\u00e7\u00e3o de poss\u00edveis criadouros do mosquito<\/strong> e para a melhoria das condi\u00e7\u00f5es ambientais em \u00e1reas do munic\u00edpio.<\/p>\n<p data-start=\"699\" data-end=\"889\">A a\u00e7\u00e3o tamb\u00e9m evidencia a import\u00e2ncia da atua\u00e7\u00e3o conjunta entre o poder p\u00fablico e a iniciativa privada, ampliando o alcance de medidas voltadas \u00e0 <strong data-start=\"845\" data-end=\"888\">sa\u00fade p\u00fablica e \u00e0 preserva\u00e7\u00e3o ambiental<\/strong>.<\/p>\n<p data-start=\"891\" data-end=\"1074\">De acordo com a Secretaria, a\u00e7\u00f5es desse tipo s\u00e3o fundamentais para incentivar a <strong data-start=\"971\" data-end=\"1005\">destina\u00e7\u00e3o correta de res\u00edduos<\/strong> e conscientizar a popula\u00e7\u00e3o sobre os impactos do descarte irregular.<\/p>\n<p data-start=\"1076\" data-end=\"1210\">A Prefeitura destaca que seguir\u00e1 desenvolvendo iniciativas voltadas ao cuidado com o meio ambiente e \u00e0 qualidade de vida da popula\u00e7\u00e3o.<\/p>\n<figure id=\"attachment_5679\" aria-describedby=\"caption-attachment-5679\" style=\"width: 751px\" class=\"wp-caption aligncenter\"><img loading=\"lazy\" decoding=\"async\" class=\" wp-image-5679\" src=\"https:\/\/jornalvalenews.com.br\/wp-content\/uploads\/2026\/04\/WhatsApp-Image-2026-04-28-at-15.18.16-1-300x173.jpeg\" alt=\"\" width=\"751\" height=\"433\" srcset=\"https:\/\/jornalvalenews.com.br\/wp-content\/uploads\/2026\/04\/WhatsApp-Image-2026-04-28-at-15.18.16-1-300x173.jpeg 300w, https:\/\/jornalvalenews.com.br\/wp-content\/uploads\/2026\/04\/WhatsApp-Image-2026-04-28-at-15.18.16-1-1024x592.jpeg 1024w, https:\/\/jornalvalenews.com.br\/wp-content\/uploads\/2026\/04\/WhatsApp-Image-2026-04-28-at-15.18.16-1-768x444.jpeg 768w, https:\/\/jornalvalenews.com.br\/wp-content\/uploads\/2026\/04\/WhatsApp-Image-2026-04-28-at-15.18.16-1-1536x888.jpeg 1536w, https:\/\/jornalvalenews.com.br\/wp-content\/uploads\/2026\/04\/WhatsApp-Image-2026-04-28-at-15.18.16-1.jpeg 1920w\" sizes=\"(max-width: 751px) 100vw, 751px\" \/><figcaption id=\"caption-attachment-5679\" class=\"wp-caption-text\">Foto: divulga\u00e7\u00e3o\/Semmas<\/figcaption><\/figure>\n","protected":false},"excerpt":{"rendered":"<p>A Prefeitura de Rialma, por meio da Secretaria Municipal de Meio Ambiente (SEMMAS), realizou uma a\u00e7\u00e3o de coleta de res\u00edduos em parceria com colaboradores da empresa Kerry, com foco na preven\u00e7\u00e3o de doen\u00e7as como dengue e chikungunya. A iniciativa promoveu o recolhimento adequado de materiais descartados, contribuindo para a elimina\u00e7\u00e3o de poss\u00edveis criadouros do mosquito [&hellip;]<\/p>\n","protected":false},"author":1,"featured_media":5680,"comment_status":"open","ping_status":"open","sticky":false,"template":"","format":"standard","meta":{"om_disable_all_campaigns":false,"footnotes":"","jetpack_publicize_message":"","jetpack_publicize_feature_enabled":true,"jetpack_social_post_already_shared":true,"jetpack_social_options":{"image_generator_settings":{"template":"highway","enabled":false}}},"categories":[8,5,12,46,9],"tags":[],"jetpack_publicize_connections":[],"jetpack_sharing_enabled":true,"jetpack_featured_media_url":"https:\/\/jornalvalenews.com.br\/wp-content\/uploads\/2026\/04\/WhatsApp-Image-2026-04-28-at-15.18.16.jpeg","_links":{"self":[{"href":"https:\/\/jornalvalenews.com.br\/index.php\/wp-json\/wp\/v2\/posts\/5678"}],"collection":[{"href":"https:\/\/jornalvalenews.com.br\/index.php\/wp-json\/wp\/v2\/posts"}],"about":[{"href":"https:\/\/jornalvalenews.com.br\/index.php\/wp-json\/wp\/v2\/types\/post"}],"author":[{"embeddable":true,"href":"https:\/\/jornalvalenews.com.br\/index.php\/wp-json\/wp\/v2\/users\/1"}],"replies":[{"embeddable":true,"href":"https:\/\/jornalvalenews.com.br\/index.php\/wp-json\/wp\/v2\/comments?post=5678"}],"version-history":[{"count":1,"href":"https:\/\/jornalvalenews.com.br\/index.php\/wp-json\/wp\/v2\/posts\/5678\/revisions"}],"predecessor-version":[{"id":5681,"href":"https:\/\/jornalvalenews.com.br\/index.php\/wp-json\/wp\/v2\/posts\/5678\/revisions\/5681"}],"wp:featuredmedia":[{"embeddable":true,"href":"https:\/\/jornalvalenews.com.br\/index.php\/wp-json\/wp\/v2\/media\/5680"}],"wp:attachment":[{"href":"https:\/\/jornalvalenews.com.br\/index.php\/wp-json\/wp\/v2\/media?parent=5678"}],"wp:term":[{"taxonomy":"category","embeddable":true,"href":"https:\/\/jornalvalenews.com.br\/index.php\/wp-json\/wp\/v2\/categories?post=5678"},{"taxonomy":"post_tag","embeddable":true,"href":"https:\/\/jornalvalenews.com.br\/index.php\/wp-json\/wp\/v2\/tags?post=5678"}],"curies":[{"name":"wp","href":"https:\/\/api.w.org\/{rel}","templated":true}]}}