{"id":5672,"date":"2026-04-28T10:28:31","date_gmt":"2026-04-28T13:28:31","guid":{"rendered":"https:\/\/jornalvalenews.com.br\/?p=5672"},"modified":"2026-04-28T11:29:18","modified_gmt":"2026-04-28T14:29:18","slug":"motociclista-morre-apos-perder-controle-e-bater-em-carreta-na-br-153-em-nova-gloria","status":"publish","type":"post","link":"https:\/\/jornalvalenews.com.br\/index.php\/2026\/04\/28\/motociclista-morre-apos-perder-controle-e-bater-em-carreta-na-br-153-em-nova-gloria\/","title":{"rendered":"Motociclista morre ap\u00f3s perder controle e bater em carreta na BR-153, em Nova Gl\u00f3ria"},"content":{"rendered":"<section class=\"text-token-text-primary w-full focus:outline-none [--shadow-height:45px] has-data-writing-block:pointer-events-none has-data-writing-block:-mt-(--shadow-height) has-data-writing-block:pt-(--shadow-height) [&amp;:has([data-writing-block])&gt;*]:pointer-events-auto [content-visibility:auto] supports-[content-visibility:auto]:[contain-intrinsic-size:auto_100lvh] R6Vx5W_threadScrollVars scroll-mb-[calc(var(--scroll-root-safe-area-inset-bottom,0px)+var(--thread-response-height))] scroll-mt-[calc(var(--header-height)+min(200px,max(70px,20svh)))]\" dir=\"auto\" data-turn-id=\"request-WEB:e2fa0c4b-b46b-406f-950d-b11d07a9fc66-9\" data-testid=\"conversation-turn-20\" data-scroll-anchor=\"false\" data-turn=\"assistant\">\n<div class=\"text-base my-auto mx-auto pb-10 [--thread-content-margin:var(--thread-content-margin-xs,calc(var(--spacing)*4))] @w-sm\/main:[--thread-content-margin:var(--thread-content-margin-sm,calc(var(--spacing)*6))] @w-lg\/main:[--thread-content-margin:var(--thread-content-margin-lg,calc(var(--spacing)*16))] px-(--thread-content-margin)\">\n<div class=\"[--thread-content-max-width:40rem] @w-lg\/main:[--thread-content-max-width:48rem] mx-auto max-w-(--thread-content-max-width) flex-1 group\/turn-messages focus-visible:outline-hidden relative flex w-full min-w-0 flex-col agent-turn\">\n<div class=\"flex max-w-full flex-col gap-4 grow\">\n<div class=\"min-h-8 text-message relative flex w-full flex-col items-end gap-2 text-start break-words whitespace-normal outline-none keyboard-focused:focus-ring [.text-message+&amp;]:mt-1\" dir=\"auto\" tabindex=\"0\" data-message-author-role=\"assistant\" data-message-id=\"9cfbcf06-18f4-4acf-a066-7e6532817739\" data-message-model-slug=\"gpt-5-3\" data-turn-start-message=\"true\">\n<div class=\"flex w-full flex-col gap-1 empty:hidden\">\n<div class=\"markdown prose dark:prose-invert w-full wrap-break-word light markdown-new-styling\">\n<p data-start=\"81\" data-end=\"210\"><a href=\"https:\/\/api.whatsapp.com\/send?phone=5562998212725&amp;text=Ol%C3%A1,%20gostaria%20de%20falar%20com%20a%20secret%C3%A1ria%20do%20Dr.%20Paulo%20e%20Dra.%20Caroline\" target=\"_blank\" rel=\"noopener\"><img loading=\"lazy\" decoding=\"async\" class=\"alignnone\" src=\"https:\/\/jornalvalenews.com.br\/wp-content\/uploads\/2024\/08\/novo-gif-dr.-paulo.gif\" alt=\"\" width=\"800\" height=\"666\" \/><\/a><\/p>\n<p data-start=\"81\" data-end=\"210\"><strong data-start=\"81\" data-end=\"210\">Um motociclista morreu ap\u00f3s um grave acidente na BR-153, no munic\u00edpio de Nova Gl\u00f3ria, na regi\u00e3o do povoado do Esp\u00edrito Santo.<\/strong><\/p>\n<p data-start=\"212\" data-end=\"469\">O caso aconteceu por volta das <strong data-start=\"243\" data-end=\"272\">2h desta ter\u00e7a-feira (28)<\/strong>, no <strong data-start=\"277\" data-end=\"298\">km 265 da rodovia<\/strong>. De acordo com as informa\u00e7\u00f5es apuradas at\u00e9 o momento, o condutor da motocicleta seguia pela via quando perdeu o controle da dire\u00e7\u00e3o e acabou colidindo contra uma carreta.<\/p>\n<p data-start=\"471\" data-end=\"673\"><strong data-start=\"471\" data-end=\"530\">A din\u00e2mica exata do acidente ainda n\u00e3o foi esclarecida.<\/strong> Equipes de resgate da concession\u00e1ria Ecovias do Araguaia foram acionadas, mas, ao chegarem ao local, <strong data-start=\"632\" data-end=\"673\">a v\u00edtima j\u00e1 estava sem sinais vitais.<\/strong><\/p>\n<p data-start=\"675\" data-end=\"891\" data-is-last-node=\"\" data-is-only-node=\"\">A <span class=\"hover:entity-accent entity-underline inline cursor-pointer align-baseline\"><span class=\"whitespace-normal\">Pol\u00edcia Rodovi\u00e1ria Federal<\/span><\/span> esteve presente na ocorr\u00eancia, realizou os procedimentos necess\u00e1rios e registrou o caso. Ap\u00f3s a libera\u00e7\u00e3o, o corpo foi encaminhado ao <strong data-start=\"849\" data-end=\"890\">Instituto M\u00e9dico Legal (IML) de Ceres<\/strong>.<\/p>\n<\/div>\n<\/div>\n<\/div>\n<\/div>\n<div class=\"mt-3 w-full empty:hidden\">\n<div class=\"text-center\">\n<h3 data-start=\"1286\" data-end=\"1465\"><strong>Veja o v\u00eddeo:\u00a0<a href=\"https:\/\/www.instagram.com\/jornalvalenews\/reel\/DXrb2arkR9w\/\" target=\"_blank\" rel=\"noopener\">clique aqui!<\/a><\/strong><\/h3>\n<h3 data-start=\"2294\" data-end=\"2377\"><strong>Siga o Instagram do @jornalvalenews e fique por dentro das principais not\u00edcias.\u00a0<\/strong><\/h3>\n<\/div>\n<\/div>\n<\/div>\n<\/div>\n<\/section>\n<div class=\"pointer-events-none -mt-px h-px translate-y-[calc(var(--scroll-root-safe-area-inset-bottom)-14*var(--spacing))]\" aria-hidden=\"true\"><\/div>\n","protected":false},"excerpt":{"rendered":"<p>Um motociclista morreu ap\u00f3s um grave acidente na BR-153, no munic\u00edpio de Nova Gl\u00f3ria, na regi\u00e3o do povoado do Esp\u00edrito Santo. O caso aconteceu por volta das 2h desta ter\u00e7a-feira (28), no km 265 da rodovia. De acordo com as informa\u00e7\u00f5es apuradas at\u00e9 o momento, o condutor da motocicleta seguia pela via quando perdeu o [&hellip;]<\/p>\n","protected":false},"author":1,"featured_media":5673,"comment_status":"open","ping_status":"open","sticky":false,"template":"","format":"standard","meta":{"om_disable_all_campaigns":false,"footnotes":"","jetpack_publicize_message":"","jetpack_publicize_feature_enabled":true,"jetpack_social_post_already_shared":true,"jetpack_social_options":{"image_generator_settings":{"template":"highway","enabled":false}}},"categories":[388,8,387,9],"tags":[431,930,929],"jetpack_publicize_connections":[],"jetpack_sharing_enabled":true,"jetpack_featured_media_url":"https:\/\/jornalvalenews.com.br\/wp-content\/uploads\/2026\/04\/676776314_2865076340499481_4154627995158678529_n.jpg","_links":{"self":[{"href":"https:\/\/jornalvalenews.com.br\/index.php\/wp-json\/wp\/v2\/posts\/5672"}],"collection":[{"href":"https:\/\/jornalvalenews.com.br\/index.php\/wp-json\/wp\/v2\/posts"}],"about":[{"href":"https:\/\/jornalvalenews.com.br\/index.php\/wp-json\/wp\/v2\/types\/post"}],"author":[{"embeddable":true,"href":"https:\/\/jornalvalenews.com.br\/index.php\/wp-json\/wp\/v2\/users\/1"}],"replies":[{"embeddable":true,"href":"https:\/\/jornalvalenews.com.br\/index.php\/wp-json\/wp\/v2\/comments?post=5672"}],"version-history":[{"count":3,"href":"https:\/\/jornalvalenews.com.br\/index.php\/wp-json\/wp\/v2\/posts\/5672\/revisions"}],"predecessor-version":[{"id":5677,"href":"https:\/\/jornalvalenews.com.br\/index.php\/wp-json\/wp\/v2\/posts\/5672\/revisions\/5677"}],"wp:featuredmedia":[{"embeddable":true,"href":"https:\/\/jornalvalenews.com.br\/index.php\/wp-json\/wp\/v2\/media\/5673"}],"wp:attachment":[{"href":"https:\/\/jornalvalenews.com.br\/index.php\/wp-json\/wp\/v2\/media?parent=5672"}],"wp:term":[{"taxonomy":"category","embeddable":true,"href":"https:\/\/jornalvalenews.com.br\/index.php\/wp-json\/wp\/v2\/categories?post=5672"},{"taxonomy":"post_tag","embeddable":true,"href":"https:\/\/jornalvalenews.com.br\/index.php\/wp-json\/wp\/v2\/tags?post=5672"}],"curies":[{"name":"wp","href":"https:\/\/api.w.org\/{rel}","templated":true}]}}