{"id":5669,"date":"2026-04-27T20:55:58","date_gmt":"2026-04-27T23:55:58","guid":{"rendered":"https:\/\/jornalvalenews.com.br\/?p=5669"},"modified":"2026-04-27T20:55:58","modified_gmt":"2026-04-27T23:55:58","slug":"prefeitura-de-rialma-prioriza-saude-e-servicos-essenciais-e-avalia-realizacao-da-festa-do-peao","status":"publish","type":"post","link":"https:\/\/jornalvalenews.com.br\/index.php\/2026\/04\/27\/prefeitura-de-rialma-prioriza-saude-e-servicos-essenciais-e-avalia-realizacao-da-festa-do-peao\/","title":{"rendered":"Prefeitura de Rialma prioriza sa\u00fade e servi\u00e7os essenciais e avalia realiza\u00e7\u00e3o da festa do pe\u00e3o"},"content":{"rendered":"<p data-start=\"293\" data-end=\"478\">\n<p data-start=\"293\" data-end=\"478\"><a href=\"https:\/\/www.instagram.com\/prefeituraderialma\/\" target=\"_blank\" rel=\"noopener\"><img loading=\"lazy\" decoding=\"async\" class=\"alignnone\" src=\"https:\/\/jornalvalenews.com.br\/wp-content\/uploads\/2026\/04\/Design-sem-nome-43.png\" alt=\"\" width=\"3500\" height=\"3000\" \/><\/a><\/p>\n<p data-start=\"293\" data-end=\"478\">\n<p data-start=\"293\" data-end=\"478\">O prefeito de Rialma, <span class=\"hover:entity-accent entity-underline inline cursor-pointer align-baseline\"><span class=\"whitespace-normal\">Dr. Lucas Chaves<\/span><\/span>, afirmou nesta segunda-feira (27) que a realiza\u00e7\u00e3o da tradicional festa do pe\u00e3o ainda est\u00e1 em fase de avalia\u00e7\u00e3o.<\/p>\n<p data-start=\"480\" data-end=\"687\">Durante entrevista \u00e0 R\u00e1dio Alian\u00e7a 104,5 FM, o gestor explicou que <strong data-start=\"547\" data-end=\"615\">o momento exige responsabilidade na gest\u00e3o dos recursos p\u00fablicos<\/strong>, diante da queda nos repasses aos munic\u00edpios registrada em todo o pa\u00eds.<\/p>\n<p data-start=\"689\" data-end=\"927\">Segundo ele, <strong data-start=\"702\" data-end=\"763\">a prioridade da administra\u00e7\u00e3o \u00e9 garantir \u00e1reas essenciais<\/strong>, como sa\u00fade, educa\u00e7\u00e3o e o pagamento dos servidores. O prefeito foi direto ao destacar que n\u00e3o \u00e9 poss\u00edvel colocar eventos \u00e0 frente de demandas b\u00e1sicas da popula\u00e7\u00e3o.<\/p>\n<p data-start=\"929\" data-end=\"1120\">Apesar disso, Dr. Lucas Chaves ressaltou que <strong data-start=\"974\" data-end=\"1031\">a festa do pe\u00e3o \u00e9 uma tradi\u00e7\u00e3o importante para Rialma<\/strong> e que existe o interesse da gest\u00e3o em realiz\u00e1-la, desde que haja viabilidade financeira.<\/p>\n<p data-start=\"1122\" data-end=\"1306\">A equipe, inclusive, j\u00e1 mant\u00e9m estudos e algumas agendas pr\u00e9vias, caso o cen\u00e1rio melhore nas pr\u00f3ximas semanas, especialmente com a expectativa de entrada de recursos at\u00e9 o fim de maio.<\/p>\n<p data-start=\"1308\" data-end=\"1481\">Al\u00e9m disso, o prefeito destacou que <strong data-start=\"1344\" data-end=\"1407\">o foco da gest\u00e3o tamb\u00e9m est\u00e1 na entrega de obras relevantes<\/strong>, como a rodovi\u00e1ria e a escola bil\u00edngue, previstas para os pr\u00f3ximos meses.<\/p>\n<p data-start=\"1483\" data-end=\"1647\">A defini\u00e7\u00e3o final sobre a festa deve acontecer com base no equil\u00edbrio das contas p\u00fablicas, mantendo o compromisso com a popula\u00e7\u00e3o e com o planejamento do munic\u00edpio.<\/p>\n<h3 data-start=\"1286\" data-end=\"1465\"><strong>Veja o v\u00eddeo:\u00a0<a href=\"https:\/\/www.instagram.com\/jornalvalenews\/reel\/DXp3oQCkaIp\/\" target=\"_blank\" rel=\"noopener\">clique aqui!<\/a><\/strong><\/h3>\n<h3 data-start=\"2294\" data-end=\"2377\"><strong>Siga o Instagram do @jornalvalenews e fique por dentro das principais not\u00edcias.\u00a0<\/strong><\/h3>\n","protected":false},"excerpt":{"rendered":"<p>O prefeito de Rialma, Dr. Lucas Chaves, afirmou nesta segunda-feira (27) que a realiza\u00e7\u00e3o da tradicional festa do pe\u00e3o ainda est\u00e1 em fase de avalia\u00e7\u00e3o. Durante entrevista \u00e0 R\u00e1dio Alian\u00e7a 104,5 FM, o gestor explicou que o momento exige responsabilidade na gest\u00e3o dos recursos p\u00fablicos, diante da queda nos repasses aos munic\u00edpios registrada em todo [&hellip;]<\/p>\n","protected":false},"author":1,"featured_media":5670,"comment_status":"open","ping_status":"open","sticky":false,"template":"","format":"standard","meta":{"om_disable_all_campaigns":false,"footnotes":"","jetpack_publicize_message":"","jetpack_publicize_feature_enabled":true,"jetpack_social_post_already_shared":true,"jetpack_social_options":{"image_generator_settings":{"template":"highway","enabled":false}}},"categories":[8,5,12,46,9],"tags":[],"jetpack_publicize_connections":[],"jetpack_sharing_enabled":true,"jetpack_featured_media_url":"https:\/\/jornalvalenews.com.br\/wp-content\/uploads\/2026\/04\/Captura-de-Tela-2026-04-27-as-20.49.08.png","_links":{"self":[{"href":"https:\/\/jornalvalenews.com.br\/index.php\/wp-json\/wp\/v2\/posts\/5669"}],"collection":[{"href":"https:\/\/jornalvalenews.com.br\/index.php\/wp-json\/wp\/v2\/posts"}],"about":[{"href":"https:\/\/jornalvalenews.com.br\/index.php\/wp-json\/wp\/v2\/types\/post"}],"author":[{"embeddable":true,"href":"https:\/\/jornalvalenews.com.br\/index.php\/wp-json\/wp\/v2\/users\/1"}],"replies":[{"embeddable":true,"href":"https:\/\/jornalvalenews.com.br\/index.php\/wp-json\/wp\/v2\/comments?post=5669"}],"version-history":[{"count":1,"href":"https:\/\/jornalvalenews.com.br\/index.php\/wp-json\/wp\/v2\/posts\/5669\/revisions"}],"predecessor-version":[{"id":5671,"href":"https:\/\/jornalvalenews.com.br\/index.php\/wp-json\/wp\/v2\/posts\/5669\/revisions\/5671"}],"wp:featuredmedia":[{"embeddable":true,"href":"https:\/\/jornalvalenews.com.br\/index.php\/wp-json\/wp\/v2\/media\/5670"}],"wp:attachment":[{"href":"https:\/\/jornalvalenews.com.br\/index.php\/wp-json\/wp\/v2\/media?parent=5669"}],"wp:term":[{"taxonomy":"category","embeddable":true,"href":"https:\/\/jornalvalenews.com.br\/index.php\/wp-json\/wp\/v2\/categories?post=5669"},{"taxonomy":"post_tag","embeddable":true,"href":"https:\/\/jornalvalenews.com.br\/index.php\/wp-json\/wp\/v2\/tags?post=5669"}],"curies":[{"name":"wp","href":"https:\/\/api.w.org\/{rel}","templated":true}]}}