{"id":5659,"date":"2026-04-27T07:34:59","date_gmt":"2026-04-27T10:34:59","guid":{"rendered":"https:\/\/jornalvalenews.com.br\/?p=5659"},"modified":"2026-04-27T09:35:37","modified_gmt":"2026-04-27T12:35:37","slug":"acao-social-nos-bairros-acontece-hoje-em-rialma-no-setor-sol-nascente-com-diversos-servicos-gratuitos","status":"publish","type":"post","link":"https:\/\/jornalvalenews.com.br\/index.php\/2026\/04\/27\/acao-social-nos-bairros-acontece-hoje-em-rialma-no-setor-sol-nascente-com-diversos-servicos-gratuitos\/","title":{"rendered":"A\u00e7\u00e3o Social nos Bairros acontece hoje em Rialma, no Setor Sol Nascente, com diversos servi\u00e7os gratuitos"},"content":{"rendered":"<p data-start=\"232\" data-end=\"522\"><a href=\"https:\/\/www.instagram.com\/prefeituraderialma\/\" target=\"_blank\" rel=\"noopener\"><img loading=\"lazy\" decoding=\"async\" class=\"alignnone\" src=\"https:\/\/jornalvalenews.com.br\/wp-content\/uploads\/2026\/04\/Design-sem-nome-43.png\" alt=\"\" width=\"3500\" height=\"3000\" \/><\/a><\/p>\n<p data-start=\"232\" data-end=\"522\">A popula\u00e7\u00e3o de Rialma tem um compromisso importante nesta segunda-feira (27). A a\u00e7\u00e3o <strong data-start=\"316\" data-end=\"345\">\u201cA\u00e7\u00e3o Social nos Bairros\u201d<\/strong> ser\u00e1 realizada no <strong data-start=\"364\" data-end=\"386\">Setor Sol Nascente<\/strong>, em frente \u00e0 <strong data-start=\"400\" data-end=\"409\">UBS 5<\/strong>, a partir das <strong data-start=\"424\" data-end=\"431\">13h<\/strong>, oferecendo uma s\u00e9rie de atendimentos e atividades gratuitas voltadas para toda a fam\u00edlia.<\/p>\n<p data-start=\"524\" data-end=\"840\">A iniciativa re\u00fane servi\u00e7os essenciais de assist\u00eancia social e sa\u00fade, al\u00e9m de a\u00e7\u00f5es recreativas. Entre os atendimentos dispon\u00edveis est\u00e3o a <strong data-start=\"663\" data-end=\"708\">inscri\u00e7\u00e3o e atualiza\u00e7\u00e3o do Cadastro \u00danico<\/strong>, inscri\u00e7\u00e3o para o <strong data-start=\"727\" data-end=\"753\">Servi\u00e7o de Conviv\u00eancia<\/strong>, <strong data-start=\"755\" data-end=\"778\">orienta\u00e7\u00e3o jur\u00eddica<\/strong>, <strong data-start=\"780\" data-end=\"804\">coleta de preventivo<\/strong> e realiza\u00e7\u00e3o de <strong data-start=\"821\" data-end=\"839\">testes r\u00e1pidos<\/strong>.<\/p>\n<p data-start=\"842\" data-end=\"1083\">Na \u00e1rea de sa\u00fade, tamb\u00e9m ser\u00e3o oferecidos servi\u00e7os como <strong data-start=\"898\" data-end=\"930\">aferi\u00e7\u00e3o de press\u00e3o arterial<\/strong> e <strong data-start=\"933\" data-end=\"953\">glicemia capilar<\/strong>. J\u00e1 para o p\u00fablico infantil, a programa\u00e7\u00e3o inclui <strong data-start=\"1004\" data-end=\"1021\">cama el\u00e1stica<\/strong>, <strong data-start=\"1023\" data-end=\"1039\">brincadeiras<\/strong>, <strong data-start=\"1041\" data-end=\"1053\">desenhos<\/strong>, al\u00e9m de <strong data-start=\"1063\" data-end=\"1082\">lanche e pipoca<\/strong>.<\/p>\n<p data-start=\"1085\" data-end=\"1224\">Outro destaque da a\u00e7\u00e3o \u00e9 o espa\u00e7o de cuidado pessoal, com atividades como o <strong data-start=\"1161\" data-end=\"1176\">spa dos p\u00e9s<\/strong>, proporcionando bem-estar \u00e0 popula\u00e7\u00e3o atendida.<\/p>\n<p data-start=\"1226\" data-end=\"1349\">A organiza\u00e7\u00e3o orienta que os moradores levem <strong data-start=\"1271\" data-end=\"1294\">documentos pessoais<\/strong> e o <strong data-start=\"1299\" data-end=\"1319\">cart\u00e3o de vacina<\/strong> para facilitar o atendimento.<\/p>\n<p data-start=\"1351\" data-end=\"1573\">A a\u00e7\u00e3o \u00e9 promovida pela <strong data-start=\"1375\" data-end=\"1399\">Prefeitura de Rialma<\/strong>, por meio das secretarias municipais de <strong data-start=\"1440\" data-end=\"1470\">Sa\u00fade e Assist\u00eancia Social<\/strong>, levando servi\u00e7os diretamente aos bairros e ampliando o acesso da popula\u00e7\u00e3o aos atendimentos p\u00fablicos.<\/p>\n","protected":false},"excerpt":{"rendered":"<p>A popula\u00e7\u00e3o de Rialma tem um compromisso importante nesta segunda-feira (27). A a\u00e7\u00e3o \u201cA\u00e7\u00e3o Social nos Bairros\u201d ser\u00e1 realizada no Setor Sol Nascente, em frente \u00e0 UBS 5, a partir das 13h, oferecendo uma s\u00e9rie de atendimentos e atividades gratuitas voltadas para toda a fam\u00edlia. A iniciativa re\u00fane servi\u00e7os essenciais de assist\u00eancia social e sa\u00fade, [&hellip;]<\/p>\n","protected":false},"author":1,"featured_media":5660,"comment_status":"open","ping_status":"open","sticky":false,"template":"","format":"standard","meta":{"om_disable_all_campaigns":false,"footnotes":"","jetpack_publicize_message":"","jetpack_publicize_feature_enabled":true,"jetpack_social_post_already_shared":true,"jetpack_social_options":{"image_generator_settings":{"template":"highway","enabled":false}}},"categories":[8,5,12,46,9],"tags":[],"jetpack_publicize_connections":[],"jetpack_sharing_enabled":true,"jetpack_featured_media_url":"https:\/\/jornalvalenews.com.br\/wp-content\/uploads\/2026\/04\/Inserir-um-titulo-2026-04-27T093249.793.png","_links":{"self":[{"href":"https:\/\/jornalvalenews.com.br\/index.php\/wp-json\/wp\/v2\/posts\/5659"}],"collection":[{"href":"https:\/\/jornalvalenews.com.br\/index.php\/wp-json\/wp\/v2\/posts"}],"about":[{"href":"https:\/\/jornalvalenews.com.br\/index.php\/wp-json\/wp\/v2\/types\/post"}],"author":[{"embeddable":true,"href":"https:\/\/jornalvalenews.com.br\/index.php\/wp-json\/wp\/v2\/users\/1"}],"replies":[{"embeddable":true,"href":"https:\/\/jornalvalenews.com.br\/index.php\/wp-json\/wp\/v2\/comments?post=5659"}],"version-history":[{"count":2,"href":"https:\/\/jornalvalenews.com.br\/index.php\/wp-json\/wp\/v2\/posts\/5659\/revisions"}],"predecessor-version":[{"id":5662,"href":"https:\/\/jornalvalenews.com.br\/index.php\/wp-json\/wp\/v2\/posts\/5659\/revisions\/5662"}],"wp:featuredmedia":[{"embeddable":true,"href":"https:\/\/jornalvalenews.com.br\/index.php\/wp-json\/wp\/v2\/media\/5660"}],"wp:attachment":[{"href":"https:\/\/jornalvalenews.com.br\/index.php\/wp-json\/wp\/v2\/media?parent=5659"}],"wp:term":[{"taxonomy":"category","embeddable":true,"href":"https:\/\/jornalvalenews.com.br\/index.php\/wp-json\/wp\/v2\/categories?post=5659"},{"taxonomy":"post_tag","embeddable":true,"href":"https:\/\/jornalvalenews.com.br\/index.php\/wp-json\/wp\/v2\/tags?post=5659"}],"curies":[{"name":"wp","href":"https:\/\/api.w.org\/{rel}","templated":true}]}}