{"id":5591,"date":"2026-04-01T15:56:16","date_gmt":"2026-04-01T18:56:16","guid":{"rendered":"https:\/\/jornalvalenews.com.br\/?p=5591"},"modified":"2026-04-17T15:57:57","modified_gmt":"2026-04-17T18:57:57","slug":"ceres-promove-corrida-saude-em-movimento-com-percurso-de-5-km-e-caminhada-de-25-km-inscreva-se","status":"publish","type":"post","link":"https:\/\/jornalvalenews.com.br\/index.php\/2026\/04\/01\/ceres-promove-corrida-saude-em-movimento-com-percurso-de-5-km-e-caminhada-de-25-km-inscreva-se\/","title":{"rendered":"Ceres promove corrida \u201cSa\u00fade em Movimento\u201d com percurso de 5 km e caminhada de 2,5 km: inscreva-se"},"content":{"rendered":"<p>A Prefeitura de Ceres, por meio da Secretaria Municipal de Sa\u00fade, promove a corrida \u201cSa\u00fade em Movimento\u201d, evento voltado \u00e0 pr\u00e1tica esportiva, bem-estar e incentivo a h\u00e1bitos saud\u00e1veis na popula\u00e7\u00e3o.<\/p>\n<p>A programa\u00e7\u00e3o conta com duas modalidades: corrida de 5 quil\u00f4metros e caminhada de 2,5 quil\u00f4metros, com categorias masculino e feminino, al\u00e9m de premia\u00e7\u00e3o em dinheiro para os participantes que se destacarem na classifica\u00e7\u00e3o geral.<\/p>\n<p>O evento ser\u00e1 realizado no dia 18 de abril, com largada \u00e0s 7h, na Pra\u00e7a C\u00edvica, em Ceres.<\/p>\n<p>As inscri\u00e7\u00f5es s\u00e3o gratuitas e podem ser feitas de forma online, por meio do link disponibilizado pela organiza\u00e7\u00e3o: \u00a0www.oxyscrono.com.br<\/p>\n<p>De acordo com a organiza\u00e7\u00e3o, a numera\u00e7\u00e3o das camisetas ser\u00e1 definida no ato da inscri\u00e7\u00e3o e n\u00e3o haver\u00e1 troca de tamanho no momento da retirada, sendo necess\u00e1rio que os participantes escolham com aten\u00e7\u00e3o.<\/p>\n<p>A iniciativa busca incentivar a pr\u00e1tica esportiva e promover qualidade de vida, reunindo atletas e comunidade em um momento de integra\u00e7\u00e3o e sa\u00fade.<\/p>\n","protected":false},"excerpt":{"rendered":"<p>A Prefeitura de Ceres, por meio da Secretaria Municipal de Sa\u00fade, promove a corrida \u201cSa\u00fade em Movimento\u201d, evento voltado \u00e0 pr\u00e1tica esportiva, bem-estar e incentivo a h\u00e1bitos saud\u00e1veis na popula\u00e7\u00e3o. A programa\u00e7\u00e3o conta com duas modalidades: corrida de 5 quil\u00f4metros e caminhada de 2,5 quil\u00f4metros, com categorias masculino e feminino, al\u00e9m de premia\u00e7\u00e3o em dinheiro [&hellip;]<\/p>\n","protected":false},"author":1,"featured_media":5592,"comment_status":"open","ping_status":"open","sticky":false,"template":"","format":"standard","meta":{"om_disable_all_campaigns":false,"footnotes":"","jetpack_publicize_message":"","jetpack_publicize_feature_enabled":true,"jetpack_social_post_already_shared":true,"jetpack_social_options":{"image_generator_settings":{"template":"highway","enabled":false}}},"categories":[11,8,5,46,9],"tags":[],"jetpack_publicize_connections":[],"jetpack_sharing_enabled":true,"jetpack_featured_media_url":"https:\/\/jornalvalenews.com.br\/wp-content\/uploads\/2026\/04\/Inserir-um-titulo-2026-04-17T155732.834.png","_links":{"self":[{"href":"https:\/\/jornalvalenews.com.br\/index.php\/wp-json\/wp\/v2\/posts\/5591"}],"collection":[{"href":"https:\/\/jornalvalenews.com.br\/index.php\/wp-json\/wp\/v2\/posts"}],"about":[{"href":"https:\/\/jornalvalenews.com.br\/index.php\/wp-json\/wp\/v2\/types\/post"}],"author":[{"embeddable":true,"href":"https:\/\/jornalvalenews.com.br\/index.php\/wp-json\/wp\/v2\/users\/1"}],"replies":[{"embeddable":true,"href":"https:\/\/jornalvalenews.com.br\/index.php\/wp-json\/wp\/v2\/comments?post=5591"}],"version-history":[{"count":1,"href":"https:\/\/jornalvalenews.com.br\/index.php\/wp-json\/wp\/v2\/posts\/5591\/revisions"}],"predecessor-version":[{"id":5593,"href":"https:\/\/jornalvalenews.com.br\/index.php\/wp-json\/wp\/v2\/posts\/5591\/revisions\/5593"}],"wp:featuredmedia":[{"embeddable":true,"href":"https:\/\/jornalvalenews.com.br\/index.php\/wp-json\/wp\/v2\/media\/5592"}],"wp:attachment":[{"href":"https:\/\/jornalvalenews.com.br\/index.php\/wp-json\/wp\/v2\/media?parent=5591"}],"wp:term":[{"taxonomy":"category","embeddable":true,"href":"https:\/\/jornalvalenews.com.br\/index.php\/wp-json\/wp\/v2\/categories?post=5591"},{"taxonomy":"post_tag","embeddable":true,"href":"https:\/\/jornalvalenews.com.br\/index.php\/wp-json\/wp\/v2\/tags?post=5591"}],"curies":[{"name":"wp","href":"https:\/\/api.w.org\/{rel}","templated":true}]}}