{"id":5372,"date":"2026-03-17T18:22:19","date_gmt":"2026-03-17T21:22:19","guid":{"rendered":"https:\/\/jornalvalenews.com.br\/?p=5372"},"modified":"2026-03-17T18:23:24","modified_gmt":"2026-03-17T21:23:24","slug":"rialma-promove-evento-mulher-empreendedora-e-destaca-coragem-e-protagonismo-feminino-com-palestra-da-dra-luciana-darrot","status":"publish","type":"post","link":"https:\/\/jornalvalenews.com.br\/index.php\/2026\/03\/17\/rialma-promove-evento-mulher-empreendedora-e-destaca-coragem-e-protagonismo-feminino-com-palestra-da-dra-luciana-darrot\/","title":{"rendered":"Rialma promove evento \u201cMulher Empreendedora\u201d e destaca coragem e protagonismo feminino com palestra da Dra. Luciana Darrot"},"content":{"rendered":"<p data-start=\"417\" data-end=\"650\">O evento <strong data-start=\"426\" data-end=\"452\">\u201cMulher Empreendedora\u201d<\/strong>, realizado na noite de <strong data-start=\"476\" data-end=\"498\">segunda-feira (16)<\/strong>, no audit\u00f3rio da Prefeitura de Rialma, reuniu mulheres do munic\u00edpio em um momento de inspira\u00e7\u00e3o, aprendizado e fortalecimento do protagonismo feminino.<\/p>\n<p data-start=\"652\" data-end=\"930\">A iniciativa foi promovida pela <strong data-start=\"684\" data-end=\"764\">Prefeitura de Rialma, por meio da Secretaria Municipal de Assist\u00eancia Social<\/strong>, sob coordena\u00e7\u00e3o da secret\u00e1ria e primeira-dama <strong data-start=\"812\" data-end=\"832\">Dra. Aline Gomes<\/strong>, que tem desenvolvido a\u00e7\u00f5es voltadas \u00e0 valoriza\u00e7\u00e3o e ao fortalecimento das mulheres no munic\u00edpio.<\/p>\n<p data-start=\"932\" data-end=\"1114\">Durante entrevista ao <strong data-start=\"954\" data-end=\"974\">Jornal Vale News<\/strong>, Dra. Aline destacou que a proposta do encontro nasceu do desejo de promover reconhecimento, incentivo e uni\u00e3o entre as mulheres da cidade.<\/p>\n<p data-start=\"1116\" data-end=\"1545\">\u201cA proposta da Assist\u00eancia Social \u00e9 valorizar a mulher e fortalecer seu papel dentro da sociedade. Por isso, entendemos ser extremamente importante trazer uma inspira\u00e7\u00e3o como a Dra. Luciana, que representa uma trajet\u00f3ria de coragem, trabalho e supera\u00e7\u00e3o. O objetivo foi justamente incentivar as mulheres de Rialma a acreditarem no pr\u00f3prio potencial e compreenderem que, juntas, podem crescer e conquistar novos espa\u00e7os\u201d, afirmou.<\/p>\n<p data-start=\"1116\" data-end=\"1545\"><img loading=\"lazy\" decoding=\"async\" class=\"wp-image-5374 aligncenter\" src=\"https:\/\/jornalvalenews.com.br\/wp-content\/uploads\/2026\/03\/IMG_7738-300x225.jpg\" alt=\"\" width=\"850\" height=\"637\" srcset=\"https:\/\/jornalvalenews.com.br\/wp-content\/uploads\/2026\/03\/IMG_7738-300x225.jpg 300w, https:\/\/jornalvalenews.com.br\/wp-content\/uploads\/2026\/03\/IMG_7738-1024x768.jpg 1024w, https:\/\/jornalvalenews.com.br\/wp-content\/uploads\/2026\/03\/IMG_7738-768x576.jpg 768w, https:\/\/jornalvalenews.com.br\/wp-content\/uploads\/2026\/03\/IMG_7738-1536x1152.jpg 1536w, https:\/\/jornalvalenews.com.br\/wp-content\/uploads\/2026\/03\/IMG_7738-2048x1536.jpg 2048w, https:\/\/jornalvalenews.com.br\/wp-content\/uploads\/2026\/03\/IMG_7738-136x102.jpg 136w\" sizes=\"(max-width: 850px) 100vw, 850px\" \/><\/p>\n<p data-start=\"1547\" data-end=\"1803\">A programa\u00e7\u00e3o contou com uma <strong data-start=\"1576\" data-end=\"1624\">palestra ministrada pela Dra. Luciana Darrot<\/strong>, convidada especial do evento, que compartilhou reflex\u00f5es sobre empreendedorismo feminino, desafios da jornada empresarial e a import\u00e2ncia da coragem para iniciar novos caminhos.<\/p>\n<p data-start=\"1805\" data-end=\"2239\">Durante a apresenta\u00e7\u00e3o, Dra. Luciana tamb\u00e9m relatou parte de sua <strong data-start=\"1870\" data-end=\"1941\">trajet\u00f3ria de vida e da hist\u00f3ria de sua fam\u00edlia no empreendedorismo<\/strong>, destacando experi\u00eancias constru\u00eddas ao longo dos anos em diferentes \u00e1reas de atua\u00e7\u00e3o. Atualmente, ela desenvolve atividades no <strong data-start=\"2070\" data-end=\"2154\">ramo da sa\u00fade, no com\u00e9rcio com lojas de vestu\u00e1rio e tamb\u00e9m no setor agropecu\u00e1rio<\/strong>, consolidando uma trajet\u00f3ria marcada pela dedica\u00e7\u00e3o e pela iniciativa empreendedora.<\/p>\n<p data-start=\"2241\" data-end=\"2428\">Em sua fala, a palestrante ressaltou que empreender exige determina\u00e7\u00e3o, mas pode transformar realidades e abrir caminhos para mudan\u00e7as importantes na vida das mulheres e de suas fam\u00edlias.<\/p>\n<p data-start=\"2430\" data-end=\"2679\">\u201cEmpreender n\u00e3o \u00e9 f\u00e1cil, mas o objetivo desta palestra foi despertar coragem em cada mulher presente. Mostrar que existe uma for\u00e7a interior capaz de dar o primeiro passo para transformar a pr\u00f3pria hist\u00f3ria e construir novas oportunidades\u201d, destacou.<\/p>\n<p data-start=\"2681\" data-end=\"2805\">Ao final, Dra. Luciana deixou uma mensagem de incentivo \u00e0s participantes, refor\u00e7ando a import\u00e2ncia de acreditar em si mesma.<\/p>\n<p data-start=\"2807\" data-end=\"3116\">\u201cEu gostaria que essa fala pudesse plantar uma sementinha em cada mulher que esteve aqui. Uma sementinha que diga: eu posso, eu sou capaz, eu tenho coragem. Mesmo sabendo que posso enfrentar desafios ou cometer erros no caminho, decidir empreender pode transformar a vida da pessoa e da sua fam\u00edlia\u201d, afirmou.<\/p>\n<p data-start=\"2807\" data-end=\"3116\"><img loading=\"lazy\" decoding=\"async\" class=\"wp-image-5373 aligncenter\" src=\"https:\/\/jornalvalenews.com.br\/wp-content\/uploads\/2026\/03\/IMG_7731-300x225.jpg\" alt=\"\" width=\"850\" height=\"637\" srcset=\"https:\/\/jornalvalenews.com.br\/wp-content\/uploads\/2026\/03\/IMG_7731-300x225.jpg 300w, https:\/\/jornalvalenews.com.br\/wp-content\/uploads\/2026\/03\/IMG_7731-1024x768.jpg 1024w, https:\/\/jornalvalenews.com.br\/wp-content\/uploads\/2026\/03\/IMG_7731-768x576.jpg 768w, https:\/\/jornalvalenews.com.br\/wp-content\/uploads\/2026\/03\/IMG_7731-1536x1152.jpg 1536w, https:\/\/jornalvalenews.com.br\/wp-content\/uploads\/2026\/03\/IMG_7731-2048x1536.jpg 2048w, https:\/\/jornalvalenews.com.br\/wp-content\/uploads\/2026\/03\/IMG_7731-136x102.jpg 136w\" sizes=\"(max-width: 850px) 100vw, 850px\" \/><\/p>\n<p data-start=\"3118\" data-end=\"3350\">O evento demonstra o compromisso da gest\u00e3o municipal em <strong data-start=\"3173\" data-end=\"3279\">promover iniciativas que incentivem o crescimento pessoal, a autonomia e o fortalecimento das mulheres<\/strong>, contribuindo para o desenvolvimento social e econ\u00f4mico da comunidade.<\/p>\n<h3 data-start=\"1143\" data-end=\"1245\">Veja o v\u00eddeo:\u00a0<a href=\"https:\/\/www.instagram.com\/jornalvalenews\/reel\/DWAAM4vEYQ9\/\" target=\"_blank\" rel=\"noopener\">clique aqui!<\/a><\/h3>\n<h3 data-start=\"2294\" data-end=\"2377\"><strong>Siga o Instagram do @jornalvalenews e fique por dentro das principais not\u00edcias.\u00a0<\/strong><\/h3>\n","protected":false},"excerpt":{"rendered":"<p>O evento \u201cMulher Empreendedora\u201d, realizado na noite de segunda-feira (16), no audit\u00f3rio da Prefeitura de Rialma, reuniu mulheres do munic\u00edpio em um momento de inspira\u00e7\u00e3o, aprendizado e fortalecimento do protagonismo feminino. A iniciativa foi promovida pela Prefeitura de Rialma, por meio da Secretaria Municipal de Assist\u00eancia Social, sob coordena\u00e7\u00e3o da secret\u00e1ria e primeira-dama Dra. Aline [&hellip;]<\/p>\n","protected":false},"author":1,"featured_media":5375,"comment_status":"open","ping_status":"open","sticky":false,"template":"","format":"standard","meta":{"om_disable_all_campaigns":false,"footnotes":"","jetpack_publicize_message":"","jetpack_publicize_feature_enabled":true,"jetpack_social_post_already_shared":true,"jetpack_social_options":{"image_generator_settings":{"template":"highway","enabled":false}}},"categories":[8,5,12,9],"tags":[243,711,886,56,34],"jetpack_publicize_connections":[],"jetpack_sharing_enabled":true,"jetpack_featured_media_url":"https:\/\/jornalvalenews.com.br\/wp-content\/uploads\/2026\/03\/IMG_7747-scaled.jpg","_links":{"self":[{"href":"https:\/\/jornalvalenews.com.br\/index.php\/wp-json\/wp\/v2\/posts\/5372"}],"collection":[{"href":"https:\/\/jornalvalenews.com.br\/index.php\/wp-json\/wp\/v2\/posts"}],"about":[{"href":"https:\/\/jornalvalenews.com.br\/index.php\/wp-json\/wp\/v2\/types\/post"}],"author":[{"embeddable":true,"href":"https:\/\/jornalvalenews.com.br\/index.php\/wp-json\/wp\/v2\/users\/1"}],"replies":[{"embeddable":true,"href":"https:\/\/jornalvalenews.com.br\/index.php\/wp-json\/wp\/v2\/comments?post=5372"}],"version-history":[{"count":2,"href":"https:\/\/jornalvalenews.com.br\/index.php\/wp-json\/wp\/v2\/posts\/5372\/revisions"}],"predecessor-version":[{"id":5377,"href":"https:\/\/jornalvalenews.com.br\/index.php\/wp-json\/wp\/v2\/posts\/5372\/revisions\/5377"}],"wp:featuredmedia":[{"embeddable":true,"href":"https:\/\/jornalvalenews.com.br\/index.php\/wp-json\/wp\/v2\/media\/5375"}],"wp:attachment":[{"href":"https:\/\/jornalvalenews.com.br\/index.php\/wp-json\/wp\/v2\/media?parent=5372"}],"wp:term":[{"taxonomy":"category","embeddable":true,"href":"https:\/\/jornalvalenews.com.br\/index.php\/wp-json\/wp\/v2\/categories?post=5372"},{"taxonomy":"post_tag","embeddable":true,"href":"https:\/\/jornalvalenews.com.br\/index.php\/wp-json\/wp\/v2\/tags?post=5372"}],"curies":[{"name":"wp","href":"https:\/\/api.w.org\/{rel}","templated":true}]}}