{"id":5368,"date":"2026-03-12T16:40:19","date_gmt":"2026-03-12T19:40:19","guid":{"rendered":"https:\/\/jornalvalenews.com.br\/?p=5368"},"modified":"2026-03-12T17:38:45","modified_gmt":"2026-03-12T20:38:45","slug":"mae-quebra-o-silencio-um-mes-apos-tragedia-em-itumbiara-e-desabafa-sobre-morte-dos-filhos-veja-o-video","status":"publish","type":"post","link":"https:\/\/jornalvalenews.com.br\/index.php\/2026\/03\/12\/mae-quebra-o-silencio-um-mes-apos-tragedia-em-itumbiara-e-desabafa-sobre-morte-dos-filhos-veja-o-video\/","title":{"rendered":"M\u00e3e quebra o sil\u00eancio um m\u00eas ap\u00f3s trag\u00e9dia em Itumbiara e desabafa sobre morte dos filhos (veja o v\u00eddeo)"},"content":{"rendered":"<p data-start=\"321\" data-end=\"536\"><a href=\"https:\/\/api.whatsapp.com\/send?phone=5562998212725&amp;text=Ol%C3%A1,%20gostaria%20de%20falar%20com%20a%20secret%C3%A1ria%20do%20Dr.%20Paulo%20e%20Dra.%20Caroline\" target=\"_blank\" rel=\"noopener\"><img loading=\"lazy\" decoding=\"async\" class=\"alignnone\" src=\"https:\/\/jornalvalenews.com.br\/wp-content\/uploads\/2024\/08\/novo-gif-dr.-paulo.gif\" alt=\"\" width=\"800\" height=\"666\" \/><\/a><\/p>\n<p data-start=\"321\" data-end=\"536\">A m\u00e3e dos irm\u00e3os <strong data-start=\"338\" data-end=\"407\">Miguel Ara\u00fajo Machado, de 12 anos, e Ben\u00edcio Ara\u00fajo Machado, de 8<\/strong>, mortos pelo pr\u00f3prio pai em Itumbiara, falou pela primeira vez sobre a trag\u00e9dia que abalou a cidade e repercutiu em todo o pa\u00eds.<\/p>\n<p data-start=\"538\" data-end=\"719\">Em entrevista \u00e0 <strong data-start=\"554\" data-end=\"571\">TV Anhanguera<\/strong>, cuja reportagem \u00e9 utilizada neste conte\u00fado, <strong data-start=\"617\" data-end=\"633\">Sarah Ara\u00fajo<\/strong> afirmou que ainda n\u00e3o consegue acreditar no que aconteceu, mesmo um m\u00eas ap\u00f3s o crime.<\/p>\n<p data-start=\"721\" data-end=\"880\">\u201cAt\u00e9 hoje n\u00e3o consigo acreditar. \u00c9 muito dif\u00edcil olhar as fotos, os v\u00eddeos, e eles n\u00e3o estarem aqui. Eu n\u00e3o me conformo, ainda mais pela forma que foi\u201d, disse.<\/p>\n<p data-start=\"882\" data-end=\"1143\">O crime ocorreu <strong data-start=\"898\" data-end=\"924\">no dia 11 de fevereiro<\/strong>, na casa da fam\u00edlia, em Itumbiara. De acordo com a pol\u00edcia, <strong data-start=\"985\" data-end=\"1003\">Thales Machado<\/strong>, ent\u00e3o secret\u00e1rio municipal e pai das crian\u00e7as, <strong data-start=\"1052\" data-end=\"1142\">atirou contra os dois filhos enquanto eles dormiam e, em seguida, tirou a pr\u00f3pria vida<\/strong>.<\/p>\n<p data-start=\"1145\" data-end=\"1409\">Miguel, de 12 anos, chegou a ser socorrido, mas morreu ainda na madrugada do dia 11. J\u00e1 <strong data-start=\"1233\" data-end=\"1255\">Ben\u00edcio, de 8 anos<\/strong>, foi internado em estado grav\u00edssimo na <strong data-start=\"1295\" data-end=\"1336\">UTI do Hospital Estadual de Itumbiara<\/strong>, mas n\u00e3o resistiu e morreu dois dias depois, <strong data-start=\"1382\" data-end=\"1408\">no dia 13 de fevereiro<\/strong>.<\/p>\n<p data-start=\"1411\" data-end=\"1645\">Durante a entrevista, Sarah tamb\u00e9m agradeceu as manifesta\u00e7\u00f5es de solidariedade que tem recebido desde a trag\u00e9dia. Um grupo formado por <strong data-start=\"1546\" data-end=\"1585\">mais de 300 mulheres de todo o pa\u00eds<\/strong> enviou a ela um buqu\u00ea de rosas brancas como gesto de apoio.<\/p>\n<p data-start=\"1647\" data-end=\"1773\">\u201cQuero agradecer a todas elas. Eu sinto muito o carinho, a solidariedade e as ora\u00e7\u00f5es. Esse apoio tem me sustentado\u201d, afirmou.<\/p>\n<p data-start=\"1775\" data-end=\"1951\">A trag\u00e9dia gerou grande como\u00e7\u00e3o em Itumbiara e repercutiu nacionalmente. Familiares, amigos e moradores da cidade prestaram diversas homenagens \u00e0s crian\u00e7as nas \u00faltimas semanas.<\/p>\n<p data-start=\"1953\" data-end=\"1993\">\ud83d\udcf9 <strong data-start=\"1956\" data-end=\"1993\">V\u00eddeo: reprodu\u00e7\u00e3o \/ TV Anhanguera<\/strong><\/p>\n<h3 data-start=\"1143\" data-end=\"1245\">Veja o v\u00eddeo:\u00a0<a href=\"https:\/\/www.instagram.com\/jornalvalenews\/reel\/DVy_xlHka0u\/\" target=\"_blank\" rel=\"noopener\">clique aqui!<\/a><\/h3>\n<h3 data-start=\"2294\" data-end=\"2377\"><strong>Siga o Instagram do @jornalvalenews e fique por dentro das principais not\u00edcias.\u00a0<\/strong><\/h3>\n","protected":false},"excerpt":{"rendered":"<p>A m\u00e3e dos irm\u00e3os Miguel Ara\u00fajo Machado, de 12 anos, e Ben\u00edcio Ara\u00fajo Machado, de 8, mortos pelo pr\u00f3prio pai em Itumbiara, falou pela primeira vez sobre a trag\u00e9dia que abalou a cidade e repercutiu em todo o pa\u00eds. Em entrevista \u00e0 TV Anhanguera, cuja reportagem \u00e9 utilizada neste conte\u00fado, Sarah Ara\u00fajo afirmou que ainda [&hellip;]<\/p>\n","protected":false},"author":1,"featured_media":5369,"comment_status":"open","ping_status":"open","sticky":false,"template":"","format":"standard","meta":{"om_disable_all_campaigns":false,"footnotes":"","jetpack_publicize_message":"","jetpack_publicize_feature_enabled":true,"jetpack_social_post_already_shared":true,"jetpack_social_options":{"image_generator_settings":{"template":"highway","enabled":false}}},"categories":[7,8],"tags":[848,885,884,877],"jetpack_publicize_connections":[],"jetpack_sharing_enabled":true,"jetpack_featured_media_url":"https:\/\/jornalvalenews.com.br\/wp-content\/uploads\/2026\/03\/Captura-de-Tela-2026-03-12-as-16.38.44.png","_links":{"self":[{"href":"https:\/\/jornalvalenews.com.br\/index.php\/wp-json\/wp\/v2\/posts\/5368"}],"collection":[{"href":"https:\/\/jornalvalenews.com.br\/index.php\/wp-json\/wp\/v2\/posts"}],"about":[{"href":"https:\/\/jornalvalenews.com.br\/index.php\/wp-json\/wp\/v2\/types\/post"}],"author":[{"embeddable":true,"href":"https:\/\/jornalvalenews.com.br\/index.php\/wp-json\/wp\/v2\/users\/1"}],"replies":[{"embeddable":true,"href":"https:\/\/jornalvalenews.com.br\/index.php\/wp-json\/wp\/v2\/comments?post=5368"}],"version-history":[{"count":2,"href":"https:\/\/jornalvalenews.com.br\/index.php\/wp-json\/wp\/v2\/posts\/5368\/revisions"}],"predecessor-version":[{"id":5371,"href":"https:\/\/jornalvalenews.com.br\/index.php\/wp-json\/wp\/v2\/posts\/5368\/revisions\/5371"}],"wp:featuredmedia":[{"embeddable":true,"href":"https:\/\/jornalvalenews.com.br\/index.php\/wp-json\/wp\/v2\/media\/5369"}],"wp:attachment":[{"href":"https:\/\/jornalvalenews.com.br\/index.php\/wp-json\/wp\/v2\/media?parent=5368"}],"wp:term":[{"taxonomy":"category","embeddable":true,"href":"https:\/\/jornalvalenews.com.br\/index.php\/wp-json\/wp\/v2\/categories?post=5368"},{"taxonomy":"post_tag","embeddable":true,"href":"https:\/\/jornalvalenews.com.br\/index.php\/wp-json\/wp\/v2\/tags?post=5368"}],"curies":[{"name":"wp","href":"https:\/\/api.w.org\/{rel}","templated":true}]}}