{"id":5362,"date":"2026-03-10T15:04:16","date_gmt":"2026-03-10T18:04:16","guid":{"rendered":"https:\/\/jornalvalenews.com.br\/?p=5362"},"modified":"2026-03-11T21:08:56","modified_gmt":"2026-03-12T00:08:56","slug":"prefeitura-de-rialma-realiza-acao-do-marco-lilas-com-atendimentos-gratuitos-voltados-a-saude-da-mulher-nesta-quinta-feira-12","status":"publish","type":"post","link":"https:\/\/jornalvalenews.com.br\/index.php\/2026\/03\/10\/prefeitura-de-rialma-realiza-acao-do-marco-lilas-com-atendimentos-gratuitos-voltados-a-saude-da-mulher-nesta-quinta-feira-12\/","title":{"rendered":"Prefeitura de Rialma realiza a\u00e7\u00e3o do \u201cMar\u00e7o Lil\u00e1s\u201d com atendimentos gratuitos voltados \u00e0 sa\u00fade da mulher nesta quinta-feira (12)"},"content":{"rendered":"<p data-start=\"318\" data-end=\"508\">A Prefeitura de Rialma, por meio da <strong data-start=\"354\" data-end=\"387\">Secretaria Municipal de Sa\u00fade<\/strong>, realizar\u00e1 nesta <strong data-start=\"405\" data-end=\"434\">quinta-feira, 12 de mar\u00e7o<\/strong>, uma a\u00e7\u00e3o especial voltada \u00e0 promo\u00e7\u00e3o e ao cuidado com a sa\u00fade da mulher.<\/p>\n<p data-start=\"510\" data-end=\"652\">A iniciativa faz parte da campanha <strong data-start=\"545\" data-end=\"560\">Mar\u00e7o Lil\u00e1s<\/strong>, movimento dedicado \u00e0 conscientiza\u00e7\u00e3o e preven\u00e7\u00e3o de doen\u00e7as que afetam o p\u00fablico feminino.<\/p>\n<p data-start=\"654\" data-end=\"861\">A programa\u00e7\u00e3o acontecer\u00e1 <strong data-start=\"679\" data-end=\"698\">a partir das 8h<\/strong>, na <strong data-start=\"703\" data-end=\"745\">Unidade B\u00e1sica de Sa\u00fade UBS 1 \u2013 Centro<\/strong>, onde ser\u00e3o oferecidos diversos atendimentos gratuitos voltados \u00e0 preven\u00e7\u00e3o e ao acompanhamento da sa\u00fade da mulher.<\/p>\n<p data-start=\"863\" data-end=\"911\">Entre os servi\u00e7os que estar\u00e3o dispon\u00edveis est\u00e3o:<\/p>\n<ul data-start=\"913\" data-end=\"1056\">\n<li data-section-id=\"1pj7vxj\" data-start=\"913\" data-end=\"937\">\n<p data-start=\"915\" data-end=\"937\">coleta de preventivo<\/p>\n<\/li>\n<li data-section-id=\"1w67g53\" data-start=\"938\" data-end=\"965\">\n<p data-start=\"940\" data-end=\"965\">consultas odontol\u00f3gicas<\/p>\n<\/li>\n<li data-section-id=\"15qko8j\" data-start=\"966\" data-end=\"997\">\n<p data-start=\"968\" data-end=\"997\">consultas com cl\u00ednico geral<\/p>\n<\/li>\n<li data-section-id=\"zqa5kf\" data-start=\"998\" data-end=\"1025\">\n<p data-start=\"1000\" data-end=\"1025\">consultas ginecol\u00f3gicas<\/p>\n<\/li>\n<li data-section-id=\"1mrkkii\" data-start=\"1026\" data-end=\"1044\">\n<p data-start=\"1028\" data-end=\"1044\">testes r\u00e1pidos<\/p>\n<\/li>\n<li data-section-id=\"638vpt\" data-start=\"1045\" data-end=\"1056\">\n<p data-start=\"1047\" data-end=\"1056\">vacina\u00e7\u00e3o<\/p>\n<\/li>\n<\/ul>\n<p data-start=\"1058\" data-end=\"1204\">De acordo com a Secretaria Municipal de Sa\u00fade, a a\u00e7\u00e3o busca incentivar o cuidado preventivo e ampliar o acesso das mulheres aos servi\u00e7os de sa\u00fade.<\/p>\n<p data-start=\"1206\" data-end=\"1320\">A orienta\u00e7\u00e3o \u00e9 para que as mulheres do munic\u00edpio participem da atividade e aproveitem os atendimentos dispon\u00edveis.<\/p>\n<p data-start=\"1322\" data-end=\"1413\">\ud83d\udcc5 <strong data-start=\"1325\" data-end=\"1334\">Data:<\/strong> 12 de mar\u00e7o (quinta-feira)<br data-start=\"1361\" data-end=\"1364\" \/>\ud83d\udd57 <strong data-start=\"1367\" data-end=\"1379\">Hor\u00e1rio:<\/strong> 8h<br data-start=\"1382\" data-end=\"1385\" \/>\ud83d\udccd <strong data-start=\"1388\" data-end=\"1398\">Local:<\/strong> UBS 1 \u2013 Centro<\/p>\n","protected":false},"excerpt":{"rendered":"<p>A Prefeitura de Rialma, por meio da Secretaria Municipal de Sa\u00fade, realizar\u00e1 nesta quinta-feira, 12 de mar\u00e7o, uma a\u00e7\u00e3o especial voltada \u00e0 promo\u00e7\u00e3o e ao cuidado com a sa\u00fade da mulher. A iniciativa faz parte da campanha Mar\u00e7o Lil\u00e1s, movimento dedicado \u00e0 conscientiza\u00e7\u00e3o e preven\u00e7\u00e3o de doen\u00e7as que afetam o p\u00fablico feminino. A programa\u00e7\u00e3o acontecer\u00e1 [&hellip;]<\/p>\n","protected":false},"author":1,"featured_media":5363,"comment_status":"open","ping_status":"open","sticky":false,"template":"","format":"standard","meta":{"om_disable_all_campaigns":false,"footnotes":"","jetpack_publicize_message":"","jetpack_publicize_feature_enabled":true,"jetpack_social_post_already_shared":true,"jetpack_social_options":{"image_generator_settings":{"template":"highway","enabled":false}}},"categories":[8,5,12,46,9],"tags":[740,56,34,879],"jetpack_publicize_connections":[],"jetpack_sharing_enabled":true,"jetpack_featured_media_url":"https:\/\/jornalvalenews.com.br\/wp-content\/uploads\/2026\/03\/Inserir-um-titulo-2026-03-11T210733.502.png","_links":{"self":[{"href":"https:\/\/jornalvalenews.com.br\/index.php\/wp-json\/wp\/v2\/posts\/5362"}],"collection":[{"href":"https:\/\/jornalvalenews.com.br\/index.php\/wp-json\/wp\/v2\/posts"}],"about":[{"href":"https:\/\/jornalvalenews.com.br\/index.php\/wp-json\/wp\/v2\/types\/post"}],"author":[{"embeddable":true,"href":"https:\/\/jornalvalenews.com.br\/index.php\/wp-json\/wp\/v2\/users\/1"}],"replies":[{"embeddable":true,"href":"https:\/\/jornalvalenews.com.br\/index.php\/wp-json\/wp\/v2\/comments?post=5362"}],"version-history":[{"count":1,"href":"https:\/\/jornalvalenews.com.br\/index.php\/wp-json\/wp\/v2\/posts\/5362\/revisions"}],"predecessor-version":[{"id":5364,"href":"https:\/\/jornalvalenews.com.br\/index.php\/wp-json\/wp\/v2\/posts\/5362\/revisions\/5364"}],"wp:featuredmedia":[{"embeddable":true,"href":"https:\/\/jornalvalenews.com.br\/index.php\/wp-json\/wp\/v2\/media\/5363"}],"wp:attachment":[{"href":"https:\/\/jornalvalenews.com.br\/index.php\/wp-json\/wp\/v2\/media?parent=5362"}],"wp:term":[{"taxonomy":"category","embeddable":true,"href":"https:\/\/jornalvalenews.com.br\/index.php\/wp-json\/wp\/v2\/categories?post=5362"},{"taxonomy":"post_tag","embeddable":true,"href":"https:\/\/jornalvalenews.com.br\/index.php\/wp-json\/wp\/v2\/tags?post=5362"}],"curies":[{"name":"wp","href":"https:\/\/api.w.org\/{rel}","templated":true}]}}