{"id":5356,"date":"2026-03-11T15:31:54","date_gmt":"2026-03-11T18:31:54","guid":{"rendered":"https:\/\/jornalvalenews.com.br\/?p=5356"},"modified":"2026-03-11T15:31:54","modified_gmt":"2026-03-11T18:31:54","slug":"importantes-requerimentos-sao-aprovados-durante-a-2a-sessao-ordinaria-de-marco-de-2026-na-camara-de-ceres","status":"publish","type":"post","link":"https:\/\/jornalvalenews.com.br\/index.php\/2026\/03\/11\/importantes-requerimentos-sao-aprovados-durante-a-2a-sessao-ordinaria-de-marco-de-2026-na-camara-de-ceres\/","title":{"rendered":"Importantes requerimentos s\u00e3o aprovados durante a 2\u00aa Sess\u00e3o Ordin\u00e1ria de mar\u00e7o de 2026 na C\u00e2mara de Ceres"},"content":{"rendered":"<p data-start=\"747\" data-end=\"926\">Na \u00faltima ter\u00e7a-feira, dia 10, sob a presid\u00eancia do vereador <strong data-start=\"808\" data-end=\"831\">Juliano Garcia Rosa<\/strong>, foi realizada a <strong data-start=\"849\" data-end=\"896\">2\u00aa Sess\u00e3o Ordin\u00e1ria do m\u00eas de mar\u00e7o de 2026<\/strong> na C\u00e2mara Municipal de Ceres.<\/p>\n<p data-start=\"928\" data-end=\"1095\">Durante a sess\u00e3o, os vereadores <strong data-start=\"960\" data-end=\"1017\">apresentaram, debateram e aprovaram diversas mat\u00e9rias<\/strong>, incluindo mo\u00e7\u00f5es e requerimentos voltados a demandas da comunidade ceresina.<\/p>\n<p data-start=\"1097\" data-end=\"1243\">Na ocasi\u00e3o, tamb\u00e9m foram aprovadas <strong data-start=\"1132\" data-end=\"1151\">Mo\u00e7\u00f5es de Pesar<\/strong> pelo falecimento do <strong data-start=\"1172\" data-end=\"1202\">Senhor Vanderli Jos\u00e9 Alves<\/strong> e do <strong data-start=\"1208\" data-end=\"1242\">Senhor Almir Ferreira da Silva<\/strong>.<\/p>\n<h3 data-start=\"1245\" data-end=\"1272\">Requerimentos aprovados<\/h3>\n<p data-start=\"1274\" data-end=\"1829\"><strong data-start=\"1274\" data-end=\"1302\">Requerimento n\u00ba 045\/2026<\/strong><br data-start=\"1302\" data-end=\"1305\" \/>De autoria dos vereadores <strong data-start=\"1331\" data-end=\"1452\">Hugo S\u00e9rgio da Silva, Juliana Silveira, Lucas Rodrigues de Melo, Maur\u00edcio Pereira Mendes e S\u00e9rgio Ferreira dos Passos<\/strong>, que requerem ao Chefe do Poder Executivo Municipal que sejam adotadas, com a m\u00e1xima urg\u00eancia, as provid\u00eancias necess\u00e1rias para a realiza\u00e7\u00e3o de reparos e recupera\u00e7\u00e3o da pavimenta\u00e7\u00e3o da <strong data-start=\"1638\" data-end=\"1668\">Rua 32, no Setor Nova Vila<\/strong>, via que se inicia na esquina da <strong data-start=\"1702\" data-end=\"1731\">APAE com a Avenida Brasil<\/strong> e d\u00e1 acesso ao <strong data-start=\"1747\" data-end=\"1792\">Setor Vila S\u00e3o Patr\u00edcio (Casas Populares)<\/strong>, pr\u00f3ximo ao escrit\u00f3rio da <strong data-start=\"1819\" data-end=\"1828\">CHESP<\/strong>.<\/p>\n<p data-start=\"1831\" data-end=\"2559\">Justificativa: A Rua 32 encontra-se em estado prec\u00e1rio de conserva\u00e7\u00e3o, apresentando in\u00fameros buracos, irregularidades e trechos praticamente intransit\u00e1veis, o que tem causado s\u00e9rios transtornos \u00e0 popula\u00e7\u00e3o que utiliza diariamente essa importante via de acesso \u00e0 Vila S\u00e3o Patr\u00edcio. Por se tratar de rua que liga bairros residenciais e que tem in\u00edcio nas proximidades de uma institui\u00e7\u00e3o de grande relev\u00e2ncia social, o intenso fluxo de ve\u00edculos e pedestres torna ainda mais preocupante a situa\u00e7\u00e3o atual, aumentando o risco de acidentes e danos aos ve\u00edculos. Dessa forma, a realiza\u00e7\u00e3o urgente dos reparos \u00e9 medida necess\u00e1ria para garantir seguran\u00e7a, mobilidade e melhores condi\u00e7\u00f5es de tr\u00e1fego aos moradores e demais usu\u00e1rios da via.<\/p>\n<p data-start=\"2561\" data-end=\"2991\"><strong data-start=\"2561\" data-end=\"2589\">Requerimento n\u00ba 046\/2026<\/strong><br data-start=\"2589\" data-end=\"2592\" \/>De autoria do vereador <strong data-start=\"2615\" data-end=\"2648\">Reginaldo Liberato de Azevedo<\/strong>, que requer ao Chefe do Poder Executivo, \u00e0 Secret\u00e1ria Municipal de Sa\u00fade e ao Gerente de Frota que seja realizado um estudo t\u00e9cnico visando \u00e0 viabilidade de aumento nos valores das <strong data-start=\"2830\" data-end=\"2990\">di\u00e1rias pagas aos motoristas que realizam viagens para fora do munic\u00edpio e aos motoristas que desempenham suas fun\u00e7\u00f5es fora do hor\u00e1rio regular de expediente<\/strong>.<\/p>\n<p data-start=\"2993\" data-end=\"3642\">Justificativa: Reiterando o pedido dos requerimentos n\u00ba 192\/2025 e n\u00ba 084\/2025, a presente solicita\u00e7\u00e3o visa dar condi\u00e7\u00f5es aos motoristas de se alimentar durante o servi\u00e7o prestado fora do munic\u00edpio de Ceres-GO, al\u00e9m de cumprirem jornadas em hor\u00e1rios extraordin\u00e1rios. O aumento das di\u00e1rias representa uma medida de justi\u00e7a, pois o valor pago j\u00e1 n\u00e3o est\u00e1 conseguindo suprir os custos de alimenta\u00e7\u00e3o, estando abaixo do necess\u00e1rio. Trata-se de direito dos motoristas que trabalham transportando pacientes para outras localidades, assegurando melhores condi\u00e7\u00f5es de trabalho e incentivando a continuidade dos servi\u00e7os p\u00fablicos de forma eficiente e segura.<\/p>\n<p data-start=\"3644\" data-end=\"3927\"><strong data-start=\"3644\" data-end=\"3672\">Requerimento n\u00ba 047\/2026<\/strong><br data-start=\"3672\" data-end=\"3675\" \/>De autoria dos vereadores <strong data-start=\"3701\" data-end=\"3751\">Norvandi Angelo da Silva e Juliano Garcia Rosa<\/strong>, que requerem ao Poder Executivo Municipal, \u00e0 Secretaria de Obras e \u00e0 Secretaria de Infraestrutura que seja realizada a <strong data-start=\"3872\" data-end=\"3926\">recupera\u00e7\u00e3o do asfalto da Rua 28, no Setor Curumim<\/strong>.<\/p>\n<p data-start=\"3929\" data-end=\"4297\">Justificativa: A solicita\u00e7\u00e3o se faz necess\u00e1ria em raz\u00e3o de que a empresa <strong data-start=\"4002\" data-end=\"4013\">SANEAGO<\/strong> realizou a abertura do asfalto no local para execu\u00e7\u00e3o de servi\u00e7o relacionado \u00e0 rede de \u00e1gua\/fluvial, deixando o trecho danificado ap\u00f3s a conclus\u00e3o da obra. Atualmente, a via apresenta irregularidades que prejudicam o tr\u00e1fego de ve\u00edculos e oferecem riscos aos moradores e transeuntes.<\/p>\n<p data-start=\"4299\" data-end=\"4704\"><strong data-start=\"4299\" data-end=\"4327\">Requerimento n\u00ba 048\/2026<\/strong><br data-start=\"4327\" data-end=\"4330\" \/>De autoria dos vereadores <strong data-start=\"4356\" data-end=\"4452\">Juliana Silveira, Hugo S\u00e9rgio da Silva, S\u00e9rgio Ferreira dos Passos e Maur\u00edcio Pereira Mendes<\/strong>, que requerem ao Poder Executivo Municipal, \u00e0 <strong data-start=\"4499\" data-end=\"4530\">Secretaria de Meio Ambiente<\/strong> e \u00e0 <strong data-start=\"4535\" data-end=\"4566\">Secretaria de Administra\u00e7\u00e3o<\/strong> que seja disponibilizado um n\u00famero de telefone ou outro canal oficial para que a popula\u00e7\u00e3o possa realizar <strong data-start=\"4673\" data-end=\"4703\">den\u00fancias de lotes baldios<\/strong>.<\/p>\n<p data-start=\"4706\" data-end=\"4928\">Justificativa: A presente solicita\u00e7\u00e3o atende a pedidos da popula\u00e7\u00e3o, que relata dificuldades para comunicar ao poder p\u00fablico sobre terrenos com mato alto, ac\u00famulo de lixo e poss\u00edveis focos de insetos e animais pe\u00e7onhentos.<\/p>\n<p data-start=\"4930\" data-end=\"5232\"><strong data-start=\"4930\" data-end=\"4958\">Requerimento n\u00ba 049\/2026<\/strong><br data-start=\"4958\" data-end=\"4961\" \/>De autoria dos vereadores <strong data-start=\"4987\" data-end=\"5082\">Lucas Rodrigues de Melo, Juliano Garcia Rosa, Juliana Silveira e S\u00e9rgio Ferreira dos Passos<\/strong>, que requerem \u00e0 <strong data-start=\"5099\" data-end=\"5132\">Secret\u00e1ria Municipal de Sa\u00fade<\/strong> a <strong data-start=\"5135\" data-end=\"5231\">contrata\u00e7\u00e3o de um m\u00e9dico para complementar o atendimento da equipe de sa\u00fade do PSF Vila Nova<\/strong>.<\/p>\n<p data-start=\"5234\" data-end=\"5583\">Justificativa: Ap\u00f3s o novo remapeamento territorial da unidade b\u00e1sica de sa\u00fade, a demanda aumentou significativamente, gerando dificuldades para atendimento da popula\u00e7\u00e3o. Muitos dos moradores atendidos s\u00e3o idosos com comorbidades que necessitam de acompanhamento em tempo h\u00e1bil. Ressalta-se ainda que anteriormente a equipe contava com dois m\u00e9dicos.<\/p>\n<p data-start=\"5585\" data-end=\"5786\"><strong data-start=\"5585\" data-end=\"5613\">Requerimento n\u00ba 050\/2026<\/strong><br data-start=\"5613\" data-end=\"5616\" \/>De autoria do vereador <strong data-start=\"5639\" data-end=\"5666\">Lucas Rodrigues de Melo<\/strong>, que requer \u00e0 <strong data-start=\"5681\" data-end=\"5720\">Secret\u00e1ria Municipal de Agricultura<\/strong> que seja feita a <strong data-start=\"5738\" data-end=\"5785\">recupera\u00e7\u00e3o da estrada de acesso ao Batatal<\/strong>.<\/p>\n<p data-start=\"5788\" data-end=\"5957\">Justificativa: Devido aos altos \u00edndices de chuvas e \u00e0s eros\u00f5es n\u00e3o contidas, o trecho citado tem gerado transtornos aos moradores e agricultores que trafegam pelo local.<\/p>\n<p data-start=\"5959\" data-end=\"6393\"><strong data-start=\"5959\" data-end=\"5987\">Requerimento n\u00ba 051\/2026<\/strong><br data-start=\"5987\" data-end=\"5990\" \/>De autoria dos vereadores <strong data-start=\"6016\" data-end=\"6066\">Maur\u00edcio Pereira Mendes e Hugo S\u00e9rgio da Silva<\/strong>, que requerem ao Chefe do Poder Executivo Municipal e \u00e0 <strong data-start=\"6123\" data-end=\"6165\">Superintend\u00eancia Municipal de Tr\u00e2nsito<\/strong> que seja realizada a <strong data-start=\"6187\" data-end=\"6262\">demarca\u00e7\u00e3o de sinaliza\u00e7\u00e3o horizontal para organiza\u00e7\u00e3o do estacionamento<\/strong> na rua localizada acima do <strong data-start=\"6290\" data-end=\"6319\">F\u00f3rum da Comarca de Ceres<\/strong>, com a devida demarca\u00e7\u00e3o de vagas destinadas a motocicletas e autom\u00f3veis.<\/p>\n<p data-start=\"6395\" data-end=\"6596\">Justificativa: A aus\u00eancia de demarca\u00e7\u00e3o de vagas no local tem causado desorganiza\u00e7\u00e3o no estacionamento. A sinaliza\u00e7\u00e3o contribuir\u00e1 para melhor organiza\u00e7\u00e3o e utiliza\u00e7\u00e3o do espa\u00e7o pelos usu\u00e1rios do F\u00f3rum.<\/p>\n<p data-start=\"6598\" data-end=\"6892\"><strong data-start=\"6598\" data-end=\"6626\">Requerimento n\u00ba 052\/2026<\/strong><br data-start=\"6626\" data-end=\"6629\" \/>De autoria do vereador <strong data-start=\"6652\" data-end=\"6681\">Zener de Oliveira Azevedo<\/strong>, que requer ao Chefe do Poder Executivo Municipal e \u00e0 <strong data-start=\"6736\" data-end=\"6778\">Superintend\u00eancia Municipal de Tr\u00e2nsito<\/strong> a <strong data-start=\"6781\" data-end=\"6891\">implanta\u00e7\u00e3o de uma faixa de pedestre na via localizada entre a Caixa Econ\u00f4mica Federal e a ag\u00eancia do INSS<\/strong>.<\/p>\n<p data-start=\"6894\" data-end=\"7106\">Justificativa: O local possui grande fluxo de pedestres devido \u00e0 proximidade com a Caixa Econ\u00f4mica Federal e o INSS, sendo necess\u00e1ria a implanta\u00e7\u00e3o da faixa para garantir mais seguran\u00e7a na travessia da popula\u00e7\u00e3o.<\/p>\n<p data-start=\"7108\" data-end=\"7395\"><strong data-start=\"7108\" data-end=\"7136\">Requerimento n\u00ba 053\/2026<\/strong><br data-start=\"7136\" data-end=\"7139\" \/>De autoria dos vereadores <strong data-start=\"7165\" data-end=\"7223\">Zener de Oliveira Azevedo e S\u00e9rgio Ferreira dos Passos<\/strong>, que requerem \u00e0 <strong data-start=\"7240\" data-end=\"7290\">Secretaria Municipal de Obras e Infraestrutura<\/strong> a <strong data-start=\"7293\" data-end=\"7394\">recupera\u00e7\u00e3o do bueiro localizado na Rua dos Coqueiros, a partir da Quadra 14, no Setor Petr\u00f3polis<\/strong>.<\/p>\n<p data-start=\"7397\" data-end=\"7721\">Justificativa: O bueiro encontra-se em p\u00e9ssimo estado de conserva\u00e7\u00e3o, com manilha cedendo, asfalto apresentando rachaduras e forma\u00e7\u00e3o de uma grande cratera, colocando em risco as pessoas que transitam pelo local. Diante disso, solicita-se provid\u00eancias urgentes para a recupera\u00e7\u00e3o da estrutura e garantia da seguran\u00e7a na via.<\/p>\n<p data-start=\"7723\" data-end=\"8044\"><strong data-start=\"7723\" data-end=\"7751\">Requerimento n\u00ba 054\/2026<\/strong><br data-start=\"7751\" data-end=\"7754\" \/>De autoria dos vereadores <strong data-start=\"7780\" data-end=\"7838\">Zener de Oliveira Azevedo e S\u00e9rgio Ferreira dos Passos<\/strong>, que requerem ao Poder Executivo, \u00e0 <strong data-start=\"7875\" data-end=\"7898\">Secretaria de Obras<\/strong> e \u00e0 <strong data-start=\"7903\" data-end=\"7935\">Secretaria de Infraestrutura<\/strong> que seja realizada a <strong data-start=\"7957\" data-end=\"7992\">recupera\u00e7\u00e3o asf\u00e1ltica na GO-154<\/strong>, no trecho localizado <strong data-start=\"8015\" data-end=\"8043\">atr\u00e1s do Posto Beira Rio<\/strong>.<\/p>\n<p data-start=\"8046\" data-end=\"8230\">Justificativa: A solicita\u00e7\u00e3o se faz necess\u00e1ria devido ao estado deteriorado do asfalto, que vem causando transtornos e riscos para motoristas e demais pessoas que transitam pelo local.<\/p>\n<p data-start=\"8237\" data-end=\"8342\">\ud83d\udcf2 <strong data-start=\"8240\" data-end=\"8290\">Siga o Instagram da C\u00e2mara Municipal de Ceres:<\/strong><br data-start=\"8290\" data-end=\"8293\" \/><a class=\"decorated-link\" href=\"https:\/\/www.instagram.com\/camaramunicipaldeceres\/\" target=\"_blank\" rel=\"noopener\" data-start=\"8293\" data-end=\"8342\">https:\/\/www.instagram.com\/camaramunicipaldeceres\/<\/a><\/p>\n","protected":false},"excerpt":{"rendered":"<p>Na \u00faltima ter\u00e7a-feira, dia 10, sob a presid\u00eancia do vereador Juliano Garcia Rosa, foi realizada a 2\u00aa Sess\u00e3o Ordin\u00e1ria do m\u00eas de mar\u00e7o de 2026 na C\u00e2mara Municipal de Ceres. Durante a sess\u00e3o, os vereadores apresentaram, debateram e aprovaram diversas mat\u00e9rias, incluindo mo\u00e7\u00f5es e requerimentos voltados a demandas da comunidade ceresina. Na ocasi\u00e3o, tamb\u00e9m foram [&hellip;]<\/p>\n","protected":false},"author":1,"featured_media":5357,"comment_status":"open","ping_status":"open","sticky":false,"template":"","format":"standard","meta":{"om_disable_all_campaigns":false,"footnotes":"","jetpack_publicize_message":"","jetpack_publicize_feature_enabled":true,"jetpack_social_post_already_shared":true,"jetpack_social_options":{"image_generator_settings":{"template":"highway","enabled":false}}},"categories":[11,8,5,9],"tags":[],"jetpack_publicize_connections":[],"jetpack_sharing_enabled":true,"jetpack_featured_media_url":"https:\/\/jornalvalenews.com.br\/wp-content\/uploads\/2026\/03\/Segunda-Sessao-de-Marco-2026.jpg.jpeg","_links":{"self":[{"href":"https:\/\/jornalvalenews.com.br\/index.php\/wp-json\/wp\/v2\/posts\/5356"}],"collection":[{"href":"https:\/\/jornalvalenews.com.br\/index.php\/wp-json\/wp\/v2\/posts"}],"about":[{"href":"https:\/\/jornalvalenews.com.br\/index.php\/wp-json\/wp\/v2\/types\/post"}],"author":[{"embeddable":true,"href":"https:\/\/jornalvalenews.com.br\/index.php\/wp-json\/wp\/v2\/users\/1"}],"replies":[{"embeddable":true,"href":"https:\/\/jornalvalenews.com.br\/index.php\/wp-json\/wp\/v2\/comments?post=5356"}],"version-history":[{"count":1,"href":"https:\/\/jornalvalenews.com.br\/index.php\/wp-json\/wp\/v2\/posts\/5356\/revisions"}],"predecessor-version":[{"id":5358,"href":"https:\/\/jornalvalenews.com.br\/index.php\/wp-json\/wp\/v2\/posts\/5356\/revisions\/5358"}],"wp:featuredmedia":[{"embeddable":true,"href":"https:\/\/jornalvalenews.com.br\/index.php\/wp-json\/wp\/v2\/media\/5357"}],"wp:attachment":[{"href":"https:\/\/jornalvalenews.com.br\/index.php\/wp-json\/wp\/v2\/media?parent=5356"}],"wp:term":[{"taxonomy":"category","embeddable":true,"href":"https:\/\/jornalvalenews.com.br\/index.php\/wp-json\/wp\/v2\/categories?post=5356"},{"taxonomy":"post_tag","embeddable":true,"href":"https:\/\/jornalvalenews.com.br\/index.php\/wp-json\/wp\/v2\/tags?post=5356"}],"curies":[{"name":"wp","href":"https:\/\/api.w.org\/{rel}","templated":true}]}}