{"id":5352,"date":"2026-03-11T12:54:31","date_gmt":"2026-03-11T15:54:31","guid":{"rendered":"https:\/\/jornalvalenews.com.br\/?p=5352"},"modified":"2026-03-11T13:35:16","modified_gmt":"2026-03-11T16:35:16","slug":"apos-tragedia-que-abalou-itumbiara-prefeito-fala-pela-primeira-vez-sobre-a-morte-dos-netos-veja-o-video","status":"publish","type":"post","link":"https:\/\/jornalvalenews.com.br\/index.php\/2026\/03\/11\/apos-tragedia-que-abalou-itumbiara-prefeito-fala-pela-primeira-vez-sobre-a-morte-dos-netos-veja-o-video\/","title":{"rendered":"Ap\u00f3s trag\u00e9dia que abalou Itumbiara, prefeito fala pela primeira vez sobre a morte dos netos (veja o v\u00eddeo)"},"content":{"rendered":"<p data-start=\"447\" data-end=\"638\"><a href=\"https:\/\/api.whatsapp.com\/send?phone=5562998212725&amp;text=Ol%C3%A1,%20gostaria%20de%20falar%20com%20a%20secret%C3%A1ria%20do%20Dr.%20Paulo%20e%20Dra.%20Caroline\" target=\"_blank\" rel=\"noopener\"><img loading=\"lazy\" decoding=\"async\" class=\"alignnone\" src=\"https:\/\/jornalvalenews.com.br\/wp-content\/uploads\/2024\/08\/novo-gif-dr.-paulo.gif\" alt=\"\" width=\"800\" height=\"666\" \/><\/a><\/p>\n<p data-start=\"447\" data-end=\"638\">O prefeito de <strong data-start=\"461\" data-end=\"488\">Itumbiara, Dione Ara\u00fajo<\/strong>, falou pela primeira vez publicamente sobre a morte dos netos <strong data-start=\"551\" data-end=\"571\">Miguel e Ben\u00edcio<\/strong>, v\u00edtimas de uma trag\u00e9dia familiar que abalou Goi\u00e1s no m\u00eas passado.<\/p>\n<p data-start=\"640\" data-end=\"876\">Em pronunciamento realizado <strong data-start=\"668\" data-end=\"692\">na segunda-feira (9)<\/strong>, quase um m\u00eas ap\u00f3s o ocorrido, o gestor afirmou que enfrenta <strong data-start=\"754\" data-end=\"795\">uma dor profunda e dif\u00edcil de superar<\/strong>, mas ressaltou que pretende continuar cumprindo suas responsabilidades p\u00fablicas.<\/p>\n<p data-start=\"878\" data-end=\"1025\">Durante a coletiva, visivelmente emocionado, o prefeito descreveu o momento vivido pela fam\u00edlia como um sofrimento que desafia qualquer explica\u00e7\u00e3o.<\/p>\n<p data-start=\"1027\" data-end=\"1247\">\u201cO problema n\u00e3o \u00e9 f\u00e1cil de ser superado, \u00e9 quase imposs\u00edvel. \u00c9 a vontade de Deus. A gente lamenta muito, mas eu tenho que continuar cuidando da fam\u00edlia e cumprindo minha obriga\u00e7\u00e3o enquanto Deus assim permitir\u201d, declarou.<\/p>\n<p data-start=\"1249\" data-end=\"1356\">Dione Ara\u00fajo tamb\u00e9m afirmou que, apesar de ocupar um cargo p\u00fablico, a dor de perder os netos \u00e9 devastadora.<\/p>\n<p data-start=\"1358\" data-end=\"1533\">\u201cN\u00e3o h\u00e1 nada que se compare a uma dor maior do que o que aconteceu. N\u00e3o desejo isso para ningu\u00e9m. \u00c9 muito triste. Pe\u00e7o que Deus nos d\u00ea for\u00e7a para que possamos superar\u201d, disse.<\/p>\n<h3 data-start=\"1535\" data-end=\"1554\">Relembre o caso<\/h3>\n<p data-start=\"1556\" data-end=\"1770\">A trag\u00e9dia ocorreu <strong data-start=\"1575\" data-end=\"1601\">no dia 11 de fevereiro<\/strong>, em Itumbiara. Na ocasi\u00e3o, <strong data-start=\"1629\" data-end=\"1647\">Thales Machado<\/strong>, genro do prefeito e ent\u00e3o secret\u00e1rio municipal, efetuou disparos contra os pr\u00f3prios filhos antes de tirar a pr\u00f3pria vida.<\/p>\n<p data-start=\"1772\" data-end=\"2111\">As v\u00edtimas foram <strong data-start=\"1789\" data-end=\"1826\">Miguel Ara\u00fajo Machado, de 12 anos<\/strong>, e <strong data-start=\"1830\" data-end=\"1867\">Ben\u00edcio Ara\u00fajo Machado, de 8 anos<\/strong>. Miguel faleceu pouco tempo ap\u00f3s dar entrada na unidade de sa\u00fade. J\u00e1 Ben\u00edcio chegou a ser socorrido e internado em estado grave na <strong data-start=\"1999\" data-end=\"2065\">Unidade de Terapia Intensiva do Hospital Estadual de Itumbiara<\/strong>, mas n\u00e3o resistiu aos ferimentos dias depois.<\/p>\n<p data-start=\"2113\" data-end=\"2228\">A <strong data-start=\"2115\" data-end=\"2141\">Pol\u00edcia Civil de Goi\u00e1s<\/strong> informou que o inqu\u00e9rito sobre o caso foi conclu\u00eddo e encaminhado ao Poder Judici\u00e1rio.<\/p>\n<p data-start=\"2230\" data-end=\"2327\">Segundo a investiga\u00e7\u00e3o, a ocorr\u00eancia foi registrada como <strong data-start=\"2287\" data-end=\"2326\">duplo homic\u00eddio seguido de suic\u00eddio<\/strong>.<\/p>\n<h3 data-start=\"1143\" data-end=\"1245\">Veja o v\u00eddeo:\u00a0<a href=\"https:\/\/www.instagram.com\/jornalvalenews\/reel\/DVwDTX-ERU2\/\" target=\"_blank\" rel=\"noopener\">clique aqui!<\/a><\/h3>\n<h3 data-start=\"2294\" data-end=\"2377\"><strong>Siga o Instagram do @jornalvalenews e fique por dentro das principais not\u00edcias.\u00a0<\/strong><\/h3>\n","protected":false},"excerpt":{"rendered":"<p>O prefeito de Itumbiara, Dione Ara\u00fajo, falou pela primeira vez publicamente sobre a morte dos netos Miguel e Ben\u00edcio, v\u00edtimas de uma trag\u00e9dia familiar que abalou Goi\u00e1s no m\u00eas passado. Em pronunciamento realizado na segunda-feira (9), quase um m\u00eas ap\u00f3s o ocorrido, o gestor afirmou que enfrenta uma dor profunda e dif\u00edcil de superar, mas [&hellip;]<\/p>\n","protected":false},"author":1,"featured_media":5353,"comment_status":"open","ping_status":"open","sticky":false,"template":"","format":"standard","meta":{"om_disable_all_campaigns":false,"footnotes":"","jetpack_publicize_message":"","jetpack_publicize_feature_enabled":true,"jetpack_social_post_already_shared":true,"jetpack_social_options":{"image_generator_settings":{"template":"highway","enabled":false}}},"categories":[7,8,5],"tags":[875,848,878,876,877,851],"jetpack_publicize_connections":[],"jetpack_sharing_enabled":true,"jetpack_featured_media_url":"https:\/\/jornalvalenews.com.br\/wp-content\/uploads\/2026\/03\/Captura-de-Tela-2026-03-11-as-12.44.59.png","_links":{"self":[{"href":"https:\/\/jornalvalenews.com.br\/index.php\/wp-json\/wp\/v2\/posts\/5352"}],"collection":[{"href":"https:\/\/jornalvalenews.com.br\/index.php\/wp-json\/wp\/v2\/posts"}],"about":[{"href":"https:\/\/jornalvalenews.com.br\/index.php\/wp-json\/wp\/v2\/types\/post"}],"author":[{"embeddable":true,"href":"https:\/\/jornalvalenews.com.br\/index.php\/wp-json\/wp\/v2\/users\/1"}],"replies":[{"embeddable":true,"href":"https:\/\/jornalvalenews.com.br\/index.php\/wp-json\/wp\/v2\/comments?post=5352"}],"version-history":[{"count":2,"href":"https:\/\/jornalvalenews.com.br\/index.php\/wp-json\/wp\/v2\/posts\/5352\/revisions"}],"predecessor-version":[{"id":5355,"href":"https:\/\/jornalvalenews.com.br\/index.php\/wp-json\/wp\/v2\/posts\/5352\/revisions\/5355"}],"wp:featuredmedia":[{"embeddable":true,"href":"https:\/\/jornalvalenews.com.br\/index.php\/wp-json\/wp\/v2\/media\/5353"}],"wp:attachment":[{"href":"https:\/\/jornalvalenews.com.br\/index.php\/wp-json\/wp\/v2\/media?parent=5352"}],"wp:term":[{"taxonomy":"category","embeddable":true,"href":"https:\/\/jornalvalenews.com.br\/index.php\/wp-json\/wp\/v2\/categories?post=5352"},{"taxonomy":"post_tag","embeddable":true,"href":"https:\/\/jornalvalenews.com.br\/index.php\/wp-json\/wp\/v2\/tags?post=5352"}],"curies":[{"name":"wp","href":"https:\/\/api.w.org\/{rel}","templated":true}]}}