{"id":5349,"date":"2026-03-11T12:35:29","date_gmt":"2026-03-11T15:35:29","guid":{"rendered":"https:\/\/jornalvalenews.com.br\/?p=5349"},"modified":"2026-03-11T12:35:29","modified_gmt":"2026-03-11T15:35:29","slug":"carro-despenca-de-ponte-de-cerca-de-20-metros-na-go-438-no-vale-do-sao-patricio","status":"publish","type":"post","link":"https:\/\/jornalvalenews.com.br\/index.php\/2026\/03\/11\/carro-despenca-de-ponte-de-cerca-de-20-metros-na-go-438-no-vale-do-sao-patricio\/","title":{"rendered":"Carro despenca de ponte de cerca de 20 metros na GO-438, no Vale do S\u00e3o Patr\u00edcio"},"content":{"rendered":"<p data-start=\"328\" data-end=\"497\">\n<p data-start=\"328\" data-end=\"497\"><a href=\"https:\/\/api.whatsapp.com\/send?phone=5562998212725&amp;text=Ol%C3%A1,%20gostaria%20de%20falar%20com%20a%20secret%C3%A1ria%20do%20Dr.%20Paulo%20e%20Dra.%20Caroline\" target=\"_blank\" rel=\"noopener\"><img loading=\"lazy\" decoding=\"async\" class=\"alignnone\" src=\"https:\/\/jornalvalenews.com.br\/wp-content\/uploads\/2024\/08\/novo-gif-dr.-paulo.gif\" alt=\"\" width=\"800\" height=\"666\" \/><\/a><\/p>\n<p data-start=\"328\" data-end=\"497\">\n<p data-start=\"328\" data-end=\"497\">Um motorista sobreviveu ap\u00f3s o carro que conduzia <strong data-start=\"378\" data-end=\"448\">sair da pista e cair de uma ponte com cerca de 20 metros de altura<\/strong>, na rodovia <strong data-start=\"461\" data-end=\"471\">GO-438<\/strong>, no Vale do S\u00e3o Patr\u00edcio.<\/p>\n<p data-start=\"499\" data-end=\"635\">O acidente ocorreu <strong data-start=\"518\" data-end=\"554\">na manh\u00e3 da \u00faltima segunda-feira (9)<\/strong>, entre o munic\u00edpio de <strong data-start=\"577\" data-end=\"634\">Santa Rita do Novo Destino e o povoado de Verdel\u00e2ndia<\/strong>.<\/p>\n<p data-start=\"637\" data-end=\"879\">Equipes do <strong data-start=\"648\" data-end=\"694\">18\u00ba Batalh\u00e3o do Corpo de Bombeiros Militar<\/strong> foram acionadas por volta das <strong data-start=\"725\" data-end=\"736\">9 horas<\/strong> para realizar o resgate. Ao chegarem ao local, os militares encontraram o ve\u00edculo <strong data-start=\"819\" data-end=\"878\">no fundo do v\u00e3o da ponte, em uma \u00e1rea de dif\u00edcil acesso<\/strong>.<\/p>\n<p data-start=\"881\" data-end=\"1036\">Segundo os bombeiros, o motorista apresentava <strong data-start=\"927\" data-end=\"970\">ferimentos na face e na regi\u00e3o cervical<\/strong>, mas estava <strong data-start=\"983\" data-end=\"1009\">consciente e orientado<\/strong> no momento do atendimento.<\/p>\n<p data-start=\"1038\" data-end=\"1264\">Para realizar o salvamento, a equipe precisou utilizar <strong data-start=\"1093\" data-end=\"1146\">t\u00e9cnicas de resgate em altura e desencarceramento<\/strong>, garantindo a estabiliza\u00e7\u00e3o da v\u00edtima ainda dentro do ve\u00edculo e evitando agravamento das poss\u00edveis les\u00f5es no pesco\u00e7o.<\/p>\n<p data-start=\"1266\" data-end=\"1429\">Ap\u00f3s ser retirado do autom\u00f3vel, o motorista recebeu <strong data-start=\"1318\" data-end=\"1352\">os primeiros socorros no local<\/strong> e foi encaminhado por uma unidade de resgate para <strong data-start=\"1403\" data-end=\"1428\">um hospital da regi\u00e3o<\/strong>.<\/p>\n<p data-start=\"1431\" data-end=\"1495\">O carro ficou <strong data-start=\"1445\" data-end=\"1494\">bastante destru\u00eddo devido ao impacto da queda<\/strong>.<\/p>\n<p data-start=\"1497\" data-end=\"1633\">As circunst\u00e2ncias que levaram o ve\u00edculo a sair da pista e despencar da ponte <strong data-start=\"1574\" data-end=\"1632\">ainda devem ser apuradas pelas autoridades competentes<\/strong>.<\/p>\n<p data-start=\"1635\" data-end=\"1718\">At\u00e9 o momento, <strong data-start=\"1650\" data-end=\"1717\">n\u00e3o h\u00e1 atualiza\u00e7\u00e3o oficial sobre o estado de sa\u00fade do motorista<\/strong>.<\/p>\n<h3 data-start=\"2294\" data-end=\"2377\"><strong>Siga o Instagram do @jornalvalenews e fique por dentro das principais not\u00edcias: <a href=\"https:\/\/www.instagram.com\/jornalvalenews\/\" target=\"_blank\" rel=\"noopener\">clique aqui!<\/a><\/strong><\/h3>\n","protected":false},"excerpt":{"rendered":"<p>Um motorista sobreviveu ap\u00f3s o carro que conduzia sair da pista e cair de uma ponte com cerca de 20 metros de altura, na rodovia GO-438, no Vale do S\u00e3o Patr\u00edcio. O acidente ocorreu na manh\u00e3 da \u00faltima segunda-feira (9), entre o munic\u00edpio de Santa Rita do Novo Destino e o povoado de Verdel\u00e2ndia. Equipes [&hellip;]<\/p>\n","protected":false},"author":1,"featured_media":5350,"comment_status":"open","ping_status":"open","sticky":false,"template":"","format":"standard","meta":{"om_disable_all_campaigns":false,"footnotes":"","jetpack_publicize_message":"","jetpack_publicize_feature_enabled":true,"jetpack_social_post_already_shared":true,"jetpack_social_options":{"image_generator_settings":{"template":"highway","enabled":false}}},"categories":[6,8,387,9],"tags":[117,588,64,104],"jetpack_publicize_connections":[],"jetpack_sharing_enabled":true,"jetpack_featured_media_url":"https:\/\/jornalvalenews.com.br\/wp-content\/uploads\/2026\/03\/Captura-de-Tela-2026-03-11-as-12.33.44.png","_links":{"self":[{"href":"https:\/\/jornalvalenews.com.br\/index.php\/wp-json\/wp\/v2\/posts\/5349"}],"collection":[{"href":"https:\/\/jornalvalenews.com.br\/index.php\/wp-json\/wp\/v2\/posts"}],"about":[{"href":"https:\/\/jornalvalenews.com.br\/index.php\/wp-json\/wp\/v2\/types\/post"}],"author":[{"embeddable":true,"href":"https:\/\/jornalvalenews.com.br\/index.php\/wp-json\/wp\/v2\/users\/1"}],"replies":[{"embeddable":true,"href":"https:\/\/jornalvalenews.com.br\/index.php\/wp-json\/wp\/v2\/comments?post=5349"}],"version-history":[{"count":1,"href":"https:\/\/jornalvalenews.com.br\/index.php\/wp-json\/wp\/v2\/posts\/5349\/revisions"}],"predecessor-version":[{"id":5351,"href":"https:\/\/jornalvalenews.com.br\/index.php\/wp-json\/wp\/v2\/posts\/5349\/revisions\/5351"}],"wp:featuredmedia":[{"embeddable":true,"href":"https:\/\/jornalvalenews.com.br\/index.php\/wp-json\/wp\/v2\/media\/5350"}],"wp:attachment":[{"href":"https:\/\/jornalvalenews.com.br\/index.php\/wp-json\/wp\/v2\/media?parent=5349"}],"wp:term":[{"taxonomy":"category","embeddable":true,"href":"https:\/\/jornalvalenews.com.br\/index.php\/wp-json\/wp\/v2\/categories?post=5349"},{"taxonomy":"post_tag","embeddable":true,"href":"https:\/\/jornalvalenews.com.br\/index.php\/wp-json\/wp\/v2\/tags?post=5349"}],"curies":[{"name":"wp","href":"https:\/\/api.w.org\/{rel}","templated":true}]}}