{"id":5343,"date":"2026-03-10T17:00:51","date_gmt":"2026-03-10T20:00:51","guid":{"rendered":"https:\/\/jornalvalenews.com.br\/?p=5343"},"modified":"2026-03-10T18:49:33","modified_gmt":"2026-03-10T21:49:33","slug":"feto-e-encontrado-em-area-rural-de-rianapolis-e-caso-sera-investigado-pela-policia-civil","status":"publish","type":"post","link":"https:\/\/jornalvalenews.com.br\/index.php\/2026\/03\/10\/feto-e-encontrado-em-area-rural-de-rianapolis-e-caso-sera-investigado-pela-policia-civil\/","title":{"rendered":"Feto \u00e9 encontrado em \u00e1rea rural de Rian\u00e1polis e caso ser\u00e1 investigado pela Pol\u00edcia Civil"},"content":{"rendered":"<p data-start=\"394\" data-end=\"526\"><a href=\"https:\/\/api.whatsapp.com\/send?phone=5562998212725&amp;text=Ol%C3%A1,%20gostaria%20de%20falar%20com%20a%20secret%C3%A1ria%20do%20Dr.%20Paulo%20e%20Dra.%20Caroline\" target=\"_blank\" rel=\"noopener\"><img loading=\"lazy\" decoding=\"async\" class=\"alignnone\" src=\"https:\/\/jornalvalenews.com.br\/wp-content\/uploads\/2024\/08\/novo-gif-dr.-paulo.gif\" alt=\"\" width=\"800\" height=\"666\" \/><\/a><\/p>\n<p data-start=\"394\" data-end=\"526\">Um <strong data-start=\"397\" data-end=\"454\">feto foi encontrado na manh\u00e3 do \u00faltimo s\u00e1bado, 7 de mar\u00e7o<\/strong>, na <strong data-start=\"459\" data-end=\"500\">zona rural do munic\u00edpio de Rian\u00e1polis<\/strong>, no Vale do S\u00e3o Patr\u00edcio.<\/p>\n<p data-start=\"528\" data-end=\"702\">De acordo com informa\u00e7\u00f5es da <strong data-start=\"557\" data-end=\"576\">Pol\u00edcia Militar<\/strong>, o material foi localizado <strong data-start=\"604\" data-end=\"626\">por volta das 6h30<\/strong> por um pescador que caminhava por uma trilha em meio \u00e0 vegeta\u00e7\u00e3o da regi\u00e3o.<\/p>\n<p data-start=\"704\" data-end=\"940\">Durante o trajeto, o homem percebeu a presen\u00e7a de <strong data-start=\"754\" data-end=\"783\">um saco pl\u00e1stico no local<\/strong> e, ao se aproximar para verificar do que se tratava, constatou que <strong data-start=\"851\" data-end=\"887\">aparentava conter um feto humano<\/strong>. Diante da situa\u00e7\u00e3o, a Pol\u00edcia Militar foi acionada.<\/p>\n<p data-start=\"942\" data-end=\"1122\">Os policiais realizaram <strong data-start=\"966\" data-end=\"1016\">o isolamento da \u00e1rea para preserva\u00e7\u00e3o do local<\/strong>, garantindo as condi\u00e7\u00f5es necess\u00e1rias para o trabalho das equipes respons\u00e1veis pelos procedimentos legais.<\/p>\n<p data-start=\"1124\" data-end=\"1462\">Tamb\u00e9m foram acionados o <strong data-start=\"1149\" data-end=\"1200\">Servi\u00e7o de Atendimento M\u00f3vel de Urg\u00eancia (SAMU)<\/strong> e a <strong data-start=\"1205\" data-end=\"1235\">Pol\u00edcia T\u00e9cnico-Cient\u00edfica<\/strong>. Posteriormente, profissionais do <strong data-start=\"1270\" data-end=\"1311\">Instituto M\u00e9dico Legal (IML) de Ceres<\/strong>, incluindo o m\u00e9dico legista e a auxiliar de aut\u00f3psia, compareceram ao local para realizar <strong data-start=\"1402\" data-end=\"1461\">os procedimentos periciais e o recolhimento do material<\/strong>.<\/p>\n<p data-start=\"1464\" data-end=\"1646\">Ap\u00f3s a conclus\u00e3o dos trabalhos periciais, <strong data-start=\"1506\" data-end=\"1558\">o feto foi encaminhado ao Instituto M\u00e9dico Legal<\/strong>, onde passar\u00e1 por exames que poder\u00e3o ajudar a esclarecer <strong data-start=\"1616\" data-end=\"1645\">as circunst\u00e2ncias do caso<\/strong>.<\/p>\n<p data-start=\"1648\" data-end=\"1705\">A <strong data-start=\"1650\" data-end=\"1667\">Pol\u00edcia Civil<\/strong> ficar\u00e1 respons\u00e1vel pela investiga\u00e7\u00e3o.<\/p>\n<h3 data-start=\"1143\" data-end=\"1245\">Veja o v\u00eddeo:\u00a0<a href=\"https:\/\/www.instagram.com\/jornalvalenews\/reel\/DVuCdzFkQ1n\/\" target=\"_blank\" rel=\"noopener\">clique aqui!<\/a><\/h3>\n<h3 data-start=\"2294\" data-end=\"2377\"><strong>Siga o Instagram do @jornalvalenews e fique por dentro das principais not\u00edcias.\u00a0<\/strong><\/h3>\n","protected":false},"excerpt":{"rendered":"<p>Um feto foi encontrado na manh\u00e3 do \u00faltimo s\u00e1bado, 7 de mar\u00e7o, na zona rural do munic\u00edpio de Rian\u00e1polis, no Vale do S\u00e3o Patr\u00edcio. De acordo com informa\u00e7\u00f5es da Pol\u00edcia Militar, o material foi localizado por volta das 6h30 por um pescador que caminhava por uma trilha em meio \u00e0 vegeta\u00e7\u00e3o da regi\u00e3o. Durante o [&hellip;]<\/p>\n","protected":false},"author":1,"featured_media":5344,"comment_status":"open","ping_status":"open","sticky":false,"template":"","format":"standard","meta":{"om_disable_all_campaigns":false,"footnotes":"","jetpack_publicize_message":"","jetpack_publicize_feature_enabled":true,"jetpack_social_post_already_shared":true,"jetpack_social_options":{"image_generator_settings":{"template":"highway","enabled":false}}},"categories":[7,8,9],"tags":[874,230],"jetpack_publicize_connections":[],"jetpack_sharing_enabled":true,"jetpack_featured_media_url":"https:\/\/jornalvalenews.com.br\/wp-content\/uploads\/2026\/03\/1772926568.png","_links":{"self":[{"href":"https:\/\/jornalvalenews.com.br\/index.php\/wp-json\/wp\/v2\/posts\/5343"}],"collection":[{"href":"https:\/\/jornalvalenews.com.br\/index.php\/wp-json\/wp\/v2\/posts"}],"about":[{"href":"https:\/\/jornalvalenews.com.br\/index.php\/wp-json\/wp\/v2\/types\/post"}],"author":[{"embeddable":true,"href":"https:\/\/jornalvalenews.com.br\/index.php\/wp-json\/wp\/v2\/users\/1"}],"replies":[{"embeddable":true,"href":"https:\/\/jornalvalenews.com.br\/index.php\/wp-json\/wp\/v2\/comments?post=5343"}],"version-history":[{"count":3,"href":"https:\/\/jornalvalenews.com.br\/index.php\/wp-json\/wp\/v2\/posts\/5343\/revisions"}],"predecessor-version":[{"id":5347,"href":"https:\/\/jornalvalenews.com.br\/index.php\/wp-json\/wp\/v2\/posts\/5343\/revisions\/5347"}],"wp:featuredmedia":[{"embeddable":true,"href":"https:\/\/jornalvalenews.com.br\/index.php\/wp-json\/wp\/v2\/media\/5344"}],"wp:attachment":[{"href":"https:\/\/jornalvalenews.com.br\/index.php\/wp-json\/wp\/v2\/media?parent=5343"}],"wp:term":[{"taxonomy":"category","embeddable":true,"href":"https:\/\/jornalvalenews.com.br\/index.php\/wp-json\/wp\/v2\/categories?post=5343"},{"taxonomy":"post_tag","embeddable":true,"href":"https:\/\/jornalvalenews.com.br\/index.php\/wp-json\/wp\/v2\/tags?post=5343"}],"curies":[{"name":"wp","href":"https:\/\/api.w.org\/{rel}","templated":true}]}}