{"id":5340,"date":"2026-03-06T21:45:33","date_gmt":"2026-03-07T00:45:33","guid":{"rendered":"https:\/\/jornalvalenews.com.br\/?p=5340"},"modified":"2026-03-06T21:45:33","modified_gmt":"2026-03-07T00:45:33","slug":"tragedia-em-rubiataba-acidente-provoca-morte-de-crianca-de-apenas-1-ano","status":"publish","type":"post","link":"https:\/\/jornalvalenews.com.br\/index.php\/2026\/03\/06\/tragedia-em-rubiataba-acidente-provoca-morte-de-crianca-de-apenas-1-ano\/","title":{"rendered":"Trag\u00e9dia em Rubiataba: acidente provoca morte de crian\u00e7a de apenas 1 ano"},"content":{"rendered":"<p data-start=\"345\" data-end=\"620\">\n<p data-start=\"345\" data-end=\"620\"><a href=\"https:\/\/api.whatsapp.com\/send?phone=5562998212725&amp;text=Ol%C3%A1,%20gostaria%20de%20falar%20com%20a%20secret%C3%A1ria%20do%20Dr.%20Paulo%20e%20Dra.%20Caroline\" target=\"_blank\" rel=\"noopener\"><img loading=\"lazy\" decoding=\"async\" class=\"aligncenter\" src=\"https:\/\/jornalvalenews.com.br\/wp-content\/uploads\/2024\/08\/novo-gif-dr.-paulo.gif\" alt=\"\" width=\"800\" height=\"666\" \/><\/a><\/p>\n<p data-start=\"345\" data-end=\"620\">\n<p data-start=\"345\" data-end=\"620\">A tarde desta <strong data-start=\"359\" data-end=\"378\">sexta-feira (6)<\/strong> foi marcada por tristeza e como\u00e7\u00e3o no munic\u00edpio de <strong data-start=\"430\" data-end=\"443\">Rubiataba<\/strong>, ap\u00f3s um grave acidente de tr\u00e2nsito registrado na <strong data-start=\"494\" data-end=\"541\">Avenida Jatob\u00e1, na regi\u00e3o central da cidade<\/strong>, resultar na morte de uma crian\u00e7a de <strong data-start=\"579\" data-end=\"619\">apenas 1 ano e poucos meses de idade<\/strong>.<\/p>\n<p data-start=\"622\" data-end=\"839\">De acordo com as <strong data-start=\"639\" data-end=\"664\">primeiras informa\u00e7\u00f5es<\/strong>, a ocorr\u00eancia envolveu <strong data-start=\"688\" data-end=\"718\">um carro e uma motocicleta<\/strong>, que teriam colidido no local. <strong data-start=\"750\" data-end=\"839\">A din\u00e2mica exata do acidente ainda n\u00e3o foi oficialmente confirmada pelas autoridades.<\/strong><\/p>\n<p data-start=\"841\" data-end=\"978\">A crian\u00e7a estava <strong data-start=\"858\" data-end=\"886\">no carro junto com a m\u00e3e<\/strong> e, infelizmente, <strong data-start=\"904\" data-end=\"935\">n\u00e3o resistiu aos ferimentos<\/strong>, vindo a \u00f3bito ainda no local do acidente.<\/p>\n<p data-start=\"980\" data-end=\"1224\">Equipes do <strong data-start=\"991\" data-end=\"1042\">Servi\u00e7o de Atendimento M\u00f3vel de Urg\u00eancia (SAMU)<\/strong> foram acionadas e estiveram na ocorr\u00eancia para prestar atendimento. A <strong data-start=\"1113\" data-end=\"1132\">Pol\u00edcia Militar<\/strong> tamb\u00e9m compareceu ao local para realizar os primeiros procedimentos e controlar a situa\u00e7\u00e3o.<\/p>\n<p data-start=\"1226\" data-end=\"1323\">Posteriormente, o <strong data-start=\"1244\" data-end=\"1276\">Instituto M\u00e9dico Legal (IML)<\/strong> foi acionado para realizar a remo\u00e7\u00e3o do corpo.<\/p>\n<p data-start=\"1325\" data-end=\"1461\">A trag\u00e9dia gerou <strong data-start=\"1342\" data-end=\"1411\">grande como\u00e7\u00e3o entre moradores e pessoas que passavam pela regi\u00e3o<\/strong>, diante da perda precoce que abalou a comunidade.<\/p>\n<p data-start=\"1463\" data-end=\"1597\">A ocorr\u00eancia <strong data-start=\"1476\" data-end=\"1497\">segue em apura\u00e7\u00e3o<\/strong>, e novas informa\u00e7\u00f5es poder\u00e3o ser divulgadas a qualquer momento conforme o avan\u00e7o das investiga\u00e7\u00f5es.<\/p>\n<h3 data-start=\"2294\" data-end=\"2377\"><strong>Siga o Instagram do @jornalvalenews e fique por dentro das principais not\u00edcias: <a href=\"https:\/\/www.instagram.com\/jornalvalenews\/\" target=\"_blank\" rel=\"noopener\">clique aqui!<\/a><\/strong><\/h3>\n","protected":false},"excerpt":{"rendered":"<p>A tarde desta sexta-feira (6) foi marcada por tristeza e como\u00e7\u00e3o no munic\u00edpio de Rubiataba, ap\u00f3s um grave acidente de tr\u00e2nsito registrado na Avenida Jatob\u00e1, na regi\u00e3o central da cidade, resultar na morte de uma crian\u00e7a de apenas 1 ano e poucos meses de idade. De acordo com as primeiras informa\u00e7\u00f5es, a ocorr\u00eancia envolveu um [&hellip;]<\/p>\n","protected":false},"author":1,"featured_media":5341,"comment_status":"open","ping_status":"open","sticky":false,"template":"","format":"standard","meta":{"om_disable_all_campaigns":false,"footnotes":"","jetpack_publicize_message":"","jetpack_publicize_feature_enabled":true,"jetpack_social_post_already_shared":true,"jetpack_social_options":{"image_generator_settings":{"template":"highway","enabled":false}}},"categories":[6,8,387,9],"tags":[872,378,92,873],"jetpack_publicize_connections":[],"jetpack_sharing_enabled":true,"jetpack_featured_media_url":"https:\/\/jornalvalenews.com.br\/wp-content\/uploads\/2026\/03\/WhatsApp-Image-2026-03-06-at-21.39.57.jpeg","_links":{"self":[{"href":"https:\/\/jornalvalenews.com.br\/index.php\/wp-json\/wp\/v2\/posts\/5340"}],"collection":[{"href":"https:\/\/jornalvalenews.com.br\/index.php\/wp-json\/wp\/v2\/posts"}],"about":[{"href":"https:\/\/jornalvalenews.com.br\/index.php\/wp-json\/wp\/v2\/types\/post"}],"author":[{"embeddable":true,"href":"https:\/\/jornalvalenews.com.br\/index.php\/wp-json\/wp\/v2\/users\/1"}],"replies":[{"embeddable":true,"href":"https:\/\/jornalvalenews.com.br\/index.php\/wp-json\/wp\/v2\/comments?post=5340"}],"version-history":[{"count":1,"href":"https:\/\/jornalvalenews.com.br\/index.php\/wp-json\/wp\/v2\/posts\/5340\/revisions"}],"predecessor-version":[{"id":5342,"href":"https:\/\/jornalvalenews.com.br\/index.php\/wp-json\/wp\/v2\/posts\/5340\/revisions\/5342"}],"wp:featuredmedia":[{"embeddable":true,"href":"https:\/\/jornalvalenews.com.br\/index.php\/wp-json\/wp\/v2\/media\/5341"}],"wp:attachment":[{"href":"https:\/\/jornalvalenews.com.br\/index.php\/wp-json\/wp\/v2\/media?parent=5340"}],"wp:term":[{"taxonomy":"category","embeddable":true,"href":"https:\/\/jornalvalenews.com.br\/index.php\/wp-json\/wp\/v2\/categories?post=5340"},{"taxonomy":"post_tag","embeddable":true,"href":"https:\/\/jornalvalenews.com.br\/index.php\/wp-json\/wp\/v2\/tags?post=5340"}],"curies":[{"name":"wp","href":"https:\/\/api.w.org\/{rel}","templated":true}]}}