{"id":5337,"date":"2026-02-23T16:23:14","date_gmt":"2026-02-23T19:23:14","guid":{"rendered":"https:\/\/jornalvalenews.com.br\/?p=5337"},"modified":"2026-03-06T16:24:27","modified_gmt":"2026-03-06T19:24:27","slug":"rialma-tera-primeira-escola-municipal-de-idiomas-do-vale-do-sao-patricio","status":"publish","type":"post","link":"https:\/\/jornalvalenews.com.br\/index.php\/2026\/02\/23\/rialma-tera-primeira-escola-municipal-de-idiomas-do-vale-do-sao-patricio\/","title":{"rendered":"Rialma ter\u00e1 primeira Escola Municipal de Idiomas do Vale do S\u00e3o Patr\u00edcio"},"content":{"rendered":"<p>O prefeito de Rialma, Dr. Lucas Chaves, anunciou no dia 23 de fevereiro a implanta\u00e7\u00e3o da primeira Escola Municipal de Idiomas do Vale do S\u00e3o Patr\u00edcio no munic\u00edpio. A iniciativa tem como objetivo ampliar as oportunidades educacionais para estudantes da rede municipal.<\/p>\n<p>De acordo com o an\u00fancio, a proposta prev\u00ea que os alunos tenham acesso a aulas de ingl\u00eas e espanhol fora da grade curricular, permitindo que desenvolvam novas habilidades lingu\u00edsticas e ampliem suas possibilidades acad\u00eamicas e profissionais.<\/p>\n<p>A implanta\u00e7\u00e3o da escola conta com emenda parlamentar e parceria com o deputado estadual Lucas do Vale, que contribuiu para viabilizar a estrutura\u00e7\u00e3o do projeto. Segundo a gest\u00e3o municipal, o espa\u00e7o est\u00e1 sendo organizado com planejamento para atender os estudantes da rede p\u00fablica.<\/p>\n<p>A cria\u00e7\u00e3o da Escola Municipal de Idiomas integra as a\u00e7\u00f5es voltadas ao fortalecimento da educa\u00e7\u00e3o em Rialma e busca preparar os jovens para um cen\u00e1rio cada vez mais globalizado, onde o dom\u00ednio de outros idiomas se torna um diferencial importante para o futuro profissional.<\/p>\n<p>A expectativa da administra\u00e7\u00e3o municipal \u00e9 que a iniciativa contribua para ampliar horizontes educacionais e oferecer novas oportunidades de forma\u00e7\u00e3o para os estudantes do munic\u00edpio.<\/p>\n","protected":false},"excerpt":{"rendered":"<p>O prefeito de Rialma, Dr. Lucas Chaves, anunciou no dia 23 de fevereiro a implanta\u00e7\u00e3o da primeira Escola Municipal de Idiomas do Vale do S\u00e3o Patr\u00edcio no munic\u00edpio. A iniciativa tem como objetivo ampliar as oportunidades educacionais para estudantes da rede municipal. De acordo com o an\u00fancio, a proposta prev\u00ea que os alunos tenham acesso [&hellip;]<\/p>\n","protected":false},"author":1,"featured_media":5338,"comment_status":"open","ping_status":"open","sticky":false,"template":"","format":"standard","meta":{"om_disable_all_campaigns":false,"footnotes":"","jetpack_publicize_message":"","jetpack_publicize_feature_enabled":true,"jetpack_social_post_already_shared":true,"jetpack_social_options":{"image_generator_settings":{"template":"highway","enabled":false}}},"categories":[8,5,12,9],"tags":[],"jetpack_publicize_connections":[],"jetpack_sharing_enabled":true,"jetpack_featured_media_url":"https:\/\/jornalvalenews.com.br\/wp-content\/uploads\/2026\/03\/WhatsApp-Image-2026-03-06-at-16.16.58.jpeg","_links":{"self":[{"href":"https:\/\/jornalvalenews.com.br\/index.php\/wp-json\/wp\/v2\/posts\/5337"}],"collection":[{"href":"https:\/\/jornalvalenews.com.br\/index.php\/wp-json\/wp\/v2\/posts"}],"about":[{"href":"https:\/\/jornalvalenews.com.br\/index.php\/wp-json\/wp\/v2\/types\/post"}],"author":[{"embeddable":true,"href":"https:\/\/jornalvalenews.com.br\/index.php\/wp-json\/wp\/v2\/users\/1"}],"replies":[{"embeddable":true,"href":"https:\/\/jornalvalenews.com.br\/index.php\/wp-json\/wp\/v2\/comments?post=5337"}],"version-history":[{"count":1,"href":"https:\/\/jornalvalenews.com.br\/index.php\/wp-json\/wp\/v2\/posts\/5337\/revisions"}],"predecessor-version":[{"id":5339,"href":"https:\/\/jornalvalenews.com.br\/index.php\/wp-json\/wp\/v2\/posts\/5337\/revisions\/5339"}],"wp:featuredmedia":[{"embeddable":true,"href":"https:\/\/jornalvalenews.com.br\/index.php\/wp-json\/wp\/v2\/media\/5338"}],"wp:attachment":[{"href":"https:\/\/jornalvalenews.com.br\/index.php\/wp-json\/wp\/v2\/media?parent=5337"}],"wp:term":[{"taxonomy":"category","embeddable":true,"href":"https:\/\/jornalvalenews.com.br\/index.php\/wp-json\/wp\/v2\/categories?post=5337"},{"taxonomy":"post_tag","embeddable":true,"href":"https:\/\/jornalvalenews.com.br\/index.php\/wp-json\/wp\/v2\/tags?post=5337"}],"curies":[{"name":"wp","href":"https:\/\/api.w.org\/{rel}","templated":true}]}}