{"id":5331,"date":"2026-02-10T16:19:50","date_gmt":"2026-02-10T19:19:50","guid":{"rendered":"https:\/\/jornalvalenews.com.br\/?p=5331"},"modified":"2026-03-06T16:21:24","modified_gmt":"2026-03-06T19:21:24","slug":"prefeito-de-rialma-oficializa-pagamento-do-piso-salarial-dos-professores-da-rede-municipal","status":"publish","type":"post","link":"https:\/\/jornalvalenews.com.br\/index.php\/2026\/02\/10\/prefeito-de-rialma-oficializa-pagamento-do-piso-salarial-dos-professores-da-rede-municipal\/","title":{"rendered":"Prefeito de Rialma oficializa pagamento do piso salarial dos professores da rede municipal"},"content":{"rendered":"<p>ensino. O ato foi formalizado pelo prefeito, ao lado da secret\u00e1ria municipal de Educa\u00e7\u00e3o, em um momento registrado pela gest\u00e3o como parte das a\u00e7\u00f5es de valoriza\u00e7\u00e3o da educa\u00e7\u00e3o no munic\u00edpio.<\/p>\n<p>A medida representa o reconhecimento ao trabalho desenvolvido pelos profissionais da educa\u00e7\u00e3o, respons\u00e1veis por atuar diretamente na forma\u00e7\u00e3o de crian\u00e7as e jovens nas escolas da rede p\u00fablica.<\/p>\n<p>De acordo com a gest\u00e3o municipal, a valoriza\u00e7\u00e3o dos professores \u00e9 considerada um passo importante para o fortalecimento da educa\u00e7\u00e3o, j\u00e1 que os educadores exercem papel fundamental no processo de ensino e aprendizagem dentro da sala de aula.<\/p>\n<p>O pagamento do piso salarial integra as pol\u00edticas voltadas ao incentivo e \u00e0 valoriza\u00e7\u00e3o dos profissionais da educa\u00e7\u00e3o, refor\u00e7ando a import\u00e2ncia do investimento cont\u00ednuo na qualidade do ensino e no desenvolvimento educacional do munic\u00edpio.<\/p>\n<p>A administra\u00e7\u00e3o municipal destaca que iniciativas como essa contribuem para fortalecer o trabalho pedag\u00f3gico e garantir melhores condi\u00e7\u00f5es para que os profissionais da educa\u00e7\u00e3o desempenhem suas fun\u00e7\u00f5es no dia a dia escolar.<\/p>\n","protected":false},"excerpt":{"rendered":"<p>ensino. O ato foi formalizado pelo prefeito, ao lado da secret\u00e1ria municipal de Educa\u00e7\u00e3o, em um momento registrado pela gest\u00e3o como parte das a\u00e7\u00f5es de valoriza\u00e7\u00e3o da educa\u00e7\u00e3o no munic\u00edpio. A medida representa o reconhecimento ao trabalho desenvolvido pelos profissionais da educa\u00e7\u00e3o, respons\u00e1veis por atuar diretamente na forma\u00e7\u00e3o de crian\u00e7as e jovens nas escolas da [&hellip;]<\/p>\n","protected":false},"author":1,"featured_media":5332,"comment_status":"open","ping_status":"open","sticky":false,"template":"","format":"standard","meta":{"om_disable_all_campaigns":false,"footnotes":"","jetpack_publicize_message":"","jetpack_publicize_feature_enabled":true,"jetpack_social_post_already_shared":true,"jetpack_social_options":{"image_generator_settings":{"template":"highway","enabled":false}}},"categories":[8,5,12,9],"tags":[],"jetpack_publicize_connections":[],"jetpack_sharing_enabled":true,"jetpack_featured_media_url":"https:\/\/jornalvalenews.com.br\/wp-content\/uploads\/2026\/03\/Inserir-um-titulo-2026-03-06T162053.611.png","_links":{"self":[{"href":"https:\/\/jornalvalenews.com.br\/index.php\/wp-json\/wp\/v2\/posts\/5331"}],"collection":[{"href":"https:\/\/jornalvalenews.com.br\/index.php\/wp-json\/wp\/v2\/posts"}],"about":[{"href":"https:\/\/jornalvalenews.com.br\/index.php\/wp-json\/wp\/v2\/types\/post"}],"author":[{"embeddable":true,"href":"https:\/\/jornalvalenews.com.br\/index.php\/wp-json\/wp\/v2\/users\/1"}],"replies":[{"embeddable":true,"href":"https:\/\/jornalvalenews.com.br\/index.php\/wp-json\/wp\/v2\/comments?post=5331"}],"version-history":[{"count":1,"href":"https:\/\/jornalvalenews.com.br\/index.php\/wp-json\/wp\/v2\/posts\/5331\/revisions"}],"predecessor-version":[{"id":5333,"href":"https:\/\/jornalvalenews.com.br\/index.php\/wp-json\/wp\/v2\/posts\/5331\/revisions\/5333"}],"wp:featuredmedia":[{"embeddable":true,"href":"https:\/\/jornalvalenews.com.br\/index.php\/wp-json\/wp\/v2\/media\/5332"}],"wp:attachment":[{"href":"https:\/\/jornalvalenews.com.br\/index.php\/wp-json\/wp\/v2\/media?parent=5331"}],"wp:term":[{"taxonomy":"category","embeddable":true,"href":"https:\/\/jornalvalenews.com.br\/index.php\/wp-json\/wp\/v2\/categories?post=5331"},{"taxonomy":"post_tag","embeddable":true,"href":"https:\/\/jornalvalenews.com.br\/index.php\/wp-json\/wp\/v2\/tags?post=5331"}],"curies":[{"name":"wp","href":"https:\/\/api.w.org\/{rel}","templated":true}]}}