{"id":5328,"date":"2026-02-10T16:17:26","date_gmt":"2026-02-10T19:17:26","guid":{"rendered":"https:\/\/jornalvalenews.com.br\/?p=5328"},"modified":"2026-03-06T16:19:42","modified_gmt":"2026-03-06T19:19:42","slug":"prefeitura-de-rialma-promove-bloquinho-da-melhor-idade-com-tarde-de-integracao-e-diversao","status":"publish","type":"post","link":"https:\/\/jornalvalenews.com.br\/index.php\/2026\/02\/10\/prefeitura-de-rialma-promove-bloquinho-da-melhor-idade-com-tarde-de-integracao-e-diversao\/","title":{"rendered":"Prefeitura de Rialma promove Bloquinho da Melhor Idade com tarde de integra\u00e7\u00e3o e divers\u00e3o"},"content":{"rendered":"<p>A Prefeitura de Rialma, por meio da Secretaria Municipal de Assist\u00eancia Social, realiza no dia 11 de fevereiro o Bloquinho da Melhor Idade \u2013 Uni\u00e3o das Experi\u00eancias, um momento especial voltado \u00e0 integra\u00e7\u00e3o e valoriza\u00e7\u00e3o dos idosos atendidos pelo Servi\u00e7o de Conviv\u00eancia e Fortalecimento de V\u00ednculos (SCFV).<\/p>\n<p>O evento acontece a partir das 13h, no espa\u00e7o do SCFV, no antigo PETI, e promete uma tarde marcada por alegria, m\u00fasica, cores e momentos de conviv\u00eancia entre os participantes.<\/p>\n<p>A iniciativa tem como objetivo promover a socializa\u00e7\u00e3o e fortalecer os v\u00ednculos entre os integrantes do servi\u00e7o, proporcionando um ambiente de celebra\u00e7\u00e3o da vida e das experi\u00eancias acumuladas ao longo dos anos.<\/p>\n<p>Com programa\u00e7\u00e3o preparada com carinho pela equipe da Assist\u00eancia Social, o encontro busca estimular a participa\u00e7\u00e3o ativa da melhor idade em atividades recreativas e culturais, refor\u00e7ando a import\u00e2ncia da conviv\u00eancia comunit\u00e1ria e do bem-estar social.<\/p>\n<p>A expectativa \u00e9 reunir os participantes do servi\u00e7o em uma tarde de descontra\u00e7\u00e3o, marcada por sorrisos, intera\u00e7\u00e3o e muita energia positiva.<\/p>\n<p>A Secretaria de Assist\u00eancia Social convida todos os integrantes do SCFV da melhor idade para participarem desse momento especial de celebra\u00e7\u00e3o e conviv\u00eancia.<\/p>\n","protected":false},"excerpt":{"rendered":"<p>A Prefeitura de Rialma, por meio da Secretaria Municipal de Assist\u00eancia Social, realiza no dia 11 de fevereiro o Bloquinho da Melhor Idade \u2013 Uni\u00e3o das Experi\u00eancias, um momento especial voltado \u00e0 integra\u00e7\u00e3o e valoriza\u00e7\u00e3o dos idosos atendidos pelo Servi\u00e7o de Conviv\u00eancia e Fortalecimento de V\u00ednculos (SCFV). O evento acontece a partir das 13h, no [&hellip;]<\/p>\n","protected":false},"author":1,"featured_media":5329,"comment_status":"open","ping_status":"open","sticky":false,"template":"","format":"standard","meta":{"om_disable_all_campaigns":false,"footnotes":"","jetpack_publicize_message":"","jetpack_publicize_feature_enabled":true,"jetpack_social_post_already_shared":true,"jetpack_social_options":{"image_generator_settings":{"template":"highway","enabled":false}}},"categories":[8,5,12,9],"tags":[],"jetpack_publicize_connections":[],"jetpack_sharing_enabled":true,"jetpack_featured_media_url":"https:\/\/jornalvalenews.com.br\/wp-content\/uploads\/2026\/03\/Inserir-um-titulo-2026-03-06T161910.362.png","_links":{"self":[{"href":"https:\/\/jornalvalenews.com.br\/index.php\/wp-json\/wp\/v2\/posts\/5328"}],"collection":[{"href":"https:\/\/jornalvalenews.com.br\/index.php\/wp-json\/wp\/v2\/posts"}],"about":[{"href":"https:\/\/jornalvalenews.com.br\/index.php\/wp-json\/wp\/v2\/types\/post"}],"author":[{"embeddable":true,"href":"https:\/\/jornalvalenews.com.br\/index.php\/wp-json\/wp\/v2\/users\/1"}],"replies":[{"embeddable":true,"href":"https:\/\/jornalvalenews.com.br\/index.php\/wp-json\/wp\/v2\/comments?post=5328"}],"version-history":[{"count":1,"href":"https:\/\/jornalvalenews.com.br\/index.php\/wp-json\/wp\/v2\/posts\/5328\/revisions"}],"predecessor-version":[{"id":5330,"href":"https:\/\/jornalvalenews.com.br\/index.php\/wp-json\/wp\/v2\/posts\/5328\/revisions\/5330"}],"wp:featuredmedia":[{"embeddable":true,"href":"https:\/\/jornalvalenews.com.br\/index.php\/wp-json\/wp\/v2\/media\/5329"}],"wp:attachment":[{"href":"https:\/\/jornalvalenews.com.br\/index.php\/wp-json\/wp\/v2\/media?parent=5328"}],"wp:term":[{"taxonomy":"category","embeddable":true,"href":"https:\/\/jornalvalenews.com.br\/index.php\/wp-json\/wp\/v2\/categories?post=5328"},{"taxonomy":"post_tag","embeddable":true,"href":"https:\/\/jornalvalenews.com.br\/index.php\/wp-json\/wp\/v2\/tags?post=5328"}],"curies":[{"name":"wp","href":"https:\/\/api.w.org\/{rel}","templated":true}]}}