{"id":5325,"date":"2026-02-27T15:36:03","date_gmt":"2026-02-27T18:36:03","guid":{"rendered":"https:\/\/jornalvalenews.com.br\/?p=5325"},"modified":"2026-03-06T15:37:47","modified_gmt":"2026-03-06T18:37:47","slug":"ceres-recebe-selo-ouro-em-programa-nacional-que-reconhece-avancos-na-alfabetizacao","status":"publish","type":"post","link":"https:\/\/jornalvalenews.com.br\/index.php\/2026\/02\/27\/ceres-recebe-selo-ouro-em-programa-nacional-que-reconhece-avancos-na-alfabetizacao\/","title":{"rendered":"Ceres recebe Selo Ouro em programa nacional que reconhece avan\u00e7os na alfabetiza\u00e7\u00e3o"},"content":{"rendered":"<div class=\"flex flex-col text-sm pb-25\">\n<article class=\"text-token-text-primary w-full focus:outline-none [--shadow-height:45px] has-data-writing-block:pointer-events-none has-data-writing-block:-mt-(--shadow-height) has-data-writing-block:pt-(--shadow-height) [&amp;:has([data-writing-block])&gt;*]:pointer-events-auto scroll-mt-[calc(var(--header-height)+min(200px,max(70px,20svh)))]\" dir=\"auto\" tabindex=\"-1\" data-turn-id=\"request-69979366-0cac-832a-a3a7-b8e20ae51c28-40\" data-testid=\"conversation-turn-286\" data-scroll-anchor=\"true\" data-turn=\"assistant\">\n<div class=\"text-base my-auto mx-auto pb-10 [--thread-content-margin:--spacing(4)] @w-sm\/main:[--thread-content-margin:--spacing(6)] @w-lg\/main:[--thread-content-margin:--spacing(16)] px-(--thread-content-margin)\">\n<div class=\"[--thread-content-max-width:40rem] @w-lg\/main:[--thread-content-max-width:48rem] mx-auto max-w-(--thread-content-max-width) flex-1 group\/turn-messages focus-visible:outline-hidden relative flex w-full min-w-0 flex-col agent-turn\" tabindex=\"-1\">\n<div class=\"flex max-w-full flex-col grow\">\n<div class=\"min-h-8 text-message relative flex w-full flex-col items-end gap-2 text-start break-words whitespace-normal [.text-message+&amp;]:mt-1\" dir=\"auto\" data-message-author-role=\"assistant\" data-message-id=\"b4f73381-01e4-4633-bc76-db233e256252\" data-message-model-slug=\"gpt-5-3\">\n<div class=\"flex w-full flex-col gap-1 empty:hidden first:pt-[1px]\">\n<div class=\"markdown prose dark:prose-invert w-full wrap-break-word light markdown-new-styling\">\n<p data-start=\"352\" data-end=\"601\">O munic\u00edpio de <strong data-start=\"367\" data-end=\"448\">Ceres recebeu o Selo Ouro no Compromisso Nacional Crian\u00e7a Alfabetizada (CNCA)<\/strong>, reconhecimento concedido dentro do <strong data-start=\"485\" data-end=\"512\">programa AlfaMais Goi\u00e1s<\/strong>, que destaca cidades com bons resultados no processo de alfabetiza\u00e7\u00e3o na idade adequada.<\/p>\n<p data-start=\"603\" data-end=\"900\">O pr\u00eamio <strong data-start=\"612\" data-end=\"652\">Excel\u00eancia na Alfabetiza\u00e7\u00e3o em Goi\u00e1s<\/strong> \u00e9 destinado a munic\u00edpios que apresentam <strong data-start=\"693\" data-end=\"778\">resultados concretos no ensino das crian\u00e7as nos primeiros anos da educa\u00e7\u00e3o b\u00e1sica<\/strong>, demonstrando planejamento educacional, acompanhamento pedag\u00f3gico e pol\u00edticas voltadas ao fortalecimento da aprendizagem.<\/p>\n<p data-start=\"902\" data-end=\"1220\">De acordo com as informa\u00e7\u00f5es divulgadas pela administra\u00e7\u00e3o municipal, o reconhecimento indica que o munic\u00edpio vem alcan\u00e7ando avan\u00e7os em aspectos considerados fundamentais para o processo educacional, como <strong data-start=\"1107\" data-end=\"1219\">qualidade do ensino nos anos iniciais, acompanhamento pedag\u00f3gico e valoriza\u00e7\u00e3o dos profissionais da educa\u00e7\u00e3o<\/strong>.<\/p>\n<p data-start=\"1222\" data-end=\"1533\">O <strong data-start=\"1224\" data-end=\"1269\">Compromisso Nacional Crian\u00e7a Alfabetizada<\/strong> \u00e9 uma iniciativa voltada \u00e0 melhoria dos \u00edndices de alfabetiza\u00e7\u00e3o em todo o pa\u00eds, incentivando estados e munic\u00edpios a desenvolverem estrat\u00e9gias que garantam que <strong data-start=\"1430\" data-end=\"1532\">as crian\u00e7as aprendam a ler e escrever na idade considerada adequada para o desenvolvimento escolar<\/strong>.<\/p>\n<p data-start=\"1535\" data-end=\"1772\" data-is-last-node=\"\" data-is-only-node=\"\">Segundo a gest\u00e3o municipal, o resultado refor\u00e7a a import\u00e2ncia de <strong data-start=\"1600\" data-end=\"1646\">investimentos cont\u00ednuos na educa\u00e7\u00e3o b\u00e1sica<\/strong>, especialmente nas etapas iniciais do processo de ensino, consideradas essenciais para a forma\u00e7\u00e3o educacional dos estudantes.<\/p>\n<\/div>\n<\/div>\n<\/div>\n<\/div>\n<div class=\"z-0 flex min-h-[46px] justify-start\"><\/div>\n<div class=\"mt-3 w-full empty:hidden\">\n<div class=\"text-center\"><\/div>\n<\/div>\n<\/div>\n<\/div>\n<\/article>\n<\/div>\n<div class=\"pointer-events-none h-px w-px absolute bottom-0\" aria-hidden=\"true\" data-edge=\"true\"><\/div>\n","protected":false},"excerpt":{"rendered":"<p>O munic\u00edpio de Ceres recebeu o Selo Ouro no Compromisso Nacional Crian\u00e7a Alfabetizada (CNCA), reconhecimento concedido dentro do programa AlfaMais Goi\u00e1s, que destaca cidades com bons resultados no processo de alfabetiza\u00e7\u00e3o na idade adequada. O pr\u00eamio Excel\u00eancia na Alfabetiza\u00e7\u00e3o em Goi\u00e1s \u00e9 destinado a munic\u00edpios que apresentam resultados concretos no ensino das crian\u00e7as nos primeiros [&hellip;]<\/p>\n","protected":false},"author":1,"featured_media":5326,"comment_status":"open","ping_status":"open","sticky":false,"template":"","format":"standard","meta":{"om_disable_all_campaigns":false,"footnotes":"","jetpack_publicize_message":"","jetpack_publicize_feature_enabled":true,"jetpack_social_post_already_shared":true,"jetpack_social_options":{"image_generator_settings":{"template":"highway","enabled":false}}},"categories":[11,8,5,9],"tags":[],"jetpack_publicize_connections":[],"jetpack_sharing_enabled":true,"jetpack_featured_media_url":"https:\/\/jornalvalenews.com.br\/wp-content\/uploads\/2026\/03\/WhatsApp-Image-2026-03-06-at-15.35.54.jpeg","_links":{"self":[{"href":"https:\/\/jornalvalenews.com.br\/index.php\/wp-json\/wp\/v2\/posts\/5325"}],"collection":[{"href":"https:\/\/jornalvalenews.com.br\/index.php\/wp-json\/wp\/v2\/posts"}],"about":[{"href":"https:\/\/jornalvalenews.com.br\/index.php\/wp-json\/wp\/v2\/types\/post"}],"author":[{"embeddable":true,"href":"https:\/\/jornalvalenews.com.br\/index.php\/wp-json\/wp\/v2\/users\/1"}],"replies":[{"embeddable":true,"href":"https:\/\/jornalvalenews.com.br\/index.php\/wp-json\/wp\/v2\/comments?post=5325"}],"version-history":[{"count":1,"href":"https:\/\/jornalvalenews.com.br\/index.php\/wp-json\/wp\/v2\/posts\/5325\/revisions"}],"predecessor-version":[{"id":5327,"href":"https:\/\/jornalvalenews.com.br\/index.php\/wp-json\/wp\/v2\/posts\/5325\/revisions\/5327"}],"wp:featuredmedia":[{"embeddable":true,"href":"https:\/\/jornalvalenews.com.br\/index.php\/wp-json\/wp\/v2\/media\/5326"}],"wp:attachment":[{"href":"https:\/\/jornalvalenews.com.br\/index.php\/wp-json\/wp\/v2\/media?parent=5325"}],"wp:term":[{"taxonomy":"category","embeddable":true,"href":"https:\/\/jornalvalenews.com.br\/index.php\/wp-json\/wp\/v2\/categories?post=5325"},{"taxonomy":"post_tag","embeddable":true,"href":"https:\/\/jornalvalenews.com.br\/index.php\/wp-json\/wp\/v2\/tags?post=5325"}],"curies":[{"name":"wp","href":"https:\/\/api.w.org\/{rel}","templated":true}]}}