{"id":5322,"date":"2026-02-23T15:32:51","date_gmt":"2026-02-23T18:32:51","guid":{"rendered":"https:\/\/jornalvalenews.com.br\/?p=5322"},"modified":"2026-03-06T15:34:24","modified_gmt":"2026-03-06T18:34:24","slug":"ceres-retoma-atividades-do-servico-de-convivencia-e-fortalecimento-de-vinculos-voltado-as-criancas","status":"publish","type":"post","link":"https:\/\/jornalvalenews.com.br\/index.php\/2026\/02\/23\/ceres-retoma-atividades-do-servico-de-convivencia-e-fortalecimento-de-vinculos-voltado-as-criancas\/","title":{"rendered":"Ceres retoma atividades do Servi\u00e7o de Conviv\u00eancia e Fortalecimento de V\u00ednculos voltado \u00e0s crian\u00e7as"},"content":{"rendered":"<p data-start=\"318\" data-end=\"543\">O munic\u00edpio de Ceres <strong data-start=\"339\" data-end=\"432\">retomou nesta semana as atividades do Servi\u00e7o de Conviv\u00eancia e Fortalecimento de V\u00ednculos<\/strong>, iniciativa voltada ao acompanhamento e desenvolvimento de crian\u00e7as atendidas pela rede de assist\u00eancia social.<\/p>\n<p data-start=\"545\" data-end=\"793\">A a\u00e7\u00e3o \u00e9 realizada pela <strong data-start=\"569\" data-end=\"615\">Secretaria Municipal de Assist\u00eancia Social<\/strong>, com apoio da <strong data-start=\"630\" data-end=\"653\">Prefeitura de Ceres<\/strong>, e busca oferecer <strong data-start=\"672\" data-end=\"717\">um ambiente seguro, acolhedor e educativo<\/strong>, contribuindo para o fortalecimento das rela\u00e7\u00f5es familiares e comunit\u00e1rias.<\/p>\n<p data-start=\"795\" data-end=\"981\">O servi\u00e7o promove <strong data-start=\"813\" data-end=\"872\">atividades socioeducativas, de conviv\u00eancia e integra\u00e7\u00e3o<\/strong>, com foco no desenvolvimento social das crian\u00e7as e no fortalecimento dos v\u00ednculos familiares e comunit\u00e1rios.<\/p>\n<p data-start=\"983\" data-end=\"1183\">Segundo a administra\u00e7\u00e3o municipal, a retomada das atividades representa <strong data-start=\"1055\" data-end=\"1111\">mais um passo no cuidado com a inf\u00e2ncia no munic\u00edpio<\/strong>, refor\u00e7ando a\u00e7\u00f5es voltadas \u00e0 promo\u00e7\u00e3o do bem-estar e \u00e0 prote\u00e7\u00e3o social.<\/p>\n<p data-start=\"1185\" data-end=\"1448\" data-is-last-node=\"\" data-is-only-node=\"\">A iniciativa integra as pol\u00edticas p\u00fablicas de assist\u00eancia social e destaca a import\u00e2ncia de <strong data-start=\"1277\" data-end=\"1353\">investir no desenvolvimento das crian\u00e7as desde os primeiros anos de vida<\/strong>, fortalecendo o presente e contribuindo para a constru\u00e7\u00e3o de um futuro com mais oportunidades.<\/p>\n","protected":false},"excerpt":{"rendered":"<p>O munic\u00edpio de Ceres retomou nesta semana as atividades do Servi\u00e7o de Conviv\u00eancia e Fortalecimento de V\u00ednculos, iniciativa voltada ao acompanhamento e desenvolvimento de crian\u00e7as atendidas pela rede de assist\u00eancia social. A a\u00e7\u00e3o \u00e9 realizada pela Secretaria Municipal de Assist\u00eancia Social, com apoio da Prefeitura de Ceres, e busca oferecer um ambiente seguro, acolhedor e [&hellip;]<\/p>\n","protected":false},"author":1,"featured_media":5323,"comment_status":"open","ping_status":"open","sticky":false,"template":"","format":"standard","meta":{"om_disable_all_campaigns":false,"footnotes":"","jetpack_publicize_message":"","jetpack_publicize_feature_enabled":true,"jetpack_social_post_already_shared":true,"jetpack_social_options":{"image_generator_settings":{"template":"highway","enabled":false}}},"categories":[11,8,5,9],"tags":[],"jetpack_publicize_connections":[],"jetpack_sharing_enabled":true,"jetpack_featured_media_url":"https:\/\/jornalvalenews.com.br\/wp-content\/uploads\/2026\/03\/WhatsApp-Image-2026-03-06-at-15.25.51.jpeg","_links":{"self":[{"href":"https:\/\/jornalvalenews.com.br\/index.php\/wp-json\/wp\/v2\/posts\/5322"}],"collection":[{"href":"https:\/\/jornalvalenews.com.br\/index.php\/wp-json\/wp\/v2\/posts"}],"about":[{"href":"https:\/\/jornalvalenews.com.br\/index.php\/wp-json\/wp\/v2\/types\/post"}],"author":[{"embeddable":true,"href":"https:\/\/jornalvalenews.com.br\/index.php\/wp-json\/wp\/v2\/users\/1"}],"replies":[{"embeddable":true,"href":"https:\/\/jornalvalenews.com.br\/index.php\/wp-json\/wp\/v2\/comments?post=5322"}],"version-history":[{"count":1,"href":"https:\/\/jornalvalenews.com.br\/index.php\/wp-json\/wp\/v2\/posts\/5322\/revisions"}],"predecessor-version":[{"id":5324,"href":"https:\/\/jornalvalenews.com.br\/index.php\/wp-json\/wp\/v2\/posts\/5322\/revisions\/5324"}],"wp:featuredmedia":[{"embeddable":true,"href":"https:\/\/jornalvalenews.com.br\/index.php\/wp-json\/wp\/v2\/media\/5323"}],"wp:attachment":[{"href":"https:\/\/jornalvalenews.com.br\/index.php\/wp-json\/wp\/v2\/media?parent=5322"}],"wp:term":[{"taxonomy":"category","embeddable":true,"href":"https:\/\/jornalvalenews.com.br\/index.php\/wp-json\/wp\/v2\/categories?post=5322"},{"taxonomy":"post_tag","embeddable":true,"href":"https:\/\/jornalvalenews.com.br\/index.php\/wp-json\/wp\/v2\/tags?post=5322"}],"curies":[{"name":"wp","href":"https:\/\/api.w.org\/{rel}","templated":true}]}}