{"id":5319,"date":"2026-02-24T15:29:27","date_gmt":"2026-02-24T18:29:27","guid":{"rendered":"https:\/\/jornalvalenews.com.br\/?p=5319"},"modified":"2026-03-06T15:32:18","modified_gmt":"2026-03-06T18:32:18","slug":"prefeitura-de-ceres-abre-consulta-publica-para-definir-prioridades-do-orcamento-municipal-de-2027","status":"publish","type":"post","link":"https:\/\/jornalvalenews.com.br\/index.php\/2026\/02\/24\/prefeitura-de-ceres-abre-consulta-publica-para-definir-prioridades-do-orcamento-municipal-de-2027\/","title":{"rendered":"Prefeitura de Ceres abre consulta p\u00fablica para definir prioridades do or\u00e7amento municipal de 2027"},"content":{"rendered":"<p data-start=\"351\" data-end=\"693\">A <strong data-start=\"353\" data-end=\"376\">Prefeitura de Ceres<\/strong> iniciou uma consulta p\u00fablica para ouvir a popula\u00e7\u00e3o sobre as prioridades que dever\u00e3o orientar o <strong data-start=\"473\" data-end=\"520\">planejamento do or\u00e7amento municipal de 2027<\/strong>. A iniciativa faz parte da elabora\u00e7\u00e3o das <strong data-start=\"563\" data-end=\"598\">Leis Or\u00e7ament\u00e1rias do munic\u00edpio<\/strong>, que incluem a <strong data-start=\"614\" data-end=\"655\">Lei de Diretrizes Or\u00e7ament\u00e1rias (LDO)<\/strong> e a <strong data-start=\"660\" data-end=\"692\">Lei Or\u00e7ament\u00e1ria Anual (LOA)<\/strong>.<\/p>\n<p data-start=\"695\" data-end=\"902\">Esses instrumentos s\u00e3o respons\u00e1veis por definir <strong data-start=\"743\" data-end=\"806\">como os recursos p\u00fablicos ser\u00e3o aplicados nos pr\u00f3ximos anos<\/strong>, estabelecendo metas e direcionando investimentos em diferentes \u00e1reas da administra\u00e7\u00e3o p\u00fablica.<\/p>\n<p data-start=\"904\" data-end=\"1211\">De acordo com a administra\u00e7\u00e3o municipal, a <strong data-start=\"947\" data-end=\"997\">LDO define as prioridades e metas do munic\u00edpio<\/strong>, enquanto a <strong data-start=\"1010\" data-end=\"1084\">LOA detalha como os recursos p\u00fablicos ser\u00e3o utilizados ao longo do ano<\/strong>, indicando a destina\u00e7\u00e3o do or\u00e7amento em setores como <strong data-start=\"1138\" data-end=\"1210\">sa\u00fade, educa\u00e7\u00e3o, obras, infraestrutura, esporte e assist\u00eancia social<\/strong>.<\/p>\n<p data-start=\"1213\" data-end=\"1434\">A participa\u00e7\u00e3o da popula\u00e7\u00e3o \u00e9 considerada importante nesse processo, j\u00e1 que a consulta busca <strong data-start=\"1306\" data-end=\"1433\">identificar as principais demandas da comunidade e orientar as decis\u00f5es sobre onde os recursos p\u00fablicos devem ser aplicados<\/strong>.<\/p>\n<p data-start=\"1436\" data-end=\"1684\">Segundo o comunicado, <strong data-start=\"1458\" data-end=\"1598\">ao responder o formul\u00e1rio disponibilizado pela prefeitura, o cidad\u00e3o contribui diretamente para a defini\u00e7\u00e3o das prioridades do munic\u00edpio<\/strong>, ajudando a construir um planejamento mais alinhado com as necessidades da popula\u00e7\u00e3o.<\/p>\n<p data-start=\"1686\" data-end=\"1782\">Os interessados podem participar acessando o formul\u00e1rio disponibilizado pela prefeitura no link <a class=\"decorated-link cursor-pointer\" href=\"https:\/\/forms.gle\/EhS9RFP2KPZyZexD8\" target=\"_blank\" rel=\"noopener\" data-start=\"1784\" data-end=\"1819\">https:\/\/forms.gle\/EhS9RFP2KPZyZexD8<\/a><\/p>\n<p data-start=\"1821\" data-end=\"1981\">A administra\u00e7\u00e3o municipal destaca que <strong data-start=\"1859\" data-end=\"1980\">a colabora\u00e7\u00e3o da popula\u00e7\u00e3o \u00e9 fundamental para que o planejamento or\u00e7ament\u00e1rio reflita as reais necessidades da cidade<\/strong>.<\/p>\n","protected":false},"excerpt":{"rendered":"<p>A Prefeitura de Ceres iniciou uma consulta p\u00fablica para ouvir a popula\u00e7\u00e3o sobre as prioridades que dever\u00e3o orientar o planejamento do or\u00e7amento municipal de 2027. A iniciativa faz parte da elabora\u00e7\u00e3o das Leis Or\u00e7ament\u00e1rias do munic\u00edpio, que incluem a Lei de Diretrizes Or\u00e7ament\u00e1rias (LDO) e a Lei Or\u00e7ament\u00e1ria Anual (LOA). Esses instrumentos s\u00e3o respons\u00e1veis por [&hellip;]<\/p>\n","protected":false},"author":1,"featured_media":5320,"comment_status":"open","ping_status":"open","sticky":false,"template":"","format":"standard","meta":{"om_disable_all_campaigns":false,"footnotes":"","jetpack_publicize_message":"","jetpack_publicize_feature_enabled":true,"jetpack_social_post_already_shared":true,"jetpack_social_options":{"image_generator_settings":{"template":"highway","enabled":false}}},"categories":[11,8,5,9],"tags":[],"jetpack_publicize_connections":[],"jetpack_sharing_enabled":true,"jetpack_featured_media_url":"https:\/\/jornalvalenews.com.br\/wp-content\/uploads\/2026\/03\/Inserir-um-titulo-2026-03-06T153042.463.png","_links":{"self":[{"href":"https:\/\/jornalvalenews.com.br\/index.php\/wp-json\/wp\/v2\/posts\/5319"}],"collection":[{"href":"https:\/\/jornalvalenews.com.br\/index.php\/wp-json\/wp\/v2\/posts"}],"about":[{"href":"https:\/\/jornalvalenews.com.br\/index.php\/wp-json\/wp\/v2\/types\/post"}],"author":[{"embeddable":true,"href":"https:\/\/jornalvalenews.com.br\/index.php\/wp-json\/wp\/v2\/users\/1"}],"replies":[{"embeddable":true,"href":"https:\/\/jornalvalenews.com.br\/index.php\/wp-json\/wp\/v2\/comments?post=5319"}],"version-history":[{"count":1,"href":"https:\/\/jornalvalenews.com.br\/index.php\/wp-json\/wp\/v2\/posts\/5319\/revisions"}],"predecessor-version":[{"id":5321,"href":"https:\/\/jornalvalenews.com.br\/index.php\/wp-json\/wp\/v2\/posts\/5319\/revisions\/5321"}],"wp:featuredmedia":[{"embeddable":true,"href":"https:\/\/jornalvalenews.com.br\/index.php\/wp-json\/wp\/v2\/media\/5320"}],"wp:attachment":[{"href":"https:\/\/jornalvalenews.com.br\/index.php\/wp-json\/wp\/v2\/media?parent=5319"}],"wp:term":[{"taxonomy":"category","embeddable":true,"href":"https:\/\/jornalvalenews.com.br\/index.php\/wp-json\/wp\/v2\/categories?post=5319"},{"taxonomy":"post_tag","embeddable":true,"href":"https:\/\/jornalvalenews.com.br\/index.php\/wp-json\/wp\/v2\/tags?post=5319"}],"curies":[{"name":"wp","href":"https:\/\/api.w.org\/{rel}","templated":true}]}}