{"id":5317,"date":"2026-02-12T15:23:18","date_gmt":"2026-02-12T18:23:18","guid":{"rendered":"https:\/\/jornalvalenews.com.br\/?p=5317"},"modified":"2026-03-06T15:24:07","modified_gmt":"2026-03-06T18:24:07","slug":"prefeitura-de-ceres-convoca-aprovados-em-processo-seletivo-simplificado-para-apresentacao-de-documentos","status":"publish","type":"post","link":"https:\/\/jornalvalenews.com.br\/index.php\/2026\/02\/12\/prefeitura-de-ceres-convoca-aprovados-em-processo-seletivo-simplificado-para-apresentacao-de-documentos\/","title":{"rendered":"Prefeitura de Ceres convoca aprovados em processo seletivo simplificado para apresenta\u00e7\u00e3o de documentos"},"content":{"rendered":"<p data-start=\"399\" data-end=\"713\">A <strong data-start=\"401\" data-end=\"424\">Prefeitura de Ceres<\/strong>, por meio da <strong data-start=\"438\" data-end=\"498\">Secretaria Municipal de Administra\u00e7\u00e3o e Recursos Humanos<\/strong>, publicou o <strong data-start=\"511\" data-end=\"592\">6\u00ba Edital de Convoca\u00e7\u00e3o do Processo Seletivo P\u00fablico Simplificado n\u00ba 001\/2025<\/strong>, chamando candidatos aprovados para apresenta\u00e7\u00e3o de documentos e realiza\u00e7\u00e3o dos procedimentos necess\u00e1rios \u00e0 contrata\u00e7\u00e3o.<\/p>\n<p data-start=\"715\" data-end=\"1043\">De acordo com o edital, os <strong data-start=\"742\" data-end=\"884\">candidatos convocados dever\u00e3o comparecer ao Departamento de Recursos Humanos da Prefeitura Municipal de Ceres no prazo de cinco dias \u00fateis<\/strong>, contados a partir da data de publica\u00e7\u00e3o do documento, levando <strong data-start=\"948\" data-end=\"1042\">fotoc\u00f3pias da documenta\u00e7\u00e3o exigida acompanhadas dos respectivos originais para confer\u00eancia<\/strong>.<\/p>\n<h2 data-start=\"1045\" data-end=\"1078\">Cargos e candidatos convocados<\/h2>\n<p data-start=\"1080\" data-end=\"1133\">Foram convocados candidatos para os seguintes cargos:<\/p>\n<p data-start=\"1135\" data-end=\"1363\"><strong data-start=\"1135\" data-end=\"1183\">Auxiliar de Servi\u00e7os Gerais III (Manuten\u00e7\u00e3o)<\/strong><br data-start=\"1183\" data-end=\"1186\" \/>\u2022 F\u00e1tima Ribeiro dos Santos Alves, 12\u00ba lugar, nota 65,00<br data-start=\"1242\" data-end=\"1245\" \/>\u2022 Mike Gabriel Lemes Fernandes da Silva, 13\u00ba lugar, nota 59,00<br data-start=\"1307\" data-end=\"1310\" \/>\u2022 Orlando Gomes Pedrosa Neto, 14\u00ba lugar, nota 58,50<\/p>\n<p data-start=\"1365\" data-end=\"1605\"><strong data-start=\"1365\" data-end=\"1384\">Monitor Escolar<\/strong><br data-start=\"1384\" data-end=\"1387\" \/>\u2022 Roberta Prud\u00eancia de Fran\u00e7a, 56\u00ba lugar, nota 50,00<br data-start=\"1439\" data-end=\"1442\" \/>\u2022 Let\u00edcia Fonseca Leal, 57\u00ba lugar, nota 50,00<br data-start=\"1487\" data-end=\"1490\" \/>\u2022 Thays Gabriella Souza Ara\u00fajo, 39\u00ba lugar, nota 65,00<br data-start=\"1543\" data-end=\"1546\" \/>\u2022 Selma Ribeiro da Silva Parreiras, 44\u00ba lugar, nota 62,00<\/p>\n<p data-start=\"1607\" data-end=\"2032\"><strong data-start=\"1607\" data-end=\"1651\">Professor Auxiliar (Cadastro de Reserva)<\/strong><br data-start=\"1651\" data-end=\"1654\" \/>\u2022 K\u00e1tia Patr\u00edcia Modesto, 40\u00ba lugar, nota 83,00<br data-start=\"1701\" data-end=\"1704\" \/>\u2022 Fabr\u00edcia Francisca Xavier Lima, 41\u00ba lugar, nota 83,00<br data-start=\"1759\" data-end=\"1762\" \/>\u2022 Camila Quelita de Oliveira, 42\u00ba lugar, nota 81,00<br data-start=\"1813\" data-end=\"1816\" \/>\u2022 Mar\u00edlia Alves de Oliveira, 43\u00ba lugar, nota 76,50<br data-start=\"1866\" data-end=\"1869\" \/>\u2022 Ana Paula Bastos Pereira, 44\u00ba lugar, nota 76,00<br data-start=\"1918\" data-end=\"1921\" \/>\u2022 Julhan Soares Siqueira Tavares, 45\u00ba lugar, nota 75,00<br data-start=\"1976\" data-end=\"1979\" \/>\u2022 Ana Cl\u00e1udia da Silva Alves, 46\u00ba lugar, nota 70,00<\/p>\n<h2 data-start=\"2034\" data-end=\"2057\">Documenta\u00e7\u00e3o exigida<\/h2>\n<p data-start=\"2059\" data-end=\"2327\">Entre os documentos solicitados est\u00e3o <strong data-start=\"2097\" data-end=\"2326\">Carteira de Identidade, CPF, certid\u00e3o de nascimento ou casamento, cart\u00e3o PIS\/PASEP, fotografia 3&#215;4 recente, t\u00edtulo de eleitor com comprovante de quita\u00e7\u00e3o eleitoral e certificado de reservista para candidatos do sexo masculino<\/strong>.<\/p>\n<p data-start=\"2329\" data-end=\"2597\">Tamb\u00e9m ser\u00e1 necess\u00e1rio apresentar <strong data-start=\"2363\" data-end=\"2596\">diploma ou certificado de conclus\u00e3o exigido no edital, declara\u00e7\u00f5es e formul\u00e1rios anexos, Atestado de Sa\u00fade Ocupacional e certid\u00f5es negativas criminais e de d\u00e9bitos nas esferas federal, estadual, municipal, eleitoral e trabalhista<\/strong>.<\/p>\n<h2 data-start=\"2599\" data-end=\"2629\">Exames m\u00e9dicos obrigat\u00f3rios<\/h2>\n<p data-start=\"2631\" data-end=\"2793\">Os convocados tamb\u00e9m dever\u00e3o apresentar <strong data-start=\"2671\" data-end=\"2792\">exames m\u00e9dicos para emiss\u00e3o do Atestado de Capacidade F\u00edsica e Mental pela Junta M\u00e9dica Oficial do Munic\u00edpio de Ceres<\/strong>.<\/p>\n<p data-start=\"2795\" data-end=\"3059\">Entre os exames exigidos est\u00e3o <strong data-start=\"2826\" data-end=\"3058\">eletrocardiograma com laudo, hemograma completo, exame de Machado Guerreiro, raio-X do t\u00f3rax com laudo, glicemia de jejum, exame de fezes, exame de urina, eletroencefalograma, teste ergom\u00e9trico e raio-X da coluna total com laudo<\/strong>.<\/p>\n<p data-start=\"3061\" data-end=\"3138\">Candidatos com defici\u00eancia dever\u00e3o apresentar <strong data-start=\"3107\" data-end=\"3137\">laudo m\u00e9dico comprobat\u00f3rio<\/strong>.<\/p>\n<h2 data-start=\"3140\" data-end=\"3167\">Declara\u00e7\u00f5es obrigat\u00f3rias<\/h2>\n<p data-start=\"3169\" data-end=\"3456\">O edital tamb\u00e9m exige o preenchimento e assinatura de documentos como <strong data-start=\"3239\" data-end=\"3455\">Declara\u00e7\u00e3o de N\u00e3o Acumula\u00e7\u00e3o de Cargos P\u00fablicos, Declara\u00e7\u00e3o de Bens e Valores, Termo de Responsabilidade de Atualiza\u00e7\u00e3o Cadastral, Declara\u00e7\u00e3o de Nepotismo, Declara\u00e7\u00e3o de Dependentes e Autodeclara\u00e7\u00e3o \u00c9tnico-Racial<\/strong>.<\/p>\n<p data-start=\"3458\" data-end=\"3626\">Segundo o documento, <strong data-start=\"3479\" data-end=\"3625\">o n\u00e3o comparecimento dentro do prazo estabelecido poder\u00e1 resultar nas provid\u00eancias administrativas previstas no edital e na legisla\u00e7\u00e3o vigente<\/strong>.<\/p>\n<p data-start=\"3628\" data-end=\"3749\">O edital foi publicado em <strong data-start=\"3654\" data-end=\"3681\">10 de fevereiro de 2026<\/strong> e \u00e9 assinado pelo <strong data-start=\"3700\" data-end=\"3748\">prefeito de Ceres, Edmario de Castro Barbosa<\/strong>.<\/p>\n","protected":false},"excerpt":{"rendered":"<p>A Prefeitura de Ceres, por meio da Secretaria Municipal de Administra\u00e7\u00e3o e Recursos Humanos, publicou o 6\u00ba Edital de Convoca\u00e7\u00e3o do Processo Seletivo P\u00fablico Simplificado n\u00ba 001\/2025, chamando candidatos aprovados para apresenta\u00e7\u00e3o de documentos e realiza\u00e7\u00e3o dos procedimentos necess\u00e1rios \u00e0 contrata\u00e7\u00e3o. De acordo com o edital, os candidatos convocados dever\u00e3o comparecer ao Departamento de Recursos [&hellip;]<\/p>\n","protected":false},"author":1,"featured_media":5315,"comment_status":"open","ping_status":"open","sticky":false,"template":"","format":"standard","meta":{"om_disable_all_campaigns":false,"footnotes":"","jetpack_publicize_message":"","jetpack_publicize_feature_enabled":true,"jetpack_social_post_already_shared":true,"jetpack_social_options":{"image_generator_settings":{"template":"highway","enabled":false}}},"categories":[11,8,5,9],"tags":[],"jetpack_publicize_connections":[],"jetpack_sharing_enabled":true,"jetpack_featured_media_url":"https:\/\/jornalvalenews.com.br\/wp-content\/uploads\/2026\/03\/Inserir-um-titulo-2026-03-06T152156.500.png","_links":{"self":[{"href":"https:\/\/jornalvalenews.com.br\/index.php\/wp-json\/wp\/v2\/posts\/5317"}],"collection":[{"href":"https:\/\/jornalvalenews.com.br\/index.php\/wp-json\/wp\/v2\/posts"}],"about":[{"href":"https:\/\/jornalvalenews.com.br\/index.php\/wp-json\/wp\/v2\/types\/post"}],"author":[{"embeddable":true,"href":"https:\/\/jornalvalenews.com.br\/index.php\/wp-json\/wp\/v2\/users\/1"}],"replies":[{"embeddable":true,"href":"https:\/\/jornalvalenews.com.br\/index.php\/wp-json\/wp\/v2\/comments?post=5317"}],"version-history":[{"count":1,"href":"https:\/\/jornalvalenews.com.br\/index.php\/wp-json\/wp\/v2\/posts\/5317\/revisions"}],"predecessor-version":[{"id":5318,"href":"https:\/\/jornalvalenews.com.br\/index.php\/wp-json\/wp\/v2\/posts\/5317\/revisions\/5318"}],"wp:featuredmedia":[{"embeddable":true,"href":"https:\/\/jornalvalenews.com.br\/index.php\/wp-json\/wp\/v2\/media\/5315"}],"wp:attachment":[{"href":"https:\/\/jornalvalenews.com.br\/index.php\/wp-json\/wp\/v2\/media?parent=5317"}],"wp:term":[{"taxonomy":"category","embeddable":true,"href":"https:\/\/jornalvalenews.com.br\/index.php\/wp-json\/wp\/v2\/categories?post=5317"},{"taxonomy":"post_tag","embeddable":true,"href":"https:\/\/jornalvalenews.com.br\/index.php\/wp-json\/wp\/v2\/tags?post=5317"}],"curies":[{"name":"wp","href":"https:\/\/api.w.org\/{rel}","templated":true}]}}