{"id":5313,"date":"2026-02-11T15:19:44","date_gmt":"2026-02-11T18:19:44","guid":{"rendered":"https:\/\/jornalvalenews.com.br\/?p=5313"},"modified":"2026-03-06T15:23:01","modified_gmt":"2026-03-06T18:23:01","slug":"atividade-de-carnaval-promove-integracao-e-fortalecimento-de-vinculos-no-caps-flor-do-cerrado-em-ceres","status":"publish","type":"post","link":"https:\/\/jornalvalenews.com.br\/index.php\/2026\/02\/11\/atividade-de-carnaval-promove-integracao-e-fortalecimento-de-vinculos-no-caps-flor-do-cerrado-em-ceres\/","title":{"rendered":"Atividade de Carnaval promove integra\u00e7\u00e3o e fortalecimento de v\u00ednculos no CAPS Flor do Cerrado, em Ceres"},"content":{"rendered":"<p data-start=\"330\" data-end=\"582\">A Prefeitura de Ceres, por meio da <strong data-start=\"365\" data-end=\"398\">Secretaria Municipal de Sa\u00fade<\/strong>, promoveu uma atividade especial de Carnaval no <strong data-start=\"447\" data-end=\"504\">Centro de Aten\u00e7\u00e3o Psicossocial Flor do Cerrado (CAPS)<\/strong>, reunindo usu\u00e1rios e profissionais em um momento de conviv\u00eancia e integra\u00e7\u00e3o.<\/p>\n<p data-start=\"584\" data-end=\"773\">A iniciativa buscou proporcionar um ambiente de <strong data-start=\"632\" data-end=\"690\">acolhimento, socializa\u00e7\u00e3o e fortalecimento de v\u00ednculos<\/strong>, utilizando a celebra\u00e7\u00e3o como parte das a\u00e7\u00f5es voltadas ao cuidado em sa\u00fade mental.<\/p>\n<p data-start=\"775\" data-end=\"1015\">De acordo com a proposta da atividade, momentos como esse contribuem para <strong data-start=\"849\" data-end=\"928\">estimular a autoestima, o sentimento de pertencimento e o conv\u00edvio coletivo<\/strong>, elementos considerados importantes no processo terap\u00eautico desenvolvido pelo servi\u00e7o.<\/p>\n<p data-start=\"1017\" data-end=\"1240\">O CAPS Flor do Cerrado \u00e9 uma unidade da rede municipal de sa\u00fade que atua no acompanhamento e na assist\u00eancia a pessoas em sofrimento ps\u00edquico, oferecendo atendimento especializado e a\u00e7\u00f5es voltadas \u00e0 promo\u00e7\u00e3o da sa\u00fade mental.<\/p>\n<p data-start=\"1242\" data-end=\"1420\" data-is-last-node=\"\" data-is-only-node=\"\">Segundo a Secretaria Municipal de Sa\u00fade, iniciativas desse tipo refor\u00e7am a import\u00e2ncia de uma <strong data-start=\"1336\" data-end=\"1419\">rede de aten\u00e7\u00e3o baseada no respeito, na humaniza\u00e7\u00e3o e no cuidado com as pessoas<\/strong>.<\/p>\n","protected":false},"excerpt":{"rendered":"<p>A Prefeitura de Ceres, por meio da Secretaria Municipal de Sa\u00fade, promoveu uma atividade especial de Carnaval no Centro de Aten\u00e7\u00e3o Psicossocial Flor do Cerrado (CAPS), reunindo usu\u00e1rios e profissionais em um momento de conviv\u00eancia e integra\u00e7\u00e3o. A iniciativa buscou proporcionar um ambiente de acolhimento, socializa\u00e7\u00e3o e fortalecimento de v\u00ednculos, utilizando a celebra\u00e7\u00e3o como parte [&hellip;]<\/p>\n","protected":false},"author":1,"featured_media":5314,"comment_status":"open","ping_status":"open","sticky":false,"template":"","format":"standard","meta":{"om_disable_all_campaigns":false,"footnotes":"","jetpack_publicize_message":"","jetpack_publicize_feature_enabled":true,"jetpack_social_post_already_shared":true,"jetpack_social_options":{"image_generator_settings":{"template":"highway","enabled":false}}},"categories":[11,8,5,9],"tags":[],"jetpack_publicize_connections":[],"jetpack_sharing_enabled":true,"jetpack_featured_media_url":"https:\/\/jornalvalenews.com.br\/wp-content\/uploads\/2026\/03\/WhatsApp-Image-2026-03-06-at-15.18.59.jpeg","_links":{"self":[{"href":"https:\/\/jornalvalenews.com.br\/index.php\/wp-json\/wp\/v2\/posts\/5313"}],"collection":[{"href":"https:\/\/jornalvalenews.com.br\/index.php\/wp-json\/wp\/v2\/posts"}],"about":[{"href":"https:\/\/jornalvalenews.com.br\/index.php\/wp-json\/wp\/v2\/types\/post"}],"author":[{"embeddable":true,"href":"https:\/\/jornalvalenews.com.br\/index.php\/wp-json\/wp\/v2\/users\/1"}],"replies":[{"embeddable":true,"href":"https:\/\/jornalvalenews.com.br\/index.php\/wp-json\/wp\/v2\/comments?post=5313"}],"version-history":[{"count":1,"href":"https:\/\/jornalvalenews.com.br\/index.php\/wp-json\/wp\/v2\/posts\/5313\/revisions"}],"predecessor-version":[{"id":5316,"href":"https:\/\/jornalvalenews.com.br\/index.php\/wp-json\/wp\/v2\/posts\/5313\/revisions\/5316"}],"wp:featuredmedia":[{"embeddable":true,"href":"https:\/\/jornalvalenews.com.br\/index.php\/wp-json\/wp\/v2\/media\/5314"}],"wp:attachment":[{"href":"https:\/\/jornalvalenews.com.br\/index.php\/wp-json\/wp\/v2\/media?parent=5313"}],"wp:term":[{"taxonomy":"category","embeddable":true,"href":"https:\/\/jornalvalenews.com.br\/index.php\/wp-json\/wp\/v2\/categories?post=5313"},{"taxonomy":"post_tag","embeddable":true,"href":"https:\/\/jornalvalenews.com.br\/index.php\/wp-json\/wp\/v2\/tags?post=5313"}],"curies":[{"name":"wp","href":"https:\/\/api.w.org\/{rel}","templated":true}]}}