{"id":5309,"date":"2026-03-05T21:04:50","date_gmt":"2026-03-06T00:04:50","guid":{"rendered":"https:\/\/jornalvalenews.com.br\/?p=5309"},"modified":"2026-03-05T21:04:50","modified_gmt":"2026-03-06T00:04:50","slug":"ceres-promove-feira-gastronomica-e-artesanal-especial-em-celebracao-ao-dia-das-mulheres-nesta-sexta-feira-06","status":"publish","type":"post","link":"https:\/\/jornalvalenews.com.br\/index.php\/2026\/03\/05\/ceres-promove-feira-gastronomica-e-artesanal-especial-em-celebracao-ao-dia-das-mulheres-nesta-sexta-feira-06\/","title":{"rendered":"Ceres promove Feira Gastron\u00f4mica e Artesanal especial em celebra\u00e7\u00e3o ao Dia das Mulheres nesta sexta-feira (06)"},"content":{"rendered":"<p data-start=\"366\" data-end=\"549\">\n<p data-start=\"366\" data-end=\"549\"><a href=\"https:\/\/www.instagram.com\/prefeituradeceres\/\" target=\"_blank\" rel=\"noopener\"><img loading=\"lazy\" decoding=\"async\" class=\"alignnone\" src=\"https:\/\/jornalvalenews.com.br\/wp-content\/uploads\/2025\/02\/banner-prefeitura-02.png\" alt=\"\" width=\"2140\" height=\"1783\" \/><\/a><\/p>\n<p data-start=\"366\" data-end=\"549\">\n<p data-start=\"366\" data-end=\"549\">A <strong data-start=\"368\" data-end=\"393\">Pra\u00e7a C\u00edvica de Ceres<\/strong> ser\u00e1 palco de uma programa\u00e7\u00e3o especial nesta <strong data-start=\"439\" data-end=\"466\">sexta-feira, 6 de mar\u00e7o<\/strong>, com a realiza\u00e7\u00e3o da <strong data-start=\"488\" data-end=\"548\">Feira Gastron\u00f4mica e Artesanal Especial Dia das Mulheres<\/strong>.<\/p>\n<p data-start=\"551\" data-end=\"751\">O evento est\u00e1 marcado para come\u00e7ar \u00e0s <strong data-start=\"589\" data-end=\"601\">18 horas<\/strong> e deve reunir <strong data-start=\"616\" data-end=\"676\">empreendedores locais, op\u00e7\u00f5es gastron\u00f4micas e artesanato<\/strong>, em uma noite voltada \u00e0 celebra\u00e7\u00e3o e valoriza\u00e7\u00e3o do trabalho das mulheres.<\/p>\n<p data-start=\"753\" data-end=\"947\">Entre as op\u00e7\u00f5es dispon\u00edveis ao p\u00fablico estar\u00e3o <strong data-start=\"800\" data-end=\"946\">pastel, crepe, bolo, torta, espetinho, macarr\u00e3o, bolo no pote, bebidas especiais e produtos artesanais produzidos por empreendedores da cidade<\/strong>.<\/p>\n<p data-start=\"949\" data-end=\"1120\">A proposta da feira \u00e9 proporcionar um <strong data-start=\"987\" data-end=\"1119\">momento de conviv\u00eancia entre fam\u00edlias, incentivo ao com\u00e9rcio local e reconhecimento da for\u00e7a e do talento das mulheres ceresinas<\/strong>.<\/p>\n<p data-start=\"1122\" data-end=\"1277\">O evento ser\u00e1 realizado <strong data-start=\"1146\" data-end=\"1166\">das 18h \u00e0s 23h30<\/strong>, na <strong data-start=\"1171\" data-end=\"1196\">Pra\u00e7a C\u00edvica de Ceres. <\/strong>A organiza\u00e7\u00e3o reitera o convite para que a popula\u00e7\u00e3o participe e prestigie a programa\u00e7\u00e3o.<\/p>\n<p data-start=\"1279\" data-end=\"1348\">Mais informa\u00e7\u00f5es podem ser obtidas pelo telefone <strong data-start=\"1328\" data-end=\"1347\">(62) 98600-9901<\/strong>.<\/p>\n<p data-start=\"1279\" data-end=\"1348\"><img loading=\"lazy\" decoding=\"async\" class=\"wp-image-5310 aligncenter\" src=\"https:\/\/jornalvalenews.com.br\/wp-content\/uploads\/2026\/03\/WhatsApp-Image-2026-03-05-at-18.48.12-1-169x300.jpeg\" alt=\"\" width=\"700\" height=\"1243\" srcset=\"https:\/\/jornalvalenews.com.br\/wp-content\/uploads\/2026\/03\/WhatsApp-Image-2026-03-05-at-18.48.12-1-169x300.jpeg 169w, https:\/\/jornalvalenews.com.br\/wp-content\/uploads\/2026\/03\/WhatsApp-Image-2026-03-05-at-18.48.12-1-576x1024.jpeg 576w, https:\/\/jornalvalenews.com.br\/wp-content\/uploads\/2026\/03\/WhatsApp-Image-2026-03-05-at-18.48.12-1-768x1365.jpeg 768w, https:\/\/jornalvalenews.com.br\/wp-content\/uploads\/2026\/03\/WhatsApp-Image-2026-03-05-at-18.48.12-1-864x1536.jpeg 864w, https:\/\/jornalvalenews.com.br\/wp-content\/uploads\/2026\/03\/WhatsApp-Image-2026-03-05-at-18.48.12-1.jpeg 900w\" sizes=\"(max-width: 700px) 100vw, 700px\" \/><\/p>\n","protected":false},"excerpt":{"rendered":"<p>A Pra\u00e7a C\u00edvica de Ceres ser\u00e1 palco de uma programa\u00e7\u00e3o especial nesta sexta-feira, 6 de mar\u00e7o, com a realiza\u00e7\u00e3o da Feira Gastron\u00f4mica e Artesanal Especial Dia das Mulheres. O evento est\u00e1 marcado para come\u00e7ar \u00e0s 18 horas e deve reunir empreendedores locais, op\u00e7\u00f5es gastron\u00f4micas e artesanato, em uma noite voltada \u00e0 celebra\u00e7\u00e3o e valoriza\u00e7\u00e3o do [&hellip;]<\/p>\n","protected":false},"author":1,"featured_media":5311,"comment_status":"open","ping_status":"open","sticky":false,"template":"","format":"standard","meta":{"om_disable_all_campaigns":false,"footnotes":"","jetpack_publicize_message":"","jetpack_publicize_feature_enabled":true,"jetpack_social_post_already_shared":true,"jetpack_social_options":{"image_generator_settings":{"template":"highway","enabled":false}}},"categories":[11,8,5,9],"tags":[15,870,871,356],"jetpack_publicize_connections":[],"jetpack_sharing_enabled":true,"jetpack_featured_media_url":"https:\/\/jornalvalenews.com.br\/wp-content\/uploads\/2026\/03\/Inserir-um-titulo-2026-03-05T210024.725.png","_links":{"self":[{"href":"https:\/\/jornalvalenews.com.br\/index.php\/wp-json\/wp\/v2\/posts\/5309"}],"collection":[{"href":"https:\/\/jornalvalenews.com.br\/index.php\/wp-json\/wp\/v2\/posts"}],"about":[{"href":"https:\/\/jornalvalenews.com.br\/index.php\/wp-json\/wp\/v2\/types\/post"}],"author":[{"embeddable":true,"href":"https:\/\/jornalvalenews.com.br\/index.php\/wp-json\/wp\/v2\/users\/1"}],"replies":[{"embeddable":true,"href":"https:\/\/jornalvalenews.com.br\/index.php\/wp-json\/wp\/v2\/comments?post=5309"}],"version-history":[{"count":1,"href":"https:\/\/jornalvalenews.com.br\/index.php\/wp-json\/wp\/v2\/posts\/5309\/revisions"}],"predecessor-version":[{"id":5312,"href":"https:\/\/jornalvalenews.com.br\/index.php\/wp-json\/wp\/v2\/posts\/5309\/revisions\/5312"}],"wp:featuredmedia":[{"embeddable":true,"href":"https:\/\/jornalvalenews.com.br\/index.php\/wp-json\/wp\/v2\/media\/5311"}],"wp:attachment":[{"href":"https:\/\/jornalvalenews.com.br\/index.php\/wp-json\/wp\/v2\/media?parent=5309"}],"wp:term":[{"taxonomy":"category","embeddable":true,"href":"https:\/\/jornalvalenews.com.br\/index.php\/wp-json\/wp\/v2\/categories?post=5309"},{"taxonomy":"post_tag","embeddable":true,"href":"https:\/\/jornalvalenews.com.br\/index.php\/wp-json\/wp\/v2\/tags?post=5309"}],"curies":[{"name":"wp","href":"https:\/\/api.w.org\/{rel}","templated":true}]}}