{"id":5305,"date":"2026-03-05T09:46:31","date_gmt":"2026-03-05T12:46:31","guid":{"rendered":"https:\/\/jornalvalenews.com.br\/?p=5305"},"modified":"2026-03-05T21:06:36","modified_gmt":"2026-03-06T00:06:36","slug":"ceres-promove-capacitacao-sobre-complicacoes-do-diabetes-e-recebe-r-10-mil-para-fortalecer-a-atencao-basica","status":"publish","type":"post","link":"https:\/\/jornalvalenews.com.br\/index.php\/2026\/03\/05\/ceres-promove-capacitacao-sobre-complicacoes-do-diabetes-e-recebe-r-10-mil-para-fortalecer-a-atencao-basica\/","title":{"rendered":"Ceres promove capacita\u00e7\u00e3o sobre complica\u00e7\u00f5es do diabetes e recebe R$ 10 mil para fortalecer a Aten\u00e7\u00e3o B\u00e1sica"},"content":{"rendered":"<p><a href=\"https:\/\/www.instagram.com\/prefeituradeceres\/\" target=\"_blank\" rel=\"noopener\"><img loading=\"lazy\" decoding=\"async\" class=\"alignnone\" src=\"https:\/\/jornalvalenews.com.br\/wp-content\/uploads\/2025\/02\/banner-prefeitura-02.png\" alt=\"\" width=\"2140\" height=\"1783\" \/><\/a><\/p>\n<p data-start=\"464\" data-end=\"836\">O <strong data-start=\"466\" data-end=\"482\">p\u00e9 diab\u00e9tico<\/strong> \u00e9 uma das complica\u00e7\u00f5es mais frequentes e graves do diabetes, podendo resultar em <strong data-start=\"564\" data-end=\"630\">ulcera\u00e7\u00f5es, infec\u00e7\u00f5es severas e, em casos extremos, amputa\u00e7\u00f5es<\/strong>. Apesar da gravidade, especialistas destacam que <strong data-start=\"680\" data-end=\"835\">grande parte desses casos pode ser evitada por meio de cuidados adequados, identifica\u00e7\u00e3o precoce de fatores de risco e orienta\u00e7\u00e3o correta aos pacientes<\/strong>.<\/p>\n<p data-start=\"838\" data-end=\"1149\">Com o objetivo de <strong data-start=\"856\" data-end=\"921\">fortalecer a assist\u00eancia \u00e0s pessoas com diabetes no munic\u00edpio<\/strong>, a <strong data-start=\"925\" data-end=\"967\">Secretaria Municipal de Sa\u00fade de Ceres<\/strong> promoveu uma <strong data-start=\"981\" data-end=\"1039\">capacita\u00e7\u00e3o voltada aos profissionais da rede de sa\u00fade<\/strong>. A iniciativa integra o <strong data-start=\"1064\" data-end=\"1148\">Programa Mais Educa\u00e7\u00e3o Permanente em Sa\u00fade, 2\u00aa edi\u00e7\u00e3o, edital n\u00ba 16\/2025 da SESG<\/strong>.<\/p>\n<p data-start=\"1151\" data-end=\"1378\">Durante o evento, foram abordados temas como <strong data-start=\"1196\" data-end=\"1311\">avalia\u00e7\u00e3o cl\u00ednica dos p\u00e9s, medidas preventivas, identifica\u00e7\u00e3o de sinais de alerta e encaminhamentos apropriados<\/strong>, buscando qualificar o atendimento prestado na <strong data-start=\"1359\" data-end=\"1377\">Aten\u00e7\u00e3o B\u00e1sica<\/strong>.<\/p>\n<p data-start=\"1380\" data-end=\"1635\">A capacita\u00e7\u00e3o contou com a participa\u00e7\u00e3o do <strong data-start=\"1423\" data-end=\"1470\">professor Francino Machado de Azevedo Filho<\/strong>, <strong data-start=\"1472\" data-end=\"1541\">doutor e mestre em Enfermagem pela Universidade de Bras\u00edlia (UnB)<\/strong>, que conduziu as atividades e compartilhou conhecimentos t\u00e9cnicos e cient\u00edficos sobre o tema.<\/p>\n<p data-start=\"1637\" data-end=\"1845\">A a\u00e7\u00e3o foi viabilizada ap\u00f3s a <strong data-start=\"1667\" data-end=\"1703\">Escola de Sa\u00fade P\u00fablica de Goi\u00e1s<\/strong> abrir edital para que <strong data-start=\"1726\" data-end=\"1844\">secretarias municipais de sa\u00fade de todo o estado apresentassem projetos voltados \u00e0s necessidades da aten\u00e7\u00e3o b\u00e1sica<\/strong>.<\/p>\n<p data-start=\"1847\" data-end=\"2033\">Ao todo, <strong data-start=\"1856\" data-end=\"1892\">40 munic\u00edpios foram contemplados<\/strong>, entre eles <strong data-start=\"1905\" data-end=\"1914\">Ceres<\/strong>, que escolheu como tema <strong data-start=\"1939\" data-end=\"1970\">cuidados com o p\u00e9 diab\u00e9tico<\/strong> e recebeu <strong data-start=\"1981\" data-end=\"2032\">R$ 10 mil para execu\u00e7\u00e3o do projeto no munic\u00edpio<\/strong>.<\/p>\n<figure id=\"attachment_5306\" aria-describedby=\"caption-attachment-5306\" style=\"width: 700px\" class=\"wp-caption aligncenter\"><img loading=\"lazy\" decoding=\"async\" class=\" wp-image-5306\" src=\"https:\/\/jornalvalenews.com.br\/wp-content\/uploads\/2026\/03\/WhatsApp-Image-2026-03-05-at-18.48.11-225x300.jpeg\" alt=\"\" width=\"700\" height=\"933\" srcset=\"https:\/\/jornalvalenews.com.br\/wp-content\/uploads\/2026\/03\/WhatsApp-Image-2026-03-05-at-18.48.11-225x300.jpeg 225w, https:\/\/jornalvalenews.com.br\/wp-content\/uploads\/2026\/03\/WhatsApp-Image-2026-03-05-at-18.48.11-768x1024.jpeg 768w, https:\/\/jornalvalenews.com.br\/wp-content\/uploads\/2026\/03\/WhatsApp-Image-2026-03-05-at-18.48.11-1152x1536.jpeg 1152w, https:\/\/jornalvalenews.com.br\/wp-content\/uploads\/2026\/03\/WhatsApp-Image-2026-03-05-at-18.48.11.jpeg 1200w\" sizes=\"(max-width: 700px) 100vw, 700px\" \/><figcaption id=\"caption-attachment-5306\" class=\"wp-caption-text\">Foto: divulga\u00e7\u00e3o\/Prefeitura de Ceres<\/figcaption><\/figure>\n","protected":false},"excerpt":{"rendered":"<p>O p\u00e9 diab\u00e9tico \u00e9 uma das complica\u00e7\u00f5es mais frequentes e graves do diabetes, podendo resultar em ulcera\u00e7\u00f5es, infec\u00e7\u00f5es severas e, em casos extremos, amputa\u00e7\u00f5es. Apesar da gravidade, especialistas destacam que grande parte desses casos pode ser evitada por meio de cuidados adequados, identifica\u00e7\u00e3o precoce de fatores de risco e orienta\u00e7\u00e3o correta aos pacientes. Com o [&hellip;]<\/p>\n","protected":false},"author":1,"featured_media":5307,"comment_status":"open","ping_status":"open","sticky":false,"template":"","format":"standard","meta":{"om_disable_all_campaigns":false,"footnotes":"","jetpack_publicize_message":"","jetpack_publicize_feature_enabled":true,"jetpack_social_post_already_shared":true,"jetpack_social_options":{"image_generator_settings":{"template":"highway","enabled":false}}},"categories":[11,8,5,46,9],"tags":[15,356,550],"jetpack_publicize_connections":[],"jetpack_sharing_enabled":true,"jetpack_featured_media_url":"https:\/\/jornalvalenews.com.br\/wp-content\/uploads\/2026\/03\/WhatsApp-Image-2026-03-05-at-18.48.12.jpeg","_links":{"self":[{"href":"https:\/\/jornalvalenews.com.br\/index.php\/wp-json\/wp\/v2\/posts\/5305"}],"collection":[{"href":"https:\/\/jornalvalenews.com.br\/index.php\/wp-json\/wp\/v2\/posts"}],"about":[{"href":"https:\/\/jornalvalenews.com.br\/index.php\/wp-json\/wp\/v2\/types\/post"}],"author":[{"embeddable":true,"href":"https:\/\/jornalvalenews.com.br\/index.php\/wp-json\/wp\/v2\/users\/1"}],"replies":[{"embeddable":true,"href":"https:\/\/jornalvalenews.com.br\/index.php\/wp-json\/wp\/v2\/comments?post=5305"}],"version-history":[{"count":1,"href":"https:\/\/jornalvalenews.com.br\/index.php\/wp-json\/wp\/v2\/posts\/5305\/revisions"}],"predecessor-version":[{"id":5308,"href":"https:\/\/jornalvalenews.com.br\/index.php\/wp-json\/wp\/v2\/posts\/5305\/revisions\/5308"}],"wp:featuredmedia":[{"embeddable":true,"href":"https:\/\/jornalvalenews.com.br\/index.php\/wp-json\/wp\/v2\/media\/5307"}],"wp:attachment":[{"href":"https:\/\/jornalvalenews.com.br\/index.php\/wp-json\/wp\/v2\/media?parent=5305"}],"wp:term":[{"taxonomy":"category","embeddable":true,"href":"https:\/\/jornalvalenews.com.br\/index.php\/wp-json\/wp\/v2\/categories?post=5305"},{"taxonomy":"post_tag","embeddable":true,"href":"https:\/\/jornalvalenews.com.br\/index.php\/wp-json\/wp\/v2\/tags?post=5305"}],"curies":[{"name":"wp","href":"https:\/\/api.w.org\/{rel}","templated":true}]}}