{"id":5302,"date":"2026-03-05T17:28:07","date_gmt":"2026-03-05T20:28:07","guid":{"rendered":"https:\/\/jornalvalenews.com.br\/?p=5302"},"modified":"2026-03-05T17:28:07","modified_gmt":"2026-03-05T20:28:07","slug":"acidente-entre-moto-e-carro-deixa-mulher-ferida-no-centro-de-ceres","status":"publish","type":"post","link":"https:\/\/jornalvalenews.com.br\/index.php\/2026\/03\/05\/acidente-entre-moto-e-carro-deixa-mulher-ferida-no-centro-de-ceres\/","title":{"rendered":"Acidente entre moto e carro deixa mulher ferida no centro de Ceres"},"content":{"rendered":"<p data-start=\"272\" data-end=\"425\">\n<p data-start=\"272\" data-end=\"425\"><a href=\"https:\/\/api.whatsapp.com\/send?phone=5562998212725&amp;text=Ol%C3%A1,%20gostaria%20de%20falar%20com%20a%20secret%C3%A1ria%20do%20Dr.%20Paulo%20e%20Dra.%20Caroline\" target=\"_blank\" rel=\"noopener\"><img loading=\"lazy\" decoding=\"async\" class=\"alignnone\" src=\"https:\/\/jornalvalenews.com.br\/wp-content\/uploads\/2024\/08\/novo-gif-dr.-paulo.gif\" alt=\"\" width=\"800\" height=\"666\" \/><\/a><\/p>\n<p data-start=\"272\" data-end=\"425\">\n<p data-start=\"272\" data-end=\"425\">Um acidente de tr\u00e2nsito envolvendo <strong data-start=\"307\" data-end=\"337\">uma motocicleta e um carro<\/strong> foi registrado no in\u00edcio da tarde desta <strong data-start=\"378\" data-end=\"398\">quinta-feira (5)<\/strong> no munic\u00edpio de <strong data-start=\"415\" data-end=\"424\">Ceres<\/strong>.<\/p>\n<p data-start=\"427\" data-end=\"552\">A ocorr\u00eancia aconteceu por volta das <strong data-start=\"464\" data-end=\"473\">13h20<\/strong>, no cruzamento da <strong data-start=\"492\" data-end=\"522\">Avenida Brasil com a Rua 5<\/strong>, na regi\u00e3o central da cidade.<\/p>\n<p data-start=\"554\" data-end=\"616\">At\u00e9 o momento, <strong data-start=\"569\" data-end=\"615\">a din\u00e2mica do acidente n\u00e3o foi esclarecida<\/strong>.<\/p>\n<p data-start=\"618\" data-end=\"825\">Uma equipe do <strong data-start=\"632\" data-end=\"683\">Servi\u00e7o de Atendimento M\u00f3vel de Urg\u00eancia (SAMU)<\/strong> esteve no local e prestou os primeiros socorros \u00e0 v\u00edtima. <strong data-start=\"742\" data-end=\"824\">Uma mulher foi encaminhada para a Unidade de Pronto Atendimento (UPA) de Ceres<\/strong>.<\/p>\n<p data-start=\"827\" data-end=\"946\">A <strong data-start=\"829\" data-end=\"848\">Pol\u00edcia Militar<\/strong> tamb\u00e9m compareceu ao local para realizar os levantamentos e coletar informa\u00e7\u00f5es sobre o ocorrido.<\/p>\n<h3 data-start=\"1143\" data-end=\"1245\">Veja o v\u00eddeo:\u00a0<a href=\"https:\/\/www.instagram.com\/jornalvalenews\/reel\/DVZTwPtkZQb\/\" target=\"_blank\" rel=\"noopener\">clique aqui!<\/a><\/h3>\n<h3 data-start=\"2294\" data-end=\"2377\"><strong>Siga o Instagram do @jornalvalenews e fique por dentro das principais not\u00edcias.\u00a0<\/strong><\/h3>\n","protected":false},"excerpt":{"rendered":"<p>Um acidente de tr\u00e2nsito envolvendo uma motocicleta e um carro foi registrado no in\u00edcio da tarde desta quinta-feira (5) no munic\u00edpio de Ceres. A ocorr\u00eancia aconteceu por volta das 13h20, no cruzamento da Avenida Brasil com a Rua 5, na regi\u00e3o central da cidade. At\u00e9 o momento, a din\u00e2mica do acidente n\u00e3o foi esclarecida. Uma [&hellip;]<\/p>\n","protected":false},"author":1,"featured_media":5303,"comment_status":"open","ping_status":"open","sticky":false,"template":"","format":"standard","meta":{"om_disable_all_campaigns":false,"footnotes":"","jetpack_publicize_message":"","jetpack_publicize_feature_enabled":true,"jetpack_social_post_already_shared":true,"jetpack_social_options":{"image_generator_settings":{"template":"highway","enabled":false}}},"categories":[6,11,8,387,9],"tags":[350,15],"jetpack_publicize_connections":[],"jetpack_sharing_enabled":true,"jetpack_featured_media_url":"https:\/\/jornalvalenews.com.br\/wp-content\/uploads\/2026\/03\/WhatsApp-Image-2026-03-05-at-17.26.02.jpeg","_links":{"self":[{"href":"https:\/\/jornalvalenews.com.br\/index.php\/wp-json\/wp\/v2\/posts\/5302"}],"collection":[{"href":"https:\/\/jornalvalenews.com.br\/index.php\/wp-json\/wp\/v2\/posts"}],"about":[{"href":"https:\/\/jornalvalenews.com.br\/index.php\/wp-json\/wp\/v2\/types\/post"}],"author":[{"embeddable":true,"href":"https:\/\/jornalvalenews.com.br\/index.php\/wp-json\/wp\/v2\/users\/1"}],"replies":[{"embeddable":true,"href":"https:\/\/jornalvalenews.com.br\/index.php\/wp-json\/wp\/v2\/comments?post=5302"}],"version-history":[{"count":1,"href":"https:\/\/jornalvalenews.com.br\/index.php\/wp-json\/wp\/v2\/posts\/5302\/revisions"}],"predecessor-version":[{"id":5304,"href":"https:\/\/jornalvalenews.com.br\/index.php\/wp-json\/wp\/v2\/posts\/5302\/revisions\/5304"}],"wp:featuredmedia":[{"embeddable":true,"href":"https:\/\/jornalvalenews.com.br\/index.php\/wp-json\/wp\/v2\/media\/5303"}],"wp:attachment":[{"href":"https:\/\/jornalvalenews.com.br\/index.php\/wp-json\/wp\/v2\/media?parent=5302"}],"wp:term":[{"taxonomy":"category","embeddable":true,"href":"https:\/\/jornalvalenews.com.br\/index.php\/wp-json\/wp\/v2\/categories?post=5302"},{"taxonomy":"post_tag","embeddable":true,"href":"https:\/\/jornalvalenews.com.br\/index.php\/wp-json\/wp\/v2\/tags?post=5302"}],"curies":[{"name":"wp","href":"https:\/\/api.w.org\/{rel}","templated":true}]}}