{"id":5295,"date":"2026-03-04T18:59:02","date_gmt":"2026-03-04T21:59:02","guid":{"rendered":"https:\/\/jornalvalenews.com.br\/?p=5295"},"modified":"2026-03-04T19:13:22","modified_gmt":"2026-03-04T22:13:22","slug":"vereador-carlinhos-divulga-retratacao-apos-declaracoes-sobre-ministro-alexandre-de-moraes-durante-sessao-em-rialma","status":"publish","type":"post","link":"https:\/\/jornalvalenews.com.br\/index.php\/2026\/03\/04\/vereador-carlinhos-divulga-retratacao-apos-declaracoes-sobre-ministro-alexandre-de-moraes-durante-sessao-em-rialma\/","title":{"rendered":"Vereador Carlinhos divulga retrata\u00e7\u00e3o ap\u00f3s declara\u00e7\u00f5es sobre ministro Alexandre de Moraes durante sess\u00e3o em Rialma"},"content":{"rendered":"<p>&nbsp;<\/p>\n<p><a href=\"https:\/\/api.whatsapp.com\/send?phone=5562998212725&amp;text=Ol%C3%A1,%20gostaria%20de%20falar%20com%20a%20secret%C3%A1ria%20do%20Dr.%20Paulo%20e%20Dra.%20Caroline\" target=\"_blank\" rel=\"noopener\"><img loading=\"lazy\" decoding=\"async\" class=\"alignnone\" src=\"https:\/\/jornalvalenews.com.br\/wp-content\/uploads\/2024\/08\/novo-gif-dr.-paulo.gif\" alt=\"\" width=\"800\" height=\"666\" \/><\/a><\/p>\n<p data-start=\"501\" data-end=\"843\">Uma declara\u00e7\u00e3o feita durante sess\u00e3o legislativa na C\u00e2mara Municipal de Rialma <strong data-start=\"579\" data-end=\"651\">continua repercutindo politicamente na regi\u00e3o nesta quarta-feira (4)<\/strong>, ap\u00f3s o vereador <strong data-start=\"669\" data-end=\"688\">Carlinhos (MDB)<\/strong> divulgar um v\u00eddeo em que apresenta <strong data-start=\"724\" data-end=\"746\">retrata\u00e7\u00e3o p\u00fablica<\/strong> sobre falas direcionadas ao ministro do Supremo Tribunal Federal (STF), <strong data-start=\"819\" data-end=\"842\">Alexandre de Moraes<\/strong>.<\/p>\n<p data-start=\"845\" data-end=\"1110\">O epis\u00f3dio teve in\u00edcio na \u00faltima <strong data-start=\"878\" data-end=\"899\">segunda-feira (2)<\/strong>, quando, durante participa\u00e7\u00e3o na tribuna do Legislativo municipal, o parlamentar fez cr\u00edticas ao Supremo Tribunal Federal e afirmou que <strong data-start=\"1036\" data-end=\"1109\">o Congresso Nacional estaria sendo omisso diante de decis\u00f5es da Corte<\/strong>.<\/p>\n<p data-start=\"1112\" data-end=\"1313\">Durante o discurso, o vereador tamb\u00e9m direcionou ataques ao ministro Alexandre de Moraes, chegando a cham\u00e1-lo de <strong data-start=\"1225\" data-end=\"1238\">\u201cditador\u201d<\/strong> e associando-o a organiza\u00e7\u00f5es criminosas, como <strong data-start=\"1286\" data-end=\"1312\">Comando Vermelho e PCC<\/strong>.<\/p>\n<p data-start=\"1315\" data-end=\"1450\">As declara\u00e7\u00f5es ocorreram <strong data-start=\"1340\" data-end=\"1449\">no contexto de cr\u00edticas ao funcionamento das institui\u00e7\u00f5es e \u00e0 atua\u00e7\u00e3o do STF no cen\u00e1rio pol\u00edtico nacional<\/strong>.<\/p>\n<p data-start=\"1452\" data-end=\"1568\">Ap\u00f3s a repercuss\u00e3o das falas, o vereador divulgou um v\u00eddeo em que apresenta <strong data-start=\"1528\" data-end=\"1549\">retrata\u00e7\u00e3o formal<\/strong> pelas declara\u00e7\u00f5es.<\/p>\n<p data-start=\"1570\" data-end=\"1954\">\u201cPessoal, vereador Carlinho, como cidad\u00e3o e defensor dos princ\u00edpios democr\u00e1ticos, me sinto no inadi\u00e1vel dever de me retratar formalmente das declara\u00e7\u00f5es proferidas a respeito do excelent\u00edssimo ministro Alexandre de Moraes. <strong data-start=\"1793\" data-end=\"1953\">Minha retrata\u00e7\u00e3o fundamenta-se no profundo respeito \u00e0s leis do Estado brasileiro e no reconhecimento inequ\u00edvoco de que minhas palavras configuraram um erro.<\/strong>\u201d<\/p>\n<p data-start=\"1956\" data-end=\"2084\">No v\u00eddeo, o parlamentar afirma ainda que suas declara\u00e7\u00f5es foram feitas <strong data-start=\"2027\" data-end=\"2083\">em um contexto de forte polariza\u00e7\u00e3o pol\u00edtica no pa\u00eds<\/strong>.<\/p>\n<p data-start=\"2086\" data-end=\"2255\">\u201cAdmito que minhas declara\u00e7\u00f5es foram proferidas <strong data-start=\"2134\" data-end=\"2170\">sem o devido embasamento factual<\/strong> e em um contexto de acentuada polariza\u00e7\u00e3o e acaloramento que o pa\u00eds tem vivenciado.\u201d<\/p>\n<p data-start=\"2257\" data-end=\"2339\">Ele tamb\u00e9m declarou que <strong data-start=\"2281\" data-end=\"2338\">reconhecer erros faz parte da responsabilidade c\u00edvica<\/strong>.<\/p>\n<p data-start=\"2341\" data-end=\"2515\">\u201cReconhe\u00e7o que, embora os erros sejam uma caracter\u00edstica inerente \u00e0 condi\u00e7\u00e3o humana, <strong data-start=\"2426\" data-end=\"2514\">\u00e9 obriga\u00e7\u00e3o c\u00edvica e moral de todo indiv\u00edduo proceder-se \u00e0 corre\u00e7\u00e3o de seus enganos.<\/strong>\u201d<\/p>\n<p data-start=\"2517\" data-end=\"2594\">Ao final do v\u00eddeo, o vereador apresenta retrata\u00e7\u00e3o direta ao ministro do STF.<\/p>\n<p data-start=\"2596\" data-end=\"2744\">\u201cDiante do exposto, apresento esta retrata\u00e7\u00e3o a todos e, em especial, <strong data-start=\"2666\" data-end=\"2716\">ao excelent\u00edssimo ministro Alexandre de Moraes<\/strong>. Que Deus aben\u00e7oe a todos.\u201d<\/p>\n<p data-start=\"2746\" data-end=\"2899\">Atualmente, o <strong data-start=\"2760\" data-end=\"2812\">Supremo Tribunal Federal conta com dez ministros<\/strong>, ap\u00f3s a aposentadoria do ministro Luiz Roberto Barroso, que ainda n\u00e3o foi substitu\u00eddo.<\/p>\n<h3 data-start=\"1143\" data-end=\"1245\">Veja o v\u00eddeo:\u00a0<a href=\"https:\/\/www.instagram.com\/jornalvalenews\/reel\/DVeo82PEZ3x\/\" target=\"_blank\" rel=\"noopener\">clique aqui!<\/a><\/h3>\n<h3 data-start=\"2294\" data-end=\"2377\"><strong>Siga o Instagram do @jornalvalenews e fique por dentro das principais not\u00edcias.\u00a0<\/strong><\/h3>\n","protected":false},"excerpt":{"rendered":"<p>&nbsp; Uma declara\u00e7\u00e3o feita durante sess\u00e3o legislativa na C\u00e2mara Municipal de Rialma continua repercutindo politicamente na regi\u00e3o nesta quarta-feira (4), ap\u00f3s o vereador Carlinhos (MDB) divulgar um v\u00eddeo em que apresenta retrata\u00e7\u00e3o p\u00fablica sobre falas direcionadas ao ministro do Supremo Tribunal Federal (STF), Alexandre de Moraes. O epis\u00f3dio teve in\u00edcio na \u00faltima segunda-feira (2), quando, [&hellip;]<\/p>\n","protected":false},"author":1,"featured_media":5297,"comment_status":"open","ping_status":"open","sticky":false,"template":"","format":"standard","meta":{"om_disable_all_campaigns":false,"footnotes":"","jetpack_publicize_message":"","jetpack_publicize_feature_enabled":true,"jetpack_social_post_already_shared":true,"jetpack_social_options":{"image_generator_settings":{"template":"highway","enabled":false}}},"categories":[8,5,12,9],"tags":[866,34,865,864],"jetpack_publicize_connections":[],"jetpack_sharing_enabled":true,"jetpack_featured_media_url":"https:\/\/jornalvalenews.com.br\/wp-content\/uploads\/2026\/03\/WhatsApp-Image-2026-03-04-at-18.58.07.jpeg","_links":{"self":[{"href":"https:\/\/jornalvalenews.com.br\/index.php\/wp-json\/wp\/v2\/posts\/5295"}],"collection":[{"href":"https:\/\/jornalvalenews.com.br\/index.php\/wp-json\/wp\/v2\/posts"}],"about":[{"href":"https:\/\/jornalvalenews.com.br\/index.php\/wp-json\/wp\/v2\/types\/post"}],"author":[{"embeddable":true,"href":"https:\/\/jornalvalenews.com.br\/index.php\/wp-json\/wp\/v2\/users\/1"}],"replies":[{"embeddable":true,"href":"https:\/\/jornalvalenews.com.br\/index.php\/wp-json\/wp\/v2\/comments?post=5295"}],"version-history":[{"count":2,"href":"https:\/\/jornalvalenews.com.br\/index.php\/wp-json\/wp\/v2\/posts\/5295\/revisions"}],"predecessor-version":[{"id":5298,"href":"https:\/\/jornalvalenews.com.br\/index.php\/wp-json\/wp\/v2\/posts\/5295\/revisions\/5298"}],"wp:featuredmedia":[{"embeddable":true,"href":"https:\/\/jornalvalenews.com.br\/index.php\/wp-json\/wp\/v2\/media\/5297"}],"wp:attachment":[{"href":"https:\/\/jornalvalenews.com.br\/index.php\/wp-json\/wp\/v2\/media?parent=5295"}],"wp:term":[{"taxonomy":"category","embeddable":true,"href":"https:\/\/jornalvalenews.com.br\/index.php\/wp-json\/wp\/v2\/categories?post=5295"},{"taxonomy":"post_tag","embeddable":true,"href":"https:\/\/jornalvalenews.com.br\/index.php\/wp-json\/wp\/v2\/tags?post=5295"}],"curies":[{"name":"wp","href":"https:\/\/api.w.org\/{rel}","templated":true}]}}