{"id":5292,"date":"2026-03-04T15:18:27","date_gmt":"2026-03-04T18:18:27","guid":{"rendered":"https:\/\/jornalvalenews.com.br\/?p=5292"},"modified":"2026-03-04T15:18:27","modified_gmt":"2026-03-04T18:18:27","slug":"importantes-requerimentos-sao-apreciados-e-aprovados-na-camara-de-ceres-durante-a-1a-sessao-ordinaria-de-marco-de-2026","status":"publish","type":"post","link":"https:\/\/jornalvalenews.com.br\/index.php\/2026\/03\/04\/importantes-requerimentos-sao-apreciados-e-aprovados-na-camara-de-ceres-durante-a-1a-sessao-ordinaria-de-marco-de-2026\/","title":{"rendered":"Importantes requerimentos s\u00e3o apreciados e aprovados na C\u00e2mara de Ceres durante a 1\u00aa Sess\u00e3o Ordin\u00e1ria de mar\u00e7o de 2026"},"content":{"rendered":"<p data-start=\"516\" data-end=\"704\">Na \u00faltima ter\u00e7a-feira, dia 03 de mar\u00e7o de 2026, foi realizada a <strong data-start=\"580\" data-end=\"648\">1\u00aa Sess\u00e3o Ordin\u00e1ria do m\u00eas de mar\u00e7o da C\u00e2mara Municipal de Ceres<\/strong>, sob a presid\u00eancia do vereador <strong data-start=\"680\" data-end=\"703\">Juliano Garcia Rosa<\/strong>.<\/p>\n<p data-start=\"706\" data-end=\"919\">Durante a sess\u00e3o, vereadores <strong data-start=\"735\" data-end=\"797\">apresentaram, debateram e aprovaram diversos requerimentos<\/strong> voltados a demandas da popula\u00e7\u00e3o nas \u00e1reas de infraestrutura, tr\u00e2nsito, mobilidade urbana, ilumina\u00e7\u00e3o p\u00fablica e educa\u00e7\u00e3o.<\/p>\n<p data-start=\"921\" data-end=\"951\">Confira as mat\u00e9rias aprovadas:<\/p>\n<h2 data-start=\"953\" data-end=\"980\">Requerimento n\u00ba 037\/2026<\/h2>\n<p data-start=\"981\" data-end=\"1269\">De autoria do vereador <strong data-start=\"1004\" data-end=\"1044\">Norvandi Angelo da Silva, que requer<\/strong> ao Poder Executivo Municipal e \u00e0 <strong data-start=\"1078\" data-end=\"1126\">Superintend\u00eancia Municipal de Tr\u00e2nsito (SMT)<\/strong> a instala\u00e7\u00e3o de um <strong data-start=\"1146\" data-end=\"1186\">redutor de velocidade (quebra-molas)<\/strong> na <strong data-start=\"1190\" data-end=\"1208\">Avenida Brasil<\/strong>, no setor central, pr\u00f3ximo \u00e0 loja de rodas e pneus Macarr\u00e3o.<\/p>\n<p data-start=\"1271\" data-end=\"1507\"><strong data-start=\"1271\" data-end=\"1289\">Justificativa:<\/strong> Pela necessidade urgente de garantir a seguran\u00e7a de pedestres, motoristas e comerciantes da regi\u00e3o, diante do elevado fluxo de ve\u00edculos e da recorrente imprud\u00eancia no tr\u00e2nsito local, especialmente em hor\u00e1rios de pico.<\/p>\n<h2 data-start=\"1509\" data-end=\"1536\">Requerimento n\u00ba 038\/2026<\/h2>\n<p data-start=\"1537\" data-end=\"1867\">De autoria do vereador <strong data-start=\"1560\" data-end=\"1599\">Maur\u00edcio Pereira Mendes, que requer<\/strong> ao Poder Executivo Municipal, bem como \u00e0 <strong data-start=\"1641\" data-end=\"1674\">Secretaria Municipal de Obras<\/strong> e \u00e0 <strong data-start=\"1679\" data-end=\"1721\">Secretaria Municipal de Infraestrutura<\/strong>, que seja realizada, com a m\u00e1xima urg\u00eancia, <strong data-start=\"1766\" data-end=\"1801\">opera\u00e7\u00e3o tapa-buracos na Rua 01<\/strong>, localizada no <strong data-start=\"1817\" data-end=\"1843\">Setor Jardim Ana Terra<\/strong>, no munic\u00edpio de Ceres.<\/p>\n<p data-start=\"1869\" data-end=\"2153\"><strong data-start=\"1869\" data-end=\"1887\">Justificativa:<\/strong> A presente solicita\u00e7\u00e3o se faz necess\u00e1ria em raz\u00e3o das condi\u00e7\u00f5es prec\u00e1rias em que se encontra o referido logradouro, apresentando diversos buracos ao longo de sua extens\u00e3o, o que tem causado transtornos aos moradores, motoristas e pedestres que transitam pelo local.<\/p>\n<h2 data-start=\"2155\" data-end=\"2182\">Requerimento n\u00ba 039\/2026<\/h2>\n<p data-start=\"2183\" data-end=\"2367\">De autoria do vereador <strong data-start=\"2206\" data-end=\"2245\">Lucas Rodrigues de Melo, que requer<\/strong> \u00e0 <strong data-start=\"2248\" data-end=\"2281\">Secretaria Municipal de Obras<\/strong> que sejam feitos <strong data-start=\"2299\" data-end=\"2366\">reparos na obra de drenagem pluvial nos fundos do PSF Vila Nova<\/strong>.<\/p>\n<p data-start=\"2369\" data-end=\"2499\"><strong data-start=\"2369\" data-end=\"2387\">Justificativa:<\/strong> Parte das manilhas j\u00e1 existentes cederam e podem impedir a passagem de \u00e1gua, resultando em danos ainda maiores.<\/p>\n<h2 data-start=\"2501\" data-end=\"2528\">Requerimento n\u00ba 040\/2026<\/h2>\n<p data-start=\"2529\" data-end=\"2976\">De autoria dos vereadores <strong data-start=\"2555\" data-end=\"2686\">Lucas Rodrigues de Melo, S\u00e9rgio Ferreira dos Passos, Reginaldo Liberato de Azevedo e Frederico de Oliveira Santos, que requerem<\/strong> ao <strong data-start=\"2690\" data-end=\"2718\">Chefe do Poder Executivo<\/strong> e \u00e0 <strong data-start=\"2723\" data-end=\"2759\">Secretaria Municipal de Educa\u00e7\u00e3o<\/strong> que adotem as provid\u00eancias necess\u00e1rias ao cumprimento da <strong data-start=\"2817\" data-end=\"2856\">Lei n\u00ba 2.108, de 03 de maio de 2022<\/strong>, que autoriza o uso dos ve\u00edculos do programa <strong data-start=\"2902\" data-end=\"2924\">Caminhos da Escola<\/strong> para o transporte de estudantes do ensino superior.<\/p>\n<p data-start=\"2978\" data-end=\"3449\"><strong data-start=\"2978\" data-end=\"2996\">Justificativa:<\/strong> O presente requerimento visa garantir o efetivo cumprimento da Lei Municipal n\u00ba 2.108\/2022, que viabiliza o acesso e a perman\u00eancia dos estudantes do ensino superior residentes em nosso munic\u00edpio. O n\u00e3o cumprimento desta legisla\u00e7\u00e3o acarreta preju\u00edzos significativos aos estudantes universit\u00e1rios, muitas vezes impossibilitando ou dificultando sua frequ\u00eancia \u00e0s aulas, o que impacta negativamente em sua forma\u00e7\u00e3o acad\u00eamica e em suas perspectivas futuras.<\/p>\n<h2 data-start=\"3451\" data-end=\"3478\">Requerimento n\u00ba 041\/2026<\/h2>\n<p data-start=\"3479\" data-end=\"3853\">De autoria dos vereadores <strong data-start=\"3505\" data-end=\"3639\">Glic\u00e9rio de Moraes Mendes J\u00fanior, Zener de Oliveira Azevedo, Reginaldo Liberato de Azevedo e Maur\u00edcio Pereira Mendes, que requerem<\/strong> \u00e0 <strong data-start=\"3642\" data-end=\"3675\">Secretaria Municipal de Obras<\/strong> e \u00e0 <strong data-start=\"3680\" data-end=\"3722\">Secretaria Municipal de Infraestrutura<\/strong> que seja realizada <strong data-start=\"3742\" data-end=\"3780\">opera\u00e7\u00e3o tapa-buracos na Rua RP II<\/strong>, no <strong data-start=\"3785\" data-end=\"3810\">Residencial Primavera<\/strong>, em Ceres, atendendo pedido dos moradores.<\/p>\n<p data-start=\"3855\" data-end=\"4067\"><strong data-start=\"3855\" data-end=\"3873\">Justificativa:<\/strong> A via encontra-se com diversos buracos, causando transtornos e riscos aos condutores e pedestres, sendo necess\u00e1ria a interven\u00e7\u00e3o para garantir melhores condi\u00e7\u00f5es de trafegabilidade e seguran\u00e7a.<\/p>\n<h2 data-start=\"4069\" data-end=\"4096\">Requerimento n\u00ba 042\/2026<\/h2>\n<p data-start=\"4097\" data-end=\"4320\">De autoria do vereador <strong data-start=\"4120\" data-end=\"4168\">Glic\u00e9rio de Moraes Mendes J\u00fanior, que requer<\/strong> \u00e0 <strong data-start=\"4171\" data-end=\"4213\">Secretaria Municipal de Infraestrutura<\/strong> que seja feita a <strong data-start=\"4231\" data-end=\"4296\">ro\u00e7agem dos canteiros da via que d\u00e1 acesso ao Setor Vila Rica<\/strong>, no munic\u00edpio de Ceres.<\/p>\n<p data-start=\"4322\" data-end=\"4536\"><strong data-start=\"4322\" data-end=\"4340\">Justificativa:<\/strong> A vegeta\u00e7\u00e3o encontra-se alta, comprometendo a visibilidade e a seguran\u00e7a de motoristas e pedestres, sendo necess\u00e1ria a manuten\u00e7\u00e3o para garantir melhores condi\u00e7\u00f5es de tr\u00e1fego e conserva\u00e7\u00e3o urbana.<\/p>\n<h2 data-start=\"4538\" data-end=\"4565\">Requerimento n\u00ba 043\/2026<\/h2>\n<p data-start=\"4566\" data-end=\"4882\">De autoria dos vereadores <strong data-start=\"4592\" data-end=\"4712\">Hugo S\u00e9rgio da Silva, S\u00e9rgio Ferreira dos Passos, Zener de Oliveira Azevedo e Norvandi Angelo da Silva, que requerem<\/strong> ao <strong data-start=\"4716\" data-end=\"4754\">Chefe do Poder Executivo Municipal<\/strong> e \u00e0 <strong data-start=\"4759\" data-end=\"4804\">Secretaria Municipal de Seguran\u00e7a P\u00fablica<\/strong>, em car\u00e1ter de urg\u00eancia, que sejam adotadas as provid\u00eancias necess\u00e1rias para:<\/p>\n<p data-start=\"4884\" data-end=\"5078\">\u2022 realiza\u00e7\u00e3o imediata dos reparos e manuten\u00e7\u00e3o da <strong data-start=\"4934\" data-end=\"4974\">ilumina\u00e7\u00e3o p\u00fablica do Parque Curumim<\/strong><br data-start=\"4974\" data-end=\"4977\" \/>\u2022 fortalecimento da seguran\u00e7a no local, com <strong data-start=\"5021\" data-end=\"5078\">intensifica\u00e7\u00e3o de rondas e demais medidas preventivas<\/strong><\/p>\n<p data-start=\"5080\" data-end=\"5476\"><strong data-start=\"5080\" data-end=\"5098\">Justificativa:<\/strong> O Parque Curumim encontra-se atualmente com sua ilumina\u00e7\u00e3o totalmente inoperante, situa\u00e7\u00e3o que tem gerado grande inseguran\u00e7a \u00e0 popula\u00e7\u00e3o ceresina que frequenta o espa\u00e7o para lazer, pr\u00e1ticas esportivas e conviv\u00eancia social. A aus\u00eancia de ilumina\u00e7\u00e3o adequada, aliada \u00e0 insufici\u00eancia de a\u00e7\u00f5es preventivas de seguran\u00e7a, aumenta o risco de ocorr\u00eancias e afasta as fam\u00edlias do local.<\/p>\n<h2 data-start=\"5478\" data-end=\"5505\">Requerimento n\u00ba 044\/2026<\/h2>\n<p data-start=\"5506\" data-end=\"5824\">De autoria do vereador <strong data-start=\"5529\" data-end=\"5565\">Hugo S\u00e9rgio da Silva, que requer<\/strong> ao <strong data-start=\"5569\" data-end=\"5607\">Chefe do Poder Executivo Municipal<\/strong> e \u00e0 <strong data-start=\"5612\" data-end=\"5654\">Superintend\u00eancia Municipal de Tr\u00e2nsito<\/strong> que sejam adotadas, com a devida urg\u00eancia, as provid\u00eancias necess\u00e1rias para a <strong data-start=\"5733\" data-end=\"5823\">pintura e revitaliza\u00e7\u00e3o da sinaliza\u00e7\u00e3o horizontal no entorno da Feira Coberta de Ceres<\/strong>.<\/p>\n<p data-start=\"5826\" data-end=\"6117\"><strong data-start=\"5826\" data-end=\"5844\">Justificativa:<\/strong> O entorno da Feira Coberta de Ceres encontra-se com a sinaliza\u00e7\u00e3o horizontal desgastada ou praticamente inexistente, causando desorganiza\u00e7\u00e3o no tr\u00e1fego de ve\u00edculos e dificultando a circula\u00e7\u00e3o segura de pedestres, feirantes e comerciantes que utilizam diariamente o espa\u00e7o.<\/p>\n<p data-start=\"6119\" data-end=\"6220\">\ud83d\udcf2<strong> Siga o Instagram da C\u00e2mara Municipal de Ceres: <\/strong><a class=\"decorated-link\" href=\"https:\/\/www.instagram.com\/camaramunicipaldeceres\/\" target=\"_blank\" rel=\"noopener\" data-start=\"6171\" data-end=\"6220\">https:\/\/www.instagram.com\/camaramunicipaldeceres\/<\/a><\/p>\n","protected":false},"excerpt":{"rendered":"<p>Na \u00faltima ter\u00e7a-feira, dia 03 de mar\u00e7o de 2026, foi realizada a 1\u00aa Sess\u00e3o Ordin\u00e1ria do m\u00eas de mar\u00e7o da C\u00e2mara Municipal de Ceres, sob a presid\u00eancia do vereador Juliano Garcia Rosa. Durante a sess\u00e3o, vereadores apresentaram, debateram e aprovaram diversos requerimentos voltados a demandas da popula\u00e7\u00e3o nas \u00e1reas de infraestrutura, tr\u00e2nsito, mobilidade urbana, ilumina\u00e7\u00e3o [&hellip;]<\/p>\n","protected":false},"author":1,"featured_media":5293,"comment_status":"open","ping_status":"open","sticky":false,"template":"","format":"standard","meta":{"om_disable_all_campaigns":false,"footnotes":"","jetpack_publicize_message":"","jetpack_publicize_feature_enabled":true,"jetpack_social_post_already_shared":true,"jetpack_social_options":{"image_generator_settings":{"template":"highway","enabled":false}}},"categories":[11,8,5,387,9],"tags":[447,532,15,622],"jetpack_publicize_connections":[],"jetpack_sharing_enabled":true,"jetpack_featured_media_url":"https:\/\/jornalvalenews.com.br\/wp-content\/uploads\/2026\/03\/copia-de-Primeira-sessao-de-marco-2023.png","_links":{"self":[{"href":"https:\/\/jornalvalenews.com.br\/index.php\/wp-json\/wp\/v2\/posts\/5292"}],"collection":[{"href":"https:\/\/jornalvalenews.com.br\/index.php\/wp-json\/wp\/v2\/posts"}],"about":[{"href":"https:\/\/jornalvalenews.com.br\/index.php\/wp-json\/wp\/v2\/types\/post"}],"author":[{"embeddable":true,"href":"https:\/\/jornalvalenews.com.br\/index.php\/wp-json\/wp\/v2\/users\/1"}],"replies":[{"embeddable":true,"href":"https:\/\/jornalvalenews.com.br\/index.php\/wp-json\/wp\/v2\/comments?post=5292"}],"version-history":[{"count":1,"href":"https:\/\/jornalvalenews.com.br\/index.php\/wp-json\/wp\/v2\/posts\/5292\/revisions"}],"predecessor-version":[{"id":5294,"href":"https:\/\/jornalvalenews.com.br\/index.php\/wp-json\/wp\/v2\/posts\/5292\/revisions\/5294"}],"wp:featuredmedia":[{"embeddable":true,"href":"https:\/\/jornalvalenews.com.br\/index.php\/wp-json\/wp\/v2\/media\/5293"}],"wp:attachment":[{"href":"https:\/\/jornalvalenews.com.br\/index.php\/wp-json\/wp\/v2\/media?parent=5292"}],"wp:term":[{"taxonomy":"category","embeddable":true,"href":"https:\/\/jornalvalenews.com.br\/index.php\/wp-json\/wp\/v2\/categories?post=5292"},{"taxonomy":"post_tag","embeddable":true,"href":"https:\/\/jornalvalenews.com.br\/index.php\/wp-json\/wp\/v2\/tags?post=5292"}],"curies":[{"name":"wp","href":"https:\/\/api.w.org\/{rel}","templated":true}]}}