{"id":5106,"date":"2026-01-23T21:24:01","date_gmt":"2026-01-24T00:24:01","guid":{"rendered":"https:\/\/jornalvalenews.com.br\/?p=5106"},"modified":"2026-01-23T21:24:01","modified_gmt":"2026-01-24T00:24:01","slug":"prefeitura-de-ceres-reforca-acoes-do-janeiro-roxo-no-combate-a-hanseniase","status":"publish","type":"post","link":"https:\/\/jornalvalenews.com.br\/index.php\/2026\/01\/23\/prefeitura-de-ceres-reforca-acoes-do-janeiro-roxo-no-combate-a-hanseniase\/","title":{"rendered":"Prefeitura de Ceres refor\u00e7a a\u00e7\u00f5es do Janeiro Roxo no combate \u00e0 hansen\u00edase"},"content":{"rendered":"<p data-start=\"324\" data-end=\"591\">A <strong data-start=\"326\" data-end=\"367\"><span class=\"hover:entity-accent entity-underline inline cursor-pointer align-baseline\"><span class=\"whitespace-normal\">Prefeitura de Ceres<\/span><\/span><\/strong>, por meio da <strong data-start=\"381\" data-end=\"420\">Secretaria Municipal de Sa\u00fade (SMS)<\/strong>, refor\u00e7a durante o m\u00eas de janeiro as a\u00e7\u00f5es de conscientiza\u00e7\u00e3o, preven\u00e7\u00e3o e combate \u00e0 hansen\u00edase, dentro da campanha <strong data-start=\"537\" data-end=\"553\">Janeiro Roxo<\/strong>, institu\u00edda pelo Minist\u00e9rio da Sa\u00fade.<\/p>\n<p data-start=\"593\" data-end=\"915\">De acordo com a administra\u00e7\u00e3o municipal, al\u00e9m das a\u00e7\u00f5es continuadas desenvolvidas nas Unidades B\u00e1sicas de Sa\u00fade, o munic\u00edpio tamb\u00e9m realiza a\u00e7\u00f5es pontuais, alinhadas \u00e0s campanhas oficiais e ao calend\u00e1rio do Minist\u00e9rio da Sa\u00fade, com o objetivo de ampliar o acesso \u00e0 informa\u00e7\u00e3o e estimular a procura pelos servi\u00e7os de sa\u00fade.<\/p>\n<p data-start=\"917\" data-end=\"1221\">A hansen\u00edase \u00e9 uma doen\u00e7a infecciosa cr\u00f4nica, causada por bact\u00e9ria, que afeta principalmente a pele e os nervos perif\u00e9ricos. Quando diagnosticada precocemente, tem tratamento eficaz e gratuito disponibilizado pelo Sistema \u00danico de Sa\u00fade (SUS), reduzindo o risco de sequelas e interrompendo a transmiss\u00e3o.<\/p>\n<p data-start=\"1223\" data-end=\"1513\">A Secretaria Municipal de Sa\u00fade destaca que a participa\u00e7\u00e3o da popula\u00e7\u00e3o \u00e9 fundamental para o sucesso das a\u00e7\u00f5es. A orienta\u00e7\u00e3o \u00e9 para que os moradores compare\u00e7am \u00e0s Unidades B\u00e1sicas de Sa\u00fade, participem das atividades educativas e busquem atendimento ao perceber sinais ou sintomas suspeitos.<\/p>\n<p data-start=\"1515\" data-end=\"1785\">A Prefeitura de Ceres refor\u00e7a que o empenho da SMS no combate \u00e0 hansen\u00edase tem como foco fortalecer v\u00ednculos com a comunidade, ampliar o uso dos servi\u00e7os de sa\u00fade e garantir cuidado cont\u00ednuo \u00e0 popula\u00e7\u00e3o, contribuindo para a preven\u00e7\u00e3o e o controle da doen\u00e7a no munic\u00edpio.<\/p>\n<p data-start=\"1792\" data-end=\"1811\">\n","protected":false},"excerpt":{"rendered":"<p>A Prefeitura de Ceres, por meio da Secretaria Municipal de Sa\u00fade (SMS), refor\u00e7a durante o m\u00eas de janeiro as a\u00e7\u00f5es de conscientiza\u00e7\u00e3o, preven\u00e7\u00e3o e combate \u00e0 hansen\u00edase, dentro da campanha Janeiro Roxo, institu\u00edda pelo Minist\u00e9rio da Sa\u00fade. De acordo com a administra\u00e7\u00e3o municipal, al\u00e9m das a\u00e7\u00f5es continuadas desenvolvidas nas Unidades B\u00e1sicas de Sa\u00fade, o munic\u00edpio [&hellip;]<\/p>\n","protected":false},"author":1,"featured_media":5107,"comment_status":"open","ping_status":"open","sticky":false,"template":"","format":"standard","meta":{"om_disable_all_campaigns":false,"footnotes":"","jetpack_publicize_message":"","jetpack_publicize_feature_enabled":true,"jetpack_social_post_already_shared":true,"jetpack_social_options":{"image_generator_settings":{"template":"highway","enabled":false}}},"categories":[11,8,5,46,9],"tags":[],"jetpack_publicize_connections":[],"jetpack_sharing_enabled":true,"jetpack_featured_media_url":"https:\/\/jornalvalenews.com.br\/wp-content\/uploads\/2026\/01\/ChatGPT-Image-23-de-jan.-de-2026-21_23_22.png","_links":{"self":[{"href":"https:\/\/jornalvalenews.com.br\/index.php\/wp-json\/wp\/v2\/posts\/5106"}],"collection":[{"href":"https:\/\/jornalvalenews.com.br\/index.php\/wp-json\/wp\/v2\/posts"}],"about":[{"href":"https:\/\/jornalvalenews.com.br\/index.php\/wp-json\/wp\/v2\/types\/post"}],"author":[{"embeddable":true,"href":"https:\/\/jornalvalenews.com.br\/index.php\/wp-json\/wp\/v2\/users\/1"}],"replies":[{"embeddable":true,"href":"https:\/\/jornalvalenews.com.br\/index.php\/wp-json\/wp\/v2\/comments?post=5106"}],"version-history":[{"count":1,"href":"https:\/\/jornalvalenews.com.br\/index.php\/wp-json\/wp\/v2\/posts\/5106\/revisions"}],"predecessor-version":[{"id":5108,"href":"https:\/\/jornalvalenews.com.br\/index.php\/wp-json\/wp\/v2\/posts\/5106\/revisions\/5108"}],"wp:featuredmedia":[{"embeddable":true,"href":"https:\/\/jornalvalenews.com.br\/index.php\/wp-json\/wp\/v2\/media\/5107"}],"wp:attachment":[{"href":"https:\/\/jornalvalenews.com.br\/index.php\/wp-json\/wp\/v2\/media?parent=5106"}],"wp:term":[{"taxonomy":"category","embeddable":true,"href":"https:\/\/jornalvalenews.com.br\/index.php\/wp-json\/wp\/v2\/categories?post=5106"},{"taxonomy":"post_tag","embeddable":true,"href":"https:\/\/jornalvalenews.com.br\/index.php\/wp-json\/wp\/v2\/tags?post=5106"}],"curies":[{"name":"wp","href":"https:\/\/api.w.org\/{rel}","templated":true}]}}