{"id":5099,"date":"2026-01-23T19:27:10","date_gmt":"2026-01-23T22:27:10","guid":{"rendered":"https:\/\/jornalvalenews.com.br\/?p=5099"},"modified":"2026-01-23T19:27:10","modified_gmt":"2026-01-23T22:27:10","slug":"educacao-de-rianapolis-conquista-nivel-ouro-em-avaliacao-estadual-do-alfamais-goias","status":"publish","type":"post","link":"https:\/\/jornalvalenews.com.br\/index.php\/2026\/01\/23\/educacao-de-rianapolis-conquista-nivel-ouro-em-avaliacao-estadual-do-alfamais-goias\/","title":{"rendered":"Educa\u00e7\u00e3o de Rian\u00e1polis conquista n\u00edvel Ouro em avalia\u00e7\u00e3o estadual do AlfaMais Goi\u00e1s"},"content":{"rendered":"<p data-start=\"1565\" data-end=\"1827\"><a href=\"https:\/\/api.whatsapp.com\/send?phone=5562998212725&amp;text=Ol%C3%A1,%20gostaria%20de%20falar%20com%20a%20secret%C3%A1ria%20do%20Dr.%20Paulo%20e%20Dra.%20Caroline\" target=\"_blank\" rel=\"noopener\"><img loading=\"lazy\" decoding=\"async\" class=\"alignnone\" src=\"https:\/\/jornalvalenews.com.br\/wp-content\/uploads\/2024\/08\/novo-gif-dr.-paulo.gif\" alt=\"\" width=\"800\" height=\"666\" \/><\/a><\/p>\n<p data-start=\"1565\" data-end=\"1827\">\n<p data-start=\"1565\" data-end=\"1827\">A educa\u00e7\u00e3o municipal de <strong data-start=\"1589\" data-end=\"1603\">Rian\u00e1polis<\/strong> foi reconhecida com <strong data-start=\"1624\" data-end=\"1638\">n\u00edvel Ouro<\/strong>, ap\u00f3s alcan\u00e7ar <strong data-start=\"1654\" data-end=\"1666\">nota 140<\/strong> em avalia\u00e7\u00e3o realizada no \u00e2mbito do programa <strong data-start=\"1712\" data-end=\"1730\">AlfaMais Goi\u00e1s<\/strong>, iniciativa do Governo de Goi\u00e1s em parceria com o <strong data-start=\"1781\" data-end=\"1826\">Compromisso Nacional Crian\u00e7a Alfabetizada<\/strong>.<\/p>\n<p data-start=\"1829\" data-end=\"2105\">O resultado posiciona o munic\u00edpio entre os destaques do estado de Goi\u00e1s no que diz respeito \u00e0 <strong data-start=\"1923\" data-end=\"1955\">alfabetiza\u00e7\u00e3o na idade certa<\/strong>, refletindo os avan\u00e7os das pol\u00edticas p\u00fablicas voltadas \u00e0 educa\u00e7\u00e3o b\u00e1sica e o fortalecimento da aprendizagem nos primeiros anos do ensino fundamental.<\/p>\n<p data-start=\"2107\" data-end=\"2322\">A avalia\u00e7\u00e3o considera crit\u00e9rios t\u00e9cnicos relacionados ao desempenho educacional, \u00e0 gest\u00e3o pedag\u00f3gica e \u00e0s a\u00e7\u00f5es desenvolvidas pelas redes municipais para garantir que os alunos sejam alfabetizados nos anos iniciais.<\/p>\n<p data-start=\"2324\" data-end=\"2581\">Segundo informa\u00e7\u00f5es divulgadas pela Prefeitura de Rian\u00e1polis, a conquista \u00e9 fruto de um trabalho cont\u00ednuo que envolve investimentos em infraestrutura, forma\u00e7\u00e3o continuada de professores, acompanhamento pedag\u00f3gico e valoriza\u00e7\u00e3o dos profissionais da educa\u00e7\u00e3o.<\/p>\n<p data-start=\"2583\" data-end=\"2943\">O prefeito <strong data-start=\"2594\" data-end=\"2612\">Gilber Miranda<\/strong> destacou que o reconhecimento confirma que o munic\u00edpio segue no caminho correto no fortalecimento da educa\u00e7\u00e3o p\u00fablica. J\u00e1 a secret\u00e1ria municipal de Educa\u00e7\u00e3o, <strong data-start=\"2771\" data-end=\"2789\">Gessica Renata<\/strong>, ressaltou que o resultado \u00e9 fruto do comprometimento de professores, gestores e equipes pedag\u00f3gicas, al\u00e9m da participa\u00e7\u00e3o dos estudantes e das fam\u00edlias.<\/p>\n<p data-start=\"2945\" data-end=\"3118\">Com a conquista do <strong data-start=\"2964\" data-end=\"2978\">n\u00edvel Ouro<\/strong>, Rian\u00e1polis reafirma o compromisso com uma educa\u00e7\u00e3o p\u00fablica de qualidade, voltada ao desenvolvimento das crian\u00e7as e ao futuro do munic\u00edpio.<\/p>\n","protected":false},"excerpt":{"rendered":"<p>A educa\u00e7\u00e3o municipal de Rian\u00e1polis foi reconhecida com n\u00edvel Ouro, ap\u00f3s alcan\u00e7ar nota 140 em avalia\u00e7\u00e3o realizada no \u00e2mbito do programa AlfaMais Goi\u00e1s, iniciativa do Governo de Goi\u00e1s em parceria com o Compromisso Nacional Crian\u00e7a Alfabetizada. O resultado posiciona o munic\u00edpio entre os destaques do estado de Goi\u00e1s no que diz respeito \u00e0 alfabetiza\u00e7\u00e3o na [&hellip;]<\/p>\n","protected":false},"author":1,"featured_media":5100,"comment_status":"open","ping_status":"open","sticky":false,"template":"","format":"standard","meta":{"om_disable_all_campaigns":false,"footnotes":"","jetpack_publicize_message":"","jetpack_publicize_feature_enabled":true,"jetpack_social_post_already_shared":true,"jetpack_social_options":{"image_generator_settings":{"template":"highway","enabled":false}}},"categories":[8,5,9],"tags":[632,449,230],"jetpack_publicize_connections":[],"jetpack_sharing_enabled":true,"jetpack_featured_media_url":"https:\/\/jornalvalenews.com.br\/wp-content\/uploads\/2026\/01\/Inserir-um-titulo-82.png","_links":{"self":[{"href":"https:\/\/jornalvalenews.com.br\/index.php\/wp-json\/wp\/v2\/posts\/5099"}],"collection":[{"href":"https:\/\/jornalvalenews.com.br\/index.php\/wp-json\/wp\/v2\/posts"}],"about":[{"href":"https:\/\/jornalvalenews.com.br\/index.php\/wp-json\/wp\/v2\/types\/post"}],"author":[{"embeddable":true,"href":"https:\/\/jornalvalenews.com.br\/index.php\/wp-json\/wp\/v2\/users\/1"}],"replies":[{"embeddable":true,"href":"https:\/\/jornalvalenews.com.br\/index.php\/wp-json\/wp\/v2\/comments?post=5099"}],"version-history":[{"count":1,"href":"https:\/\/jornalvalenews.com.br\/index.php\/wp-json\/wp\/v2\/posts\/5099\/revisions"}],"predecessor-version":[{"id":5101,"href":"https:\/\/jornalvalenews.com.br\/index.php\/wp-json\/wp\/v2\/posts\/5099\/revisions\/5101"}],"wp:featuredmedia":[{"embeddable":true,"href":"https:\/\/jornalvalenews.com.br\/index.php\/wp-json\/wp\/v2\/media\/5100"}],"wp:attachment":[{"href":"https:\/\/jornalvalenews.com.br\/index.php\/wp-json\/wp\/v2\/media?parent=5099"}],"wp:term":[{"taxonomy":"category","embeddable":true,"href":"https:\/\/jornalvalenews.com.br\/index.php\/wp-json\/wp\/v2\/categories?post=5099"},{"taxonomy":"post_tag","embeddable":true,"href":"https:\/\/jornalvalenews.com.br\/index.php\/wp-json\/wp\/v2\/tags?post=5099"}],"curies":[{"name":"wp","href":"https:\/\/api.w.org\/{rel}","templated":true}]}}