{"id":4942,"date":"2025-12-16T17:03:30","date_gmt":"2025-12-16T20:03:30","guid":{"rendered":"https:\/\/jornalvalenews.com.br\/?p=4942"},"modified":"2025-12-16T17:03:30","modified_gmt":"2025-12-16T20:03:30","slug":"comeca-hoje-natal-encantado-de-rialma-leva-apresentacoes-culturais-ao-parque-ecologico-angelica","status":"publish","type":"post","link":"https:\/\/jornalvalenews.com.br\/index.php\/2025\/12\/16\/comeca-hoje-natal-encantado-de-rialma-leva-apresentacoes-culturais-ao-parque-ecologico-angelica\/","title":{"rendered":"Come\u00e7a hoje: Natal Encantado de Rialma leva apresenta\u00e7\u00f5es culturais ao Parque Ecol\u00f3gico Ang\u00e9lica"},"content":{"rendered":"<p data-start=\"601\" data-end=\"867\">A cidade de <strong data-start=\"613\" data-end=\"623\">Rialma<\/strong> d\u00e1 in\u00edcio, a partir desta <strong data-start=\"650\" data-end=\"681\">ter\u00e7a-feira, 16 de dezembro<\/strong>, \u00e0 programa\u00e7\u00e3o especial do <strong data-start=\"709\" data-end=\"738\">Natal Encantado de Rialma<\/strong>, um evento preparado para celebrar o esp\u00edrito natalino com cultura, educa\u00e7\u00e3o e momentos de confraterniza\u00e7\u00e3o para toda a fam\u00edlia.<\/p>\n<p data-start=\"869\" data-end=\"1108\">As apresenta\u00e7\u00f5es acontecem de <strong data-start=\"899\" data-end=\"922\">16 a 20 de dezembro<\/strong>, sempre a partir das <strong data-start=\"944\" data-end=\"951\">19h<\/strong>, no <strong data-start=\"956\" data-end=\"985\">Parque Ecol\u00f3gico Ang\u00e9lica<\/strong>, reunindo alunos da rede municipal de ensino, escolas municipais, <strong data-start=\"1052\" data-end=\"1061\">CMEIs<\/strong>, corais, projetos culturais e talentos locais.<\/p>\n<p data-start=\"1110\" data-end=\"1317\">A abertura da programa\u00e7\u00e3o, nesta <strong data-start=\"1143\" data-end=\"1163\">ter\u00e7a-feira (16)<\/strong>, fica por conta da <strong data-start=\"1183\" data-end=\"1228\">Escola Municipal Manuel Joaquim Gon\u00e7alves<\/strong>. Na <strong data-start=\"1233\" data-end=\"1253\">quarta-feira, 17<\/strong>, ser\u00e1 a vez do <strong data-start=\"1269\" data-end=\"1291\">CMEI Costa e Silva<\/strong> se apresentar ao p\u00fablico.<\/p>\n<p data-start=\"1319\" data-end=\"1509\">Na <strong data-start=\"1322\" data-end=\"1342\">quinta-feira, 18<\/strong>, o palco recebe apresenta\u00e7\u00f5es da <strong data-start=\"1376\" data-end=\"1416\">Escola Municipal Jo\u00e3o Zeferino Dutra<\/strong> e do <strong data-start=\"1422\" data-end=\"1448\">CMEI Comecinho de Vida<\/strong>, dando sequ\u00eancia \u00e0s atividades culturais do Natal Encantado.<\/p>\n<p data-start=\"1511\" data-end=\"1720\">J\u00e1 na <strong data-start=\"1517\" data-end=\"1536\">sexta-feira, 19<\/strong>, a programa\u00e7\u00e3o contar\u00e1 com apresenta\u00e7\u00e3o do <strong data-start=\"1580\" data-end=\"1615\">CMEI C\u00e1ssio Quirino de Oliveira<\/strong>, al\u00e9m da\u00a0 <strong data-start=\"1625\" data-end=\"1641\">Cora\u00e7\u00e3o Fiel<\/strong> e do <strong data-start=\"1647\" data-end=\"1671\">Coral Doce e Melodia<\/strong>, reunindo m\u00fasica e emo\u00e7\u00e3o em uma noite especial.<\/p>\n<p data-start=\"1722\" data-end=\"1946\">O encerramento acontece no <strong data-start=\"1749\" data-end=\"1763\">s\u00e1bado, 20<\/strong>, com apresenta\u00e7\u00f5es de <strong data-start=\"1786\" data-end=\"1824\">m\u00fasica, jiu-jitsu, ritmos e karat\u00ea<\/strong>, culminando no grande espet\u00e1culo de bal\u00e9 e dan\u00e7a <strong data-start=\"1874\" data-end=\"1897\">\u201cA Ordem das Fadas\u201d<\/strong>, apresentado pelo <strong data-start=\"1916\" data-end=\"1945\">Centro Municipal de Artes<\/strong>.<\/p>\n<p data-start=\"1948\" data-end=\"2351\">\u00c0 frente da organiza\u00e7\u00e3o do evento, a <strong data-start=\"1985\" data-end=\"2065\">primeira-dama e secret\u00e1ria municipal de Assist\u00eancia Social, Dra. Aline Gomes<\/strong>, destaca que a programa\u00e7\u00e3o foi preparada com cuidado e dedica\u00e7\u00e3o para proporcionar momentos de alegria, uni\u00e3o e emo\u00e7\u00e3o \u00e0s fam\u00edlias rialmenses. Ao lado do prefeito <strong data-start=\"2229\" data-end=\"2249\">Dr. Lucas Chaves<\/strong>, ela convida toda a popula\u00e7\u00e3o a prestigiar o Natal Encantado e celebrar juntos este per\u00edodo especial.<\/p>\n<p data-start=\"2353\" data-end=\"2590\">O <strong data-start=\"2355\" data-end=\"2384\">Natal Encantado de Rialma<\/strong> refor\u00e7a a valoriza\u00e7\u00e3o da cultura, da educa\u00e7\u00e3o e dos talentos locais, convidando a comunidade a participar das apresenta\u00e7\u00f5es e vivenciar o clima de esperan\u00e7a e confraterniza\u00e7\u00e3o no Parque Ecol\u00f3gico Ang\u00e9lica.<\/p>\n<p data-start=\"2353\" data-end=\"2590\"><img loading=\"lazy\" decoding=\"async\" class=\"alignnone  wp-image-4946\" src=\"https:\/\/jornalvalenews.com.br\/wp-content\/uploads\/2025\/12\/WhatsApp-Image-2025-12-16-at-17.02.09-225x300.jpeg\" alt=\"\" width=\"350\" height=\"467\" srcset=\"https:\/\/jornalvalenews.com.br\/wp-content\/uploads\/2025\/12\/WhatsApp-Image-2025-12-16-at-17.02.09-225x300.jpeg 225w, https:\/\/jornalvalenews.com.br\/wp-content\/uploads\/2025\/12\/WhatsApp-Image-2025-12-16-at-17.02.09-768x1024.jpeg 768w, https:\/\/jornalvalenews.com.br\/wp-content\/uploads\/2025\/12\/WhatsApp-Image-2025-12-16-at-17.02.09.jpeg 1080w\" sizes=\"(max-width: 350px) 100vw, 350px\" \/><img loading=\"lazy\" decoding=\"async\" class=\"alignnone  wp-image-4945\" src=\"https:\/\/jornalvalenews.com.br\/wp-content\/uploads\/2025\/12\/WhatsApp-Image-2025-12-16-at-17.02.09-1-225x300.jpeg\" alt=\"\" width=\"350\" height=\"467\" srcset=\"https:\/\/jornalvalenews.com.br\/wp-content\/uploads\/2025\/12\/WhatsApp-Image-2025-12-16-at-17.02.09-1-225x300.jpeg 225w, https:\/\/jornalvalenews.com.br\/wp-content\/uploads\/2025\/12\/WhatsApp-Image-2025-12-16-at-17.02.09-1-768x1024.jpeg 768w, https:\/\/jornalvalenews.com.br\/wp-content\/uploads\/2025\/12\/WhatsApp-Image-2025-12-16-at-17.02.09-1.jpeg 1080w\" sizes=\"(max-width: 350px) 100vw, 350px\" \/><\/p>\n","protected":false},"excerpt":{"rendered":"<p>A cidade de Rialma d\u00e1 in\u00edcio, a partir desta ter\u00e7a-feira, 16 de dezembro, \u00e0 programa\u00e7\u00e3o especial do Natal Encantado de Rialma, um evento preparado para celebrar o esp\u00edrito natalino com cultura, educa\u00e7\u00e3o e momentos de confraterniza\u00e7\u00e3o para toda a fam\u00edlia. As apresenta\u00e7\u00f5es acontecem de 16 a 20 de dezembro, sempre a partir das 19h, no [&hellip;]<\/p>\n","protected":false},"author":1,"featured_media":4944,"comment_status":"open","ping_status":"open","sticky":false,"template":"","format":"standard","meta":{"om_disable_all_campaigns":false,"footnotes":"","jetpack_publicize_message":"","jetpack_publicize_feature_enabled":true,"jetpack_social_post_already_shared":true,"jetpack_social_options":{"image_generator_settings":{"template":"highway","enabled":false}}},"categories":[8,5,12,9],"tags":[],"jetpack_publicize_connections":[],"jetpack_sharing_enabled":true,"jetpack_featured_media_url":"https:\/\/jornalvalenews.com.br\/wp-content\/uploads\/2025\/12\/Inserir-um-titulo-77.png","_links":{"self":[{"href":"https:\/\/jornalvalenews.com.br\/index.php\/wp-json\/wp\/v2\/posts\/4942"}],"collection":[{"href":"https:\/\/jornalvalenews.com.br\/index.php\/wp-json\/wp\/v2\/posts"}],"about":[{"href":"https:\/\/jornalvalenews.com.br\/index.php\/wp-json\/wp\/v2\/types\/post"}],"author":[{"embeddable":true,"href":"https:\/\/jornalvalenews.com.br\/index.php\/wp-json\/wp\/v2\/users\/1"}],"replies":[{"embeddable":true,"href":"https:\/\/jornalvalenews.com.br\/index.php\/wp-json\/wp\/v2\/comments?post=4942"}],"version-history":[{"count":1,"href":"https:\/\/jornalvalenews.com.br\/index.php\/wp-json\/wp\/v2\/posts\/4942\/revisions"}],"predecessor-version":[{"id":4947,"href":"https:\/\/jornalvalenews.com.br\/index.php\/wp-json\/wp\/v2\/posts\/4942\/revisions\/4947"}],"wp:featuredmedia":[{"embeddable":true,"href":"https:\/\/jornalvalenews.com.br\/index.php\/wp-json\/wp\/v2\/media\/4944"}],"wp:attachment":[{"href":"https:\/\/jornalvalenews.com.br\/index.php\/wp-json\/wp\/v2\/media?parent=4942"}],"wp:term":[{"taxonomy":"category","embeddable":true,"href":"https:\/\/jornalvalenews.com.br\/index.php\/wp-json\/wp\/v2\/categories?post=4942"},{"taxonomy":"post_tag","embeddable":true,"href":"https:\/\/jornalvalenews.com.br\/index.php\/wp-json\/wp\/v2\/tags?post=4942"}],"curies":[{"name":"wp","href":"https:\/\/api.w.org\/{rel}","templated":true}]}}