{"id":4933,"date":"2025-12-16T15:48:11","date_gmt":"2025-12-16T18:48:11","guid":{"rendered":"https:\/\/jornalvalenews.com.br\/?p=4933"},"modified":"2025-12-16T15:48:11","modified_gmt":"2025-12-16T18:48:11","slug":"ceres-conquista-selo-ouro-em-transparencia-e-se-destaca-entre-os-municipios-goianos","status":"publish","type":"post","link":"https:\/\/jornalvalenews.com.br\/index.php\/2025\/12\/16\/ceres-conquista-selo-ouro-em-transparencia-e-se-destaca-entre-os-municipios-goianos\/","title":{"rendered":"Ceres conquista Selo Ouro em Transpar\u00eancia e se destaca entre os munic\u00edpios goianos"},"content":{"rendered":"<p data-start=\"450\" data-end=\"784\">O prefeito de <strong data-start=\"464\" data-end=\"482\">Ceres, Edm\u00e1rio<\/strong>, acompanhado dos secret\u00e1rios <strong data-start=\"512\" data-end=\"628\">Clarirouse Caixeta, J\u00e2nio Am\u00e9rico, Salvador Braga, Ribas Locatelli, \u00c9der Mois\u00e9s, Weligton Ribeiro e Edgar Divino<\/strong>, esteve na <strong data-start=\"640\" data-end=\"671\">C\u00e2mara Municipal de Goi\u00e2nia<\/strong> na manh\u00e3 desta <strong data-start=\"687\" data-end=\"718\">ter\u00e7a-feira, 16 de dezembro<\/strong>, para receber o <strong data-start=\"735\" data-end=\"783\">Selo Ouro de Qualidade em Transpar\u00eancia 2025<\/strong>.<\/p>\n<p data-start=\"786\" data-end=\"1010\">A certifica\u00e7\u00e3o integra o <strong data-start=\"811\" data-end=\"848\">Programa de Transpar\u00eancia P\u00fablica<\/strong> e reconhece os munic\u00edpios que se destacam pelos crit\u00e9rios de <strong data-start=\"910\" data-end=\"945\">responsabilidade administrativa<\/strong>, <strong data-start=\"947\" data-end=\"970\">acesso \u00e0 informa\u00e7\u00e3o<\/strong> e <strong data-start=\"973\" data-end=\"1009\">boa gest\u00e3o dos recursos p\u00fablicos<\/strong>.<\/p>\n<p data-start=\"1012\" data-end=\"1289\">O pr\u00eamio foi concedido pelo <strong data-start=\"1040\" data-end=\"1083\">Tribunal de Contas dos Munic\u00edpios (TCM)<\/strong> e evidencia o desempenho da administra\u00e7\u00e3o municipal de Ceres nos indicadores avaliados pelo \u00f3rg\u00e3o de controle, voltados \u00e0 organiza\u00e7\u00e3o dos dados p\u00fablicos e ao cumprimento das normas legais de transpar\u00eancia.<\/p>\n<p data-start=\"1291\" data-end=\"1547\">A Prefeitura de Ceres destaca que o reconhecimento reflete o trabalho desenvolvido pelas equipes t\u00e9cnicas e administrativas na condu\u00e7\u00e3o das pol\u00edticas p\u00fablicas, assegurando \u00e0 popula\u00e7\u00e3o o acesso \u00e0s informa\u00e7\u00f5es e a correta aplica\u00e7\u00e3o dos recursos do munic\u00edpio.<\/p>\n<p data-start=\"1291\" data-end=\"1547\"><img loading=\"lazy\" decoding=\"async\" class=\"alignnone  wp-image-4934\" src=\"https:\/\/jornalvalenews.com.br\/wp-content\/uploads\/2025\/12\/WhatsApp-Image-2025-12-16-at-14.15.24-1-300x225.jpeg\" alt=\"\" width=\"700\" height=\"525\" srcset=\"https:\/\/jornalvalenews.com.br\/wp-content\/uploads\/2025\/12\/WhatsApp-Image-2025-12-16-at-14.15.24-1-300x225.jpeg 300w, https:\/\/jornalvalenews.com.br\/wp-content\/uploads\/2025\/12\/WhatsApp-Image-2025-12-16-at-14.15.24-1-1024x768.jpeg 1024w, https:\/\/jornalvalenews.com.br\/wp-content\/uploads\/2025\/12\/WhatsApp-Image-2025-12-16-at-14.15.24-1-768x576.jpeg 768w, https:\/\/jornalvalenews.com.br\/wp-content\/uploads\/2025\/12\/WhatsApp-Image-2025-12-16-at-14.15.24-1-1536x1152.jpeg 1536w, https:\/\/jornalvalenews.com.br\/wp-content\/uploads\/2025\/12\/WhatsApp-Image-2025-12-16-at-14.15.24-1-2048x1536.jpeg 2048w, https:\/\/jornalvalenews.com.br\/wp-content\/uploads\/2025\/12\/WhatsApp-Image-2025-12-16-at-14.15.24-1-136x102.jpeg 136w\" sizes=\"(max-width: 700px) 100vw, 700px\" \/><\/p>\n<p data-start=\"1291\" data-end=\"1547\"><img loading=\"lazy\" decoding=\"async\" class=\"alignnone  wp-image-4936\" src=\"https:\/\/jornalvalenews.com.br\/wp-content\/uploads\/2025\/12\/WhatsApp-Image-2025-12-16-at-14.15.25-300x225.jpeg\" alt=\"\" width=\"700\" height=\"525\" srcset=\"https:\/\/jornalvalenews.com.br\/wp-content\/uploads\/2025\/12\/WhatsApp-Image-2025-12-16-at-14.15.25-300x225.jpeg 300w, https:\/\/jornalvalenews.com.br\/wp-content\/uploads\/2025\/12\/WhatsApp-Image-2025-12-16-at-14.15.25-1024x768.jpeg 1024w, https:\/\/jornalvalenews.com.br\/wp-content\/uploads\/2025\/12\/WhatsApp-Image-2025-12-16-at-14.15.25-768x576.jpeg 768w, https:\/\/jornalvalenews.com.br\/wp-content\/uploads\/2025\/12\/WhatsApp-Image-2025-12-16-at-14.15.25-1536x1152.jpeg 1536w, https:\/\/jornalvalenews.com.br\/wp-content\/uploads\/2025\/12\/WhatsApp-Image-2025-12-16-at-14.15.25-2048x1536.jpeg 2048w, https:\/\/jornalvalenews.com.br\/wp-content\/uploads\/2025\/12\/WhatsApp-Image-2025-12-16-at-14.15.25-136x102.jpeg 136w\" sizes=\"(max-width: 700px) 100vw, 700px\" \/><\/p>\n","protected":false},"excerpt":{"rendered":"<p>O prefeito de Ceres, Edm\u00e1rio, acompanhado dos secret\u00e1rios Clarirouse Caixeta, J\u00e2nio Am\u00e9rico, Salvador Braga, Ribas Locatelli, \u00c9der Mois\u00e9s, Weligton Ribeiro e Edgar Divino, esteve na C\u00e2mara Municipal de Goi\u00e2nia na manh\u00e3 desta ter\u00e7a-feira, 16 de dezembro, para receber o Selo Ouro de Qualidade em Transpar\u00eancia 2025. A certifica\u00e7\u00e3o integra o Programa de Transpar\u00eancia P\u00fablica e [&hellip;]<\/p>\n","protected":false},"author":1,"featured_media":4935,"comment_status":"open","ping_status":"open","sticky":false,"template":"","format":"standard","meta":{"om_disable_all_campaigns":false,"footnotes":"","jetpack_publicize_message":"","jetpack_publicize_feature_enabled":true,"jetpack_social_post_already_shared":true,"jetpack_social_options":{"image_generator_settings":{"template":"highway","enabled":false}}},"categories":[11,8,5,9],"tags":[15,354,745,356],"jetpack_publicize_connections":[],"jetpack_sharing_enabled":true,"jetpack_featured_media_url":"https:\/\/jornalvalenews.com.br\/wp-content\/uploads\/2025\/12\/WhatsApp-Image-2025-12-16-at-14.15.24-scaled.jpeg","_links":{"self":[{"href":"https:\/\/jornalvalenews.com.br\/index.php\/wp-json\/wp\/v2\/posts\/4933"}],"collection":[{"href":"https:\/\/jornalvalenews.com.br\/index.php\/wp-json\/wp\/v2\/posts"}],"about":[{"href":"https:\/\/jornalvalenews.com.br\/index.php\/wp-json\/wp\/v2\/types\/post"}],"author":[{"embeddable":true,"href":"https:\/\/jornalvalenews.com.br\/index.php\/wp-json\/wp\/v2\/users\/1"}],"replies":[{"embeddable":true,"href":"https:\/\/jornalvalenews.com.br\/index.php\/wp-json\/wp\/v2\/comments?post=4933"}],"version-history":[{"count":1,"href":"https:\/\/jornalvalenews.com.br\/index.php\/wp-json\/wp\/v2\/posts\/4933\/revisions"}],"predecessor-version":[{"id":4937,"href":"https:\/\/jornalvalenews.com.br\/index.php\/wp-json\/wp\/v2\/posts\/4933\/revisions\/4937"}],"wp:featuredmedia":[{"embeddable":true,"href":"https:\/\/jornalvalenews.com.br\/index.php\/wp-json\/wp\/v2\/media\/4935"}],"wp:attachment":[{"href":"https:\/\/jornalvalenews.com.br\/index.php\/wp-json\/wp\/v2\/media?parent=4933"}],"wp:term":[{"taxonomy":"category","embeddable":true,"href":"https:\/\/jornalvalenews.com.br\/index.php\/wp-json\/wp\/v2\/categories?post=4933"},{"taxonomy":"post_tag","embeddable":true,"href":"https:\/\/jornalvalenews.com.br\/index.php\/wp-json\/wp\/v2\/tags?post=4933"}],"curies":[{"name":"wp","href":"https:\/\/api.w.org\/{rel}","templated":true}]}}