{"id":4919,"date":"2025-12-13T12:47:46","date_gmt":"2025-12-13T15:47:46","guid":{"rendered":"https:\/\/jornalvalenews.com.br\/?p=4919"},"modified":"2025-12-13T12:47:46","modified_gmt":"2025-12-13T15:47:46","slug":"rianapolis-comemora-67-anos-com-cavalgada-torneio-de-truco-churrasco-e-muita-musica","status":"publish","type":"post","link":"https:\/\/jornalvalenews.com.br\/index.php\/2025\/12\/13\/rianapolis-comemora-67-anos-com-cavalgada-torneio-de-truco-churrasco-e-muita-musica\/","title":{"rendered":"Rian\u00e1polis comemora 67 anos com cavalgada, torneio de truco, churrasco e muita m\u00fasica"},"content":{"rendered":"<p data-start=\"371\" data-end=\"629\">\n<p data-start=\"371\" data-end=\"629\"><a href=\"https:\/\/api.whatsapp.com\/send?phone=5562998212725&amp;text=Ol%C3%A1,%20gostaria%20de%20falar%20com%20a%20secret%C3%A1ria%20do%20Dr.%20Paulo%20e%20Dra.%20Caroline\" target=\"_blank\" rel=\"noopener\"><img loading=\"lazy\" decoding=\"async\" class=\"alignnone\" src=\"https:\/\/jornalvalenews.com.br\/wp-content\/uploads\/2024\/08\/novo-gif-dr.-paulo.gif\" alt=\"\" width=\"800\" height=\"666\" \/><\/a><\/p>\n<p data-start=\"371\" data-end=\"629\">\n<p data-start=\"371\" data-end=\"629\">O munic\u00edpio de Rian\u00e1polis se prepara para celebrar seus <strong data-start=\"427\" data-end=\"462\">67 anos de emancipa\u00e7\u00e3o pol\u00edtica<\/strong> com uma programa\u00e7\u00e3o especial no pr\u00f3ximo <strong data-start=\"503\" data-end=\"525\">dia 21 de dezembro<\/strong>, reunindo esporte, cultura, gastronomia e lazer em um dia inteiro de festividades voltadas \u00e0 popula\u00e7\u00e3o.<\/p>\n<p data-start=\"631\" data-end=\"884\">As atividades, organizadas pela <strong data-start=\"663\" data-end=\"701\">Prefeitura Municipal de Rian\u00e1polis<\/strong>, ter\u00e3o in\u00edcio logo pela manh\u00e3. \u00c0s <strong data-start=\"736\" data-end=\"742\">8h<\/strong>, acontece a <strong data-start=\"755\" data-end=\"777\">sa\u00edda da cavalgada<\/strong>, com concentra\u00e7\u00e3o na <strong data-start=\"799\" data-end=\"822\">Fazenda Beira Caxi\u00ea<\/strong>, tradi\u00e7\u00e3o que marca as comemora\u00e7\u00f5es do anivers\u00e1rio da cidade.<\/p>\n<p data-start=\"886\" data-end=\"1044\">Na sequ\u00eancia, \u00e0s <strong data-start=\"903\" data-end=\"909\">9h<\/strong>, a <strong data-start=\"913\" data-end=\"930\">Feira Coberta<\/strong> ser\u00e1 palco do <strong data-start=\"945\" data-end=\"965\">Torneio de Truco<\/strong>, reunindo competidores e p\u00fablico em um momento de integra\u00e7\u00e3o e entretenimento.<\/p>\n<p data-start=\"1046\" data-end=\"1260\">A programa\u00e7\u00e3o segue no mesmo local a partir das <strong data-start=\"1094\" data-end=\"1103\">11h30<\/strong>, com o <strong data-start=\"1111\" data-end=\"1140\">Almo\u00e7o com Mega Churrasco<\/strong>, seguido de <strong data-start=\"1153\" data-end=\"1178\">show ao vivo \u00e0s 12h30<\/strong>, refor\u00e7ando o clima festivo e de confraterniza\u00e7\u00e3o entre as fam\u00edlias rianapolinas.<\/p>\n<p data-start=\"1262\" data-end=\"1397\">Encerrando as comemora\u00e7\u00f5es, \u00e0s <strong data-start=\"1293\" data-end=\"1302\">16h30<\/strong>, acontece o <strong data-start=\"1315\" data-end=\"1333\">Som Automotivo<\/strong>, tamb\u00e9m na Feira Coberta, fechando o dia com m\u00fasica e anima\u00e7\u00e3o.<\/p>\n<p data-start=\"1399\" data-end=\"1754\">O prefeito <strong data-start=\"1410\" data-end=\"1428\">Gilber Miranda<\/strong> destaca a import\u00e2ncia da data para o munic\u00edpio e para a comunidade. Segundo ele, o anivers\u00e1rio de Rian\u00e1polis representa um momento de valoriza\u00e7\u00e3o da hist\u00f3ria, das tradi\u00e7\u00f5es e da for\u00e7a do povo local. O gestor afirma que a programa\u00e7\u00e3o foi pensada para que as fam\u00edlias possam celebrar juntas mais um ano de conquistas da cidade.<\/p>\n<p data-start=\"1756\" data-end=\"1992\">As comemora\u00e7\u00f5es contam ainda com o apoio da <strong data-start=\"1800\" data-end=\"1834\">C\u00e2mara Municipal de Rian\u00e1polis<\/strong>, presidida pelo vereador <strong data-start=\"1860\" data-end=\"1885\">Bruno Bezerra de Lima<\/strong>, refor\u00e7ando a uni\u00e3o institucional em torno das a\u00e7\u00f5es que valorizam a hist\u00f3ria e a identidade do munic\u00edpio.<\/p>\n<p data-start=\"1994\" data-end=\"2168\">A Prefeitura de Rian\u00e1polis refor\u00e7a o convite para que toda a comunidade participe das comemora\u00e7\u00f5es e prestigie as atividades preparadas em homenagem aos 67 anos do munic\u00edpio.<\/p>\n<p data-start=\"1994\" data-end=\"2168\"><img loading=\"lazy\" decoding=\"async\" class=\"wp-image-4922 aligncenter\" src=\"https:\/\/jornalvalenews.com.br\/wp-content\/uploads\/2025\/12\/WhatsApp-Image-2025-12-13-at-12.32.40-1-241x300.jpeg\" alt=\"\" width=\"650\" height=\"809\" srcset=\"https:\/\/jornalvalenews.com.br\/wp-content\/uploads\/2025\/12\/WhatsApp-Image-2025-12-13-at-12.32.40-1-241x300.jpeg 241w, https:\/\/jornalvalenews.com.br\/wp-content\/uploads\/2025\/12\/WhatsApp-Image-2025-12-13-at-12.32.40-1.jpeg 720w\" sizes=\"(max-width: 650px) 100vw, 650px\" \/><\/p>\n","protected":false},"excerpt":{"rendered":"<p>O munic\u00edpio de Rian\u00e1polis se prepara para celebrar seus 67 anos de emancipa\u00e7\u00e3o pol\u00edtica com uma programa\u00e7\u00e3o especial no pr\u00f3ximo dia 21 de dezembro, reunindo esporte, cultura, gastronomia e lazer em um dia inteiro de festividades voltadas \u00e0 popula\u00e7\u00e3o. As atividades, organizadas pela Prefeitura Municipal de Rian\u00e1polis, ter\u00e3o in\u00edcio logo pela manh\u00e3. \u00c0s 8h, acontece [&hellip;]<\/p>\n","protected":false},"author":1,"featured_media":4920,"comment_status":"open","ping_status":"open","sticky":false,"template":"","format":"standard","meta":{"om_disable_all_campaigns":false,"footnotes":"","jetpack_publicize_message":"","jetpack_publicize_feature_enabled":true,"jetpack_social_post_already_shared":true,"jetpack_social_options":{"image_generator_settings":{"template":"highway","enabled":false}}},"categories":[8,5,9],"tags":[805,632,449,230,806,660],"jetpack_publicize_connections":[],"jetpack_sharing_enabled":true,"jetpack_featured_media_url":"https:\/\/jornalvalenews.com.br\/wp-content\/uploads\/2025\/12\/Inserir-um-titulo-74.png","_links":{"self":[{"href":"https:\/\/jornalvalenews.com.br\/index.php\/wp-json\/wp\/v2\/posts\/4919"}],"collection":[{"href":"https:\/\/jornalvalenews.com.br\/index.php\/wp-json\/wp\/v2\/posts"}],"about":[{"href":"https:\/\/jornalvalenews.com.br\/index.php\/wp-json\/wp\/v2\/types\/post"}],"author":[{"embeddable":true,"href":"https:\/\/jornalvalenews.com.br\/index.php\/wp-json\/wp\/v2\/users\/1"}],"replies":[{"embeddable":true,"href":"https:\/\/jornalvalenews.com.br\/index.php\/wp-json\/wp\/v2\/comments?post=4919"}],"version-history":[{"count":1,"href":"https:\/\/jornalvalenews.com.br\/index.php\/wp-json\/wp\/v2\/posts\/4919\/revisions"}],"predecessor-version":[{"id":4923,"href":"https:\/\/jornalvalenews.com.br\/index.php\/wp-json\/wp\/v2\/posts\/4919\/revisions\/4923"}],"wp:featuredmedia":[{"embeddable":true,"href":"https:\/\/jornalvalenews.com.br\/index.php\/wp-json\/wp\/v2\/media\/4920"}],"wp:attachment":[{"href":"https:\/\/jornalvalenews.com.br\/index.php\/wp-json\/wp\/v2\/media?parent=4919"}],"wp:term":[{"taxonomy":"category","embeddable":true,"href":"https:\/\/jornalvalenews.com.br\/index.php\/wp-json\/wp\/v2\/categories?post=4919"},{"taxonomy":"post_tag","embeddable":true,"href":"https:\/\/jornalvalenews.com.br\/index.php\/wp-json\/wp\/v2\/tags?post=4919"}],"curies":[{"name":"wp","href":"https:\/\/api.w.org\/{rel}","templated":true}]}}