{"id":4907,"date":"2025-12-10T11:53:57","date_gmt":"2025-12-10T14:53:57","guid":{"rendered":"https:\/\/jornalvalenews.com.br\/?p=4907"},"modified":"2025-12-10T11:53:57","modified_gmt":"2025-12-10T14:53:57","slug":"camara-municipal-de-rianapolis-elege-nova-mesa-diretora-para-2026-durante-5a-sessao-ordinaria","status":"publish","type":"post","link":"https:\/\/jornalvalenews.com.br\/index.php\/2025\/12\/10\/camara-municipal-de-rianapolis-elege-nova-mesa-diretora-para-2026-durante-5a-sessao-ordinaria\/","title":{"rendered":"C\u00e2mara Municipal de Rian\u00e1polis elege nova Mesa Diretora para 2026 durante 5\u00aa Sess\u00e3o Ordin\u00e1ria"},"content":{"rendered":"<p>A <strong>C\u00e2mara Municipal de Rian\u00e1polis<\/strong> realizou, no dia 9 de dezembro de 2025, \u00e0s 19h30, a 5\u00aa Sess\u00e3o Ordin\u00e1ria do m\u00eas de dezembro, com a presen\u00e7a dos Vereadores Ac\u00e1cio Tostes, Ivone Rosa, Jouse Ribeiro, Lucas Menezes, Marcelo Martins, Sandra Alves, Sebasti\u00e3o Ferreira e Zilmar Ribeiro. A sess\u00e3o foi presidida por Bruno Bezerra de Lima.<\/p>\n<p>A Ata da sess\u00e3o anterior foi aprovada por 8 votos a 0. Tamb\u00e9m houve leitura de convite da Escola Estadual C\u00f4nego Jos\u00e9 Trindade da Fonseca e Silva e do Of\u00edcio n\u00ba 03\/2025, oriundo da Diretoria de Meio Ambiente.<\/p>\n<p>No momento da Ordem do Dia, ocorreu a Elei\u00e7\u00e3o da Mesa Diretora para o exerc\u00edcio de 2026, com chapa \u00fanica formada pelos seguintes parlamentares:<\/p>\n<p><strong>\u2022\u2060 \u2060Presidente: Sebasti\u00e3o Ferreira da Cruz<\/strong><br \/>\n<strong>\u2022\u2060 \u2060Vice-Presidente: Zilmar Aparecido Ribeiro<\/strong><br \/>\n<strong>\u2022\u2060 \u20601\u00aa Secret\u00e1ria: Sandra Alves de Souza<\/strong><br \/>\n<strong>\u2022\u2060 \u20602\u00ba Secret\u00e1rio: Lucas Menezes da Silva<\/strong><\/p>\n<p>A vota\u00e7\u00e3o foi realizada de forma nominal, resultando na aprova\u00e7\u00e3o da chapa por 8 votos a 0.<\/p>\n<p>Ap\u00f3s proclamado o resultado, o Presidente eleito agradeceu o apoio dos vereadores e convidou o Vereador Ac\u00e1cio Andrade Tostes para assumir a fun\u00e7\u00e3o de Tesoureiro da Gest\u00e3o 2026, que aceitou o convite.<\/p>\n","protected":false},"excerpt":{"rendered":"<p>A C\u00e2mara Municipal de Rian\u00e1polis realizou, no dia 9 de dezembro de 2025, \u00e0s 19h30, a 5\u00aa Sess\u00e3o Ordin\u00e1ria do m\u00eas de dezembro, com a presen\u00e7a dos Vereadores Ac\u00e1cio Tostes, Ivone Rosa, Jouse Ribeiro, Lucas Menezes, Marcelo Martins, Sandra Alves, Sebasti\u00e3o Ferreira e Zilmar Ribeiro. A sess\u00e3o foi presidida por Bruno Bezerra de Lima. A [&hellip;]<\/p>\n","protected":false},"author":1,"featured_media":4908,"comment_status":"open","ping_status":"open","sticky":false,"template":"","format":"standard","meta":{"om_disable_all_campaigns":false,"footnotes":"","jetpack_publicize_message":"","jetpack_publicize_feature_enabled":true,"jetpack_social_post_already_shared":true,"jetpack_social_options":{"image_generator_settings":{"template":"highway","enabled":false}}},"categories":[8,5,9],"tags":[],"jetpack_publicize_connections":[],"jetpack_sharing_enabled":true,"jetpack_featured_media_url":"https:\/\/jornalvalenews.com.br\/wp-content\/uploads\/2025\/12\/WhatsApp-Image-2025-12-10-at-11.38.58.jpeg","_links":{"self":[{"href":"https:\/\/jornalvalenews.com.br\/index.php\/wp-json\/wp\/v2\/posts\/4907"}],"collection":[{"href":"https:\/\/jornalvalenews.com.br\/index.php\/wp-json\/wp\/v2\/posts"}],"about":[{"href":"https:\/\/jornalvalenews.com.br\/index.php\/wp-json\/wp\/v2\/types\/post"}],"author":[{"embeddable":true,"href":"https:\/\/jornalvalenews.com.br\/index.php\/wp-json\/wp\/v2\/users\/1"}],"replies":[{"embeddable":true,"href":"https:\/\/jornalvalenews.com.br\/index.php\/wp-json\/wp\/v2\/comments?post=4907"}],"version-history":[{"count":1,"href":"https:\/\/jornalvalenews.com.br\/index.php\/wp-json\/wp\/v2\/posts\/4907\/revisions"}],"predecessor-version":[{"id":4909,"href":"https:\/\/jornalvalenews.com.br\/index.php\/wp-json\/wp\/v2\/posts\/4907\/revisions\/4909"}],"wp:featuredmedia":[{"embeddable":true,"href":"https:\/\/jornalvalenews.com.br\/index.php\/wp-json\/wp\/v2\/media\/4908"}],"wp:attachment":[{"href":"https:\/\/jornalvalenews.com.br\/index.php\/wp-json\/wp\/v2\/media?parent=4907"}],"wp:term":[{"taxonomy":"category","embeddable":true,"href":"https:\/\/jornalvalenews.com.br\/index.php\/wp-json\/wp\/v2\/categories?post=4907"},{"taxonomy":"post_tag","embeddable":true,"href":"https:\/\/jornalvalenews.com.br\/index.php\/wp-json\/wp\/v2\/tags?post=4907"}],"curies":[{"name":"wp","href":"https:\/\/api.w.org\/{rel}","templated":true}]}}