{"id":4902,"date":"2025-12-09T11:44:04","date_gmt":"2025-12-09T14:44:04","guid":{"rendered":"https:\/\/jornalvalenews.com.br\/?p=4902"},"modified":"2025-12-10T11:58:27","modified_gmt":"2025-12-10T14:58:27","slug":"camara-municipal-de-rianapolis-realiza-3a-sessao-ordinaria-de-dezembro","status":"publish","type":"post","link":"https:\/\/jornalvalenews.com.br\/index.php\/2025\/12\/09\/camara-municipal-de-rianapolis-realiza-3a-sessao-ordinaria-de-dezembro\/","title":{"rendered":"C\u00e2mara Municipal de Rian\u00e1polis realiza 3\u00aa Sess\u00e3o Ordin\u00e1ria de dezembro"},"content":{"rendered":"<p>A C\u00e2mara Municipal de Rian\u00e1polis realizou, na manh\u00e3 do dia 8 de dezembro de 2025, \u00e0s 8h30, a 3\u00aa Sess\u00e3o Ordin\u00e1ria do m\u00eas. A reuni\u00e3o foi aberta pelo Presidente Bruno Bezerra de Lima, com a presen\u00e7a dos Vereadores Ac\u00e1cio Tostes, Ivone Rosa, Jouse Ribeiro, Lucas Menezes, Sandra Alves, Sebasti\u00e3o Ferreira e Zilmar Ribeiro. Houve aus\u00eancia justificada do Vereador Marcelo Martins.<\/p>\n<p>Ap\u00f3s os cumprimentos e verifica\u00e7\u00e3o de qu\u00f3rum, houve leitura e aprova\u00e7\u00e3o da Ata da sess\u00e3o anterior por 7 votos a 0.<\/p>\n<p>Na Ordem do Dia, foram colocados em aprecia\u00e7\u00e3o e 2\u00aa vota\u00e7\u00e3o quatro Projetos de Decreto Legislativo de autoria do Vereador Bruno Lima, todos aprovados por 7 votos a 0:<\/p>\n<p>\u2022\u2060 \u2060Projeto de Decreto Legislativo n\u00ba 008\/2025 \u2013 Diploma de Honra ao M\u00e9rito a profissionais que atuam na C\u00e2mara Municipal<br \/>\n\u2022\u2060 \u2060Projeto n\u00ba 009\/2025 \u2013 Diploma de Honra ao M\u00e9rito a profissionais do CRAS<br \/>\n\u2022\u2060 \u2060Projeto n\u00ba 010\/2025 \u2013 Diploma de Honra ao M\u00e9rito aos Secret\u00e1rios Municipais<br \/>\n\u2022\u2060 \u2060Projeto n\u00ba 011\/2025 \u2013 Diploma de Honra ao M\u00e9rito a profissionais da Educa\u00e7\u00e3o<\/p>\n<p>Ao final, foi anunciada a continuidade dos trabalhos com a realiza\u00e7\u00e3o de outra sess\u00e3o na mesma data.<\/p>\n<p>&nbsp;<\/p>\n","protected":false},"excerpt":{"rendered":"<p>A C\u00e2mara Municipal de Rian\u00e1polis realizou, na manh\u00e3 do dia 8 de dezembro de 2025, \u00e0s 8h30, a 3\u00aa Sess\u00e3o Ordin\u00e1ria do m\u00eas. A reuni\u00e3o foi aberta pelo Presidente Bruno Bezerra de Lima, com a presen\u00e7a dos Vereadores Ac\u00e1cio Tostes, Ivone Rosa, Jouse Ribeiro, Lucas Menezes, Sandra Alves, Sebasti\u00e3o Ferreira e Zilmar Ribeiro. Houve aus\u00eancia [&hellip;]<\/p>\n","protected":false},"author":1,"featured_media":4903,"comment_status":"open","ping_status":"open","sticky":false,"template":"","format":"standard","meta":{"om_disable_all_campaigns":false,"footnotes":"","jetpack_publicize_message":"","jetpack_publicize_feature_enabled":true,"jetpack_social_post_already_shared":true,"jetpack_social_options":{"image_generator_settings":{"template":"highway","enabled":false}}},"categories":[8,5,9],"tags":[],"jetpack_publicize_connections":[],"jetpack_sharing_enabled":true,"jetpack_featured_media_url":"https:\/\/jornalvalenews.com.br\/wp-content\/uploads\/2025\/12\/Captura-de-Tela-2025-12-10-as-11.43.20.png","_links":{"self":[{"href":"https:\/\/jornalvalenews.com.br\/index.php\/wp-json\/wp\/v2\/posts\/4902"}],"collection":[{"href":"https:\/\/jornalvalenews.com.br\/index.php\/wp-json\/wp\/v2\/posts"}],"about":[{"href":"https:\/\/jornalvalenews.com.br\/index.php\/wp-json\/wp\/v2\/types\/post"}],"author":[{"embeddable":true,"href":"https:\/\/jornalvalenews.com.br\/index.php\/wp-json\/wp\/v2\/users\/1"}],"replies":[{"embeddable":true,"href":"https:\/\/jornalvalenews.com.br\/index.php\/wp-json\/wp\/v2\/comments?post=4902"}],"version-history":[{"count":1,"href":"https:\/\/jornalvalenews.com.br\/index.php\/wp-json\/wp\/v2\/posts\/4902\/revisions"}],"predecessor-version":[{"id":4904,"href":"https:\/\/jornalvalenews.com.br\/index.php\/wp-json\/wp\/v2\/posts\/4902\/revisions\/4904"}],"wp:featuredmedia":[{"embeddable":true,"href":"https:\/\/jornalvalenews.com.br\/index.php\/wp-json\/wp\/v2\/media\/4903"}],"wp:attachment":[{"href":"https:\/\/jornalvalenews.com.br\/index.php\/wp-json\/wp\/v2\/media?parent=4902"}],"wp:term":[{"taxonomy":"category","embeddable":true,"href":"https:\/\/jornalvalenews.com.br\/index.php\/wp-json\/wp\/v2\/categories?post=4902"},{"taxonomy":"post_tag","embeddable":true,"href":"https:\/\/jornalvalenews.com.br\/index.php\/wp-json\/wp\/v2\/tags?post=4902"}],"curies":[{"name":"wp","href":"https:\/\/api.w.org\/{rel}","templated":true}]}}