{"id":4854,"date":"2025-12-08T14:36:06","date_gmt":"2025-12-08T17:36:06","guid":{"rendered":"https:\/\/jornalvalenews.com.br\/?p=4854"},"modified":"2025-12-08T14:36:06","modified_gmt":"2025-12-08T17:36:06","slug":"natal-encantado-de-rialma-comeca-hoje-08-com-acender-das-luzes-no-parque-angelica","status":"publish","type":"post","link":"https:\/\/jornalvalenews.com.br\/index.php\/2025\/12\/08\/natal-encantado-de-rialma-comeca-hoje-08-com-acender-das-luzes-no-parque-angelica\/","title":{"rendered":"Natal Encantado de Rialma come\u00e7a hoje (08) com acender das luzes no Parque Ang\u00e9lica"},"content":{"rendered":"<p data-start=\"406\" data-end=\"761\">A Prefeitura de Rialma d\u00e1 in\u00edcio, nesta segunda-feira (8), \u00e0s celebra\u00e7\u00f5es do <strong data-start=\"483\" data-end=\"512\">Natal Encantado de Rialma<\/strong>, convidando toda a popula\u00e7\u00e3o para uma noite especial marcada pelo <strong data-start=\"579\" data-end=\"609\">Acender das Luzes de Natal<\/strong>, a partir das 19h, no Parque Ecol\u00f3gico Ang\u00e9lica. O momento promete encantar fam\u00edlias e reacender o esp\u00edrito natalino com muita magia, alegria e emo\u00e7\u00e3o.<\/p>\n<p data-start=\"763\" data-end=\"923\">Para as crian\u00e7as, a abertura contar\u00e1 com pipoca e algod\u00e3o-doce gratuitos, criando um clima ainda mais especial para o in\u00edcio da programa\u00e7\u00e3o festiva da cidade.<\/p>\n<p data-start=\"925\" data-end=\"1213\">Al\u00e9m do evento desta noite, o Natal Encantado seguir\u00e1 com atividades preparadas com muito carinho para toda a comunidade. Entre os dias <strong data-start=\"1061\" data-end=\"1084\">16 e 20 de dezembro<\/strong>, acontece a <strong data-start=\"1097\" data-end=\"1117\">Cantata de Natal<\/strong>, com a participa\u00e7\u00e3o de estudantes das escolas municipais, enchendo Rialma de m\u00fasica e emo\u00e7\u00e3o.<\/p>\n<p data-start=\"1215\" data-end=\"1394\">No dia <strong data-start=\"1222\" data-end=\"1228\">20<\/strong>, o talento das crian\u00e7as e adolescentes do munic\u00edpio ganha destaque na <strong data-start=\"1299\" data-end=\"1334\">apresenta\u00e7\u00e3o do Centro de Artes<\/strong>, uma celebra\u00e7\u00e3o da cultura e da educa\u00e7\u00e3o art\u00edstica local.<\/p>\n<p data-start=\"1396\" data-end=\"1627\">Encerrando o calend\u00e1rio natalino, no dia <strong data-start=\"1437\" data-end=\"1455\">22 de dezembro<\/strong>, ser\u00e1 realizada a <strong data-start=\"1474\" data-end=\"1528\">entrega de brinquedos em diversos pontos da cidade<\/strong>, garantindo sorrisos e refor\u00e7ando o cuidado com as fam\u00edlias rialmenses neste per\u00edodo t\u00e3o especial.<\/p>\n<p data-start=\"1629\" data-end=\"1844\">A Prefeitura de Rialma, por meio do prefeito <strong data-start=\"1674\" data-end=\"1694\">Dr. Lucas Chaves<\/strong> e da primeira-dama <strong data-start=\"1714\" data-end=\"1734\">Dra. Aline Gomes<\/strong>, convida todos a celebrarem juntos a uni\u00e3o, a esperan\u00e7a e os bons sentimentos que marcam esta \u00e9poca do ano.<\/p>\n<p data-start=\"1846\" data-end=\"1905\">\ud83d\udc9a <strong data-start=\"1849\" data-end=\"1862\">Participe<\/strong> e viva o encanto do Natal em nossa cidade!<\/p>\n","protected":false},"excerpt":{"rendered":"<p>A Prefeitura de Rialma d\u00e1 in\u00edcio, nesta segunda-feira (8), \u00e0s celebra\u00e7\u00f5es do Natal Encantado de Rialma, convidando toda a popula\u00e7\u00e3o para uma noite especial marcada pelo Acender das Luzes de Natal, a partir das 19h, no Parque Ecol\u00f3gico Ang\u00e9lica. O momento promete encantar fam\u00edlias e reacender o esp\u00edrito natalino com muita magia, alegria e emo\u00e7\u00e3o. [&hellip;]<\/p>\n","protected":false},"author":1,"featured_media":4855,"comment_status":"open","ping_status":"open","sticky":false,"template":"","format":"standard","meta":{"om_disable_all_campaigns":false,"footnotes":"","jetpack_publicize_message":"","jetpack_publicize_feature_enabled":true,"jetpack_social_post_already_shared":true,"jetpack_social_options":{"image_generator_settings":{"template":"highway","enabled":false}}},"categories":[8,5,12,9],"tags":[711,801,740,56,34],"jetpack_publicize_connections":[],"jetpack_sharing_enabled":true,"jetpack_featured_media_url":"https:\/\/jornalvalenews.com.br\/wp-content\/uploads\/2025\/12\/Inserir-um-titulo-68.png","_links":{"self":[{"href":"https:\/\/jornalvalenews.com.br\/index.php\/wp-json\/wp\/v2\/posts\/4854"}],"collection":[{"href":"https:\/\/jornalvalenews.com.br\/index.php\/wp-json\/wp\/v2\/posts"}],"about":[{"href":"https:\/\/jornalvalenews.com.br\/index.php\/wp-json\/wp\/v2\/types\/post"}],"author":[{"embeddable":true,"href":"https:\/\/jornalvalenews.com.br\/index.php\/wp-json\/wp\/v2\/users\/1"}],"replies":[{"embeddable":true,"href":"https:\/\/jornalvalenews.com.br\/index.php\/wp-json\/wp\/v2\/comments?post=4854"}],"version-history":[{"count":1,"href":"https:\/\/jornalvalenews.com.br\/index.php\/wp-json\/wp\/v2\/posts\/4854\/revisions"}],"predecessor-version":[{"id":4856,"href":"https:\/\/jornalvalenews.com.br\/index.php\/wp-json\/wp\/v2\/posts\/4854\/revisions\/4856"}],"wp:featuredmedia":[{"embeddable":true,"href":"https:\/\/jornalvalenews.com.br\/index.php\/wp-json\/wp\/v2\/media\/4855"}],"wp:attachment":[{"href":"https:\/\/jornalvalenews.com.br\/index.php\/wp-json\/wp\/v2\/media?parent=4854"}],"wp:term":[{"taxonomy":"category","embeddable":true,"href":"https:\/\/jornalvalenews.com.br\/index.php\/wp-json\/wp\/v2\/categories?post=4854"},{"taxonomy":"post_tag","embeddable":true,"href":"https:\/\/jornalvalenews.com.br\/index.php\/wp-json\/wp\/v2\/tags?post=4854"}],"curies":[{"name":"wp","href":"https:\/\/api.w.org\/{rel}","templated":true}]}}