{"id":4832,"date":"2025-12-05T18:40:10","date_gmt":"2025-12-05T21:40:10","guid":{"rendered":"https:\/\/jornalvalenews.com.br\/?p=4832"},"modified":"2025-12-05T18:40:10","modified_gmt":"2025-12-05T21:40:10","slug":"camara-municipal-de-ceres-realiza-9a-sessao-extraordinaria-de-2025","status":"publish","type":"post","link":"https:\/\/jornalvalenews.com.br\/index.php\/2025\/12\/05\/camara-municipal-de-ceres-realiza-9a-sessao-extraordinaria-de-2025\/","title":{"rendered":"C\u00e2mara Municipal de Ceres realiza 9\u00aa Sess\u00e3o Extraordin\u00e1ria de 2025"},"content":{"rendered":"<p data-start=\"189\" data-end=\"428\">Na \u00faltima quinta-feira, dia 04 de dezembro de 2025, sob a presid\u00eancia do vereador <strong data-start=\"271\" data-end=\"307\">Glic\u00e9rio de Moraes Mendes Junior<\/strong>, foi realizada a <strong data-start=\"325\" data-end=\"353\">9\u00aa Sess\u00e3o Extraordin\u00e1ria<\/strong> de 2025. Na oportunidade, foram votadas e aprovadas as seguintes mat\u00e9rias:<\/p>\n<p data-start=\"430\" data-end=\"672\">Aprovado em <strong data-start=\"442\" data-end=\"461\">segunda vota\u00e7\u00e3o<\/strong> o <strong data-start=\"464\" data-end=\"494\">Projeto de Lei n\u00ba 023\/2025<\/strong>, de autoria do Poder Legislativo, que disp\u00f5e sobre a <strong data-start=\"548\" data-end=\"671\">baixa de bens m\u00f3veis do patrim\u00f4nio da C\u00e2mara Municipal de Ceres e transfer\u00eancia\/entrega \u00e0 Prefeitura Municipal de Ceres<\/strong>.<\/p>\n<p data-start=\"674\" data-end=\"885\">Aprovado em <strong data-start=\"686\" data-end=\"705\">segunda vota\u00e7\u00e3o<\/strong> o <strong data-start=\"708\" data-end=\"738\">Projeto de Lei n\u00ba 013\/2025<\/strong>, de autoria do Poder Legislativo, que disp\u00f5e sobre a <strong data-start=\"792\" data-end=\"859\">domina\u00e7\u00e3o de pra\u00e7a p\u00fablica situada no Setor Jardim Sara Ribeiro<\/strong> e d\u00e1 outras provid\u00eancias.<\/p>\n<p data-start=\"887\" data-end=\"1177\">Aprovado em <strong data-start=\"899\" data-end=\"918\">segunda vota\u00e7\u00e3o<\/strong> o <strong data-start=\"921\" data-end=\"951\">Projeto de Lei n\u00ba 028\/2025<\/strong>, de autoria do Poder Executivo, que disp\u00f5e sobre a <strong data-start=\"1003\" data-end=\"1077\">cria\u00e7\u00e3o da Secretaria Municipal de Agricultura e Desenvolvimento Rural<\/strong>, altera a <strong data-start=\"1088\" data-end=\"1151\">estrutura organizacional da Administra\u00e7\u00e3o P\u00fablica Municipal<\/strong> e d\u00e1 outras provid\u00eancias.<\/p>\n","protected":false},"excerpt":{"rendered":"<p>Na \u00faltima quinta-feira, dia 04 de dezembro de 2025, sob a presid\u00eancia do vereador Glic\u00e9rio de Moraes Mendes Junior, foi realizada a 9\u00aa Sess\u00e3o Extraordin\u00e1ria de 2025. Na oportunidade, foram votadas e aprovadas as seguintes mat\u00e9rias: Aprovado em segunda vota\u00e7\u00e3o o Projeto de Lei n\u00ba 023\/2025, de autoria do Poder Legislativo, que disp\u00f5e sobre a [&hellip;]<\/p>\n","protected":false},"author":1,"featured_media":4830,"comment_status":"open","ping_status":"open","sticky":false,"template":"","format":"standard","meta":{"om_disable_all_campaigns":false,"footnotes":"","jetpack_publicize_message":"","jetpack_publicize_feature_enabled":true,"jetpack_social_post_already_shared":true,"jetpack_social_options":{"image_generator_settings":{"template":"highway","enabled":false}}},"categories":[11,8,5,9],"tags":[],"jetpack_publicize_connections":[],"jetpack_sharing_enabled":true,"jetpack_featured_media_url":"https:\/\/jornalvalenews.com.br\/wp-content\/uploads\/2025\/12\/Quarta-sessao-dezembro-2025.jpg","_links":{"self":[{"href":"https:\/\/jornalvalenews.com.br\/index.php\/wp-json\/wp\/v2\/posts\/4832"}],"collection":[{"href":"https:\/\/jornalvalenews.com.br\/index.php\/wp-json\/wp\/v2\/posts"}],"about":[{"href":"https:\/\/jornalvalenews.com.br\/index.php\/wp-json\/wp\/v2\/types\/post"}],"author":[{"embeddable":true,"href":"https:\/\/jornalvalenews.com.br\/index.php\/wp-json\/wp\/v2\/users\/1"}],"replies":[{"embeddable":true,"href":"https:\/\/jornalvalenews.com.br\/index.php\/wp-json\/wp\/v2\/comments?post=4832"}],"version-history":[{"count":1,"href":"https:\/\/jornalvalenews.com.br\/index.php\/wp-json\/wp\/v2\/posts\/4832\/revisions"}],"predecessor-version":[{"id":4833,"href":"https:\/\/jornalvalenews.com.br\/index.php\/wp-json\/wp\/v2\/posts\/4832\/revisions\/4833"}],"wp:featuredmedia":[{"embeddable":true,"href":"https:\/\/jornalvalenews.com.br\/index.php\/wp-json\/wp\/v2\/media\/4830"}],"wp:attachment":[{"href":"https:\/\/jornalvalenews.com.br\/index.php\/wp-json\/wp\/v2\/media?parent=4832"}],"wp:term":[{"taxonomy":"category","embeddable":true,"href":"https:\/\/jornalvalenews.com.br\/index.php\/wp-json\/wp\/v2\/categories?post=4832"},{"taxonomy":"post_tag","embeddable":true,"href":"https:\/\/jornalvalenews.com.br\/index.php\/wp-json\/wp\/v2\/tags?post=4832"}],"curies":[{"name":"wp","href":"https:\/\/api.w.org\/{rel}","templated":true}]}}