{"id":4829,"date":"2025-12-05T18:39:10","date_gmt":"2025-12-05T21:39:10","guid":{"rendered":"https:\/\/jornalvalenews.com.br\/?p=4829"},"modified":"2025-12-05T18:39:10","modified_gmt":"2025-12-05T21:39:10","slug":"camara-municipal-de-ceres-realiza-4a-sessao-ordinaria-de-dezembro-de-2025-confira","status":"publish","type":"post","link":"https:\/\/jornalvalenews.com.br\/index.php\/2025\/12\/05\/camara-municipal-de-ceres-realiza-4a-sessao-ordinaria-de-dezembro-de-2025-confira\/","title":{"rendered":"C\u00e2mara Municipal de Ceres realiza 4\u00aa Sess\u00e3o Ordin\u00e1ria de dezembro de 2025: confira"},"content":{"rendered":"<p data-start=\"194\" data-end=\"427\">Na \u00faltima quinta-feira, dia 04, sob a presid\u00eancia do vereador <strong data-start=\"256\" data-end=\"292\">Glic\u00e9rio de Moraes Mendes Junior<\/strong>, foi realizada a <strong data-start=\"310\" data-end=\"333\">4\u00aa Sess\u00e3o Ordin\u00e1ria<\/strong> do m\u00eas de dezembro de 2025. Na oportunidade, foram votadas e aprovadas as seguintes mat\u00e9rias:<\/p>\n<p data-start=\"429\" data-end=\"631\">Aprovado em <strong data-start=\"441\" data-end=\"460\">segunda vota\u00e7\u00e3o<\/strong> o <strong data-start=\"463\" data-end=\"493\">Projeto de Lei n\u00ba 015\/2025<\/strong>, de autoria do Poder Executivo, que disp\u00f5e sobre a <strong data-start=\"545\" data-end=\"605\">Lei de Diretrizes Or\u00e7ament\u00e1rias para o exerc\u00edcio de 2026<\/strong> e d\u00e1 outras provid\u00eancias.<\/p>\n<p data-start=\"633\" data-end=\"833\">Aprovado em <strong data-start=\"645\" data-end=\"664\">segunda vota\u00e7\u00e3o<\/strong> o <strong data-start=\"667\" data-end=\"697\">Projeto de Lei n\u00ba 021\/2025<\/strong>, de autoria do Poder Executivo, que disp\u00f5e sobre o <strong data-start=\"749\" data-end=\"775\">Plano Plurianual \u2013 PPA<\/strong> para o quadri\u00eanio <strong data-start=\"794\" data-end=\"807\">2026-2029<\/strong> e d\u00e1 outras provid\u00eancias.<\/p>\n<p data-start=\"835\" data-end=\"1055\">Aprovado em <strong data-start=\"847\" data-end=\"866\">segunda vota\u00e7\u00e3o<\/strong> o <strong data-start=\"869\" data-end=\"899\">Projeto de Lei n\u00ba 022\/2025<\/strong>, de autoria do Poder Executivo, que <strong data-start=\"936\" data-end=\"992\">estima a Receita e fixa a Despesa do Or\u00e7amento Anual<\/strong> do Munic\u00edpio de Ceres para o exerc\u00edcio financeiro de <strong data-start=\"1046\" data-end=\"1054\">2026<\/strong>.<\/p>\n<p data-start=\"1057\" data-end=\"1417\">Aprovado em <strong data-start=\"1069\" data-end=\"1088\">segunda vota\u00e7\u00e3o<\/strong> o <strong data-start=\"1091\" data-end=\"1121\">Projeto de Lei n\u00ba 012\/2025<\/strong>, de autoria do Poder Legislativo, que disp\u00f5e sobre a <strong data-start=\"1175\" data-end=\"1241\">obrigatoriedade de alinhamento e identifica\u00e7\u00e3o de fia\u00e7\u00e3o a\u00e9rea<\/strong>, bem como a <strong data-start=\"1254\" data-end=\"1309\">remo\u00e7\u00e3o de fios e equipamentos excedentes e sem uso<\/strong> instalados por concession\u00e1rias e empresas privadas que operam ou utilizam rede a\u00e9rea no Munic\u00edpio de Ceres.<\/p>\n","protected":false},"excerpt":{"rendered":"<p>Na \u00faltima quinta-feira, dia 04, sob a presid\u00eancia do vereador Glic\u00e9rio de Moraes Mendes Junior, foi realizada a 4\u00aa Sess\u00e3o Ordin\u00e1ria do m\u00eas de dezembro de 2025. Na oportunidade, foram votadas e aprovadas as seguintes mat\u00e9rias: Aprovado em segunda vota\u00e7\u00e3o o Projeto de Lei n\u00ba 015\/2025, de autoria do Poder Executivo, que disp\u00f5e sobre a [&hellip;]<\/p>\n","protected":false},"author":1,"featured_media":4830,"comment_status":"open","ping_status":"open","sticky":false,"template":"","format":"standard","meta":{"om_disable_all_campaigns":false,"footnotes":"","jetpack_publicize_message":"","jetpack_publicize_feature_enabled":true,"jetpack_social_post_already_shared":true,"jetpack_social_options":{"image_generator_settings":{"template":"highway","enabled":false}}},"categories":[11,8,5,9],"tags":[],"jetpack_publicize_connections":[],"jetpack_sharing_enabled":true,"jetpack_featured_media_url":"https:\/\/jornalvalenews.com.br\/wp-content\/uploads\/2025\/12\/Quarta-sessao-dezembro-2025.jpg","_links":{"self":[{"href":"https:\/\/jornalvalenews.com.br\/index.php\/wp-json\/wp\/v2\/posts\/4829"}],"collection":[{"href":"https:\/\/jornalvalenews.com.br\/index.php\/wp-json\/wp\/v2\/posts"}],"about":[{"href":"https:\/\/jornalvalenews.com.br\/index.php\/wp-json\/wp\/v2\/types\/post"}],"author":[{"embeddable":true,"href":"https:\/\/jornalvalenews.com.br\/index.php\/wp-json\/wp\/v2\/users\/1"}],"replies":[{"embeddable":true,"href":"https:\/\/jornalvalenews.com.br\/index.php\/wp-json\/wp\/v2\/comments?post=4829"}],"version-history":[{"count":1,"href":"https:\/\/jornalvalenews.com.br\/index.php\/wp-json\/wp\/v2\/posts\/4829\/revisions"}],"predecessor-version":[{"id":4831,"href":"https:\/\/jornalvalenews.com.br\/index.php\/wp-json\/wp\/v2\/posts\/4829\/revisions\/4831"}],"wp:featuredmedia":[{"embeddable":true,"href":"https:\/\/jornalvalenews.com.br\/index.php\/wp-json\/wp\/v2\/media\/4830"}],"wp:attachment":[{"href":"https:\/\/jornalvalenews.com.br\/index.php\/wp-json\/wp\/v2\/media?parent=4829"}],"wp:term":[{"taxonomy":"category","embeddable":true,"href":"https:\/\/jornalvalenews.com.br\/index.php\/wp-json\/wp\/v2\/categories?post=4829"},{"taxonomy":"post_tag","embeddable":true,"href":"https:\/\/jornalvalenews.com.br\/index.php\/wp-json\/wp\/v2\/tags?post=4829"}],"curies":[{"name":"wp","href":"https:\/\/api.w.org\/{rel}","templated":true}]}}