{"id":4826,"date":"2025-12-04T14:19:56","date_gmt":"2025-12-04T17:19:56","guid":{"rendered":"https:\/\/jornalvalenews.com.br\/?p=4826"},"modified":"2025-12-04T23:24:45","modified_gmt":"2025-12-05T02:24:45","slug":"e-amanha-rialma-promove-acao-de-plantio-na-nascente-do-parque-angelica-nesta-sexta-5","status":"publish","type":"post","link":"https:\/\/jornalvalenews.com.br\/index.php\/2025\/12\/04\/e-amanha-rialma-promove-acao-de-plantio-na-nascente-do-parque-angelica-nesta-sexta-5\/","title":{"rendered":"\u00c9 amanh\u00e3: Rialma promove a\u00e7\u00e3o de plantio na nascente do Parque Ang\u00e9lica nesta sexta (5)"},"content":{"rendered":"<p data-start=\"478\" data-end=\"826\">A Prefeitura de Rialma, por meio da Secretaria Municipal de Meio Ambiente, realizar\u00e1 nesta <strong data-start=\"569\" data-end=\"588\">sexta-feira (5)<\/strong> a <strong data-start=\"591\" data-end=\"611\">Virada Ambiental<\/strong>, uma a\u00e7\u00e3o de plantio de mudas em uma \u00e1rea estrat\u00e9gica para o munic\u00edpio: a nascente que abastece o Parque Ang\u00e9lica, um dos principais patrim\u00f4nios naturais da cidade. A concentra\u00e7\u00e3o ser\u00e1 \u00e0s <strong data-start=\"800\" data-end=\"806\">8h<\/strong>, ao lado da Winner.<\/p>\n<p data-start=\"828\" data-end=\"1134\">A iniciativa destaca o compromisso do munic\u00edpio com a <strong data-start=\"882\" data-end=\"919\">preserva\u00e7\u00e3o dos recursos h\u00eddricos<\/strong>, a qualidade de vida da popula\u00e7\u00e3o e o avan\u00e7o de pol\u00edticas voltadas \u00e0 sustentabilidade. Cada muda plantada representa um passo importante na constru\u00e7\u00e3o de uma Rialma mais verde, consciente e preparada para o futuro.<\/p>\n<p data-start=\"1136\" data-end=\"1344\">Segundo a secret\u00e1ria municipal de Meio Ambiente, <strong data-start=\"1185\" data-end=\"1206\">Anna Lu\u00edza Vieira<\/strong>, a a\u00e7\u00e3o demonstra a import\u00e2ncia do cuidado coletivo com o meio ambiente e da participa\u00e7\u00e3o ativa da comunidade em projetos de conserva\u00e7\u00e3o.<\/p>\n<p data-start=\"1346\" data-end=\"1496\">A Virada Ambiental conta com o apoio da <strong data-start=\"1386\" data-end=\"1395\">Kerry<\/strong>, do <strong data-start=\"1400\" data-end=\"1413\">IF Goiano<\/strong> e do <strong data-start=\"1419\" data-end=\"1445\">Servi\u00e7o de Conviv\u00eancia<\/strong>, al\u00e9m da parceria da primeira-dama <strong data-start=\"1481\" data-end=\"1495\">Dra. Aline Gomes<\/strong>.<\/p>\n<p data-start=\"1498\" data-end=\"1645\">A popula\u00e7\u00e3o est\u00e1 convidada a participar e contribuir para que Rialma continue avan\u00e7ando em pr\u00e1ticas sustent\u00e1veis e de prote\u00e7\u00e3o ao meio ambiente.<\/p>\n","protected":false},"excerpt":{"rendered":"<p>A Prefeitura de Rialma, por meio da Secretaria Municipal de Meio Ambiente, realizar\u00e1 nesta sexta-feira (5) a Virada Ambiental, uma a\u00e7\u00e3o de plantio de mudas em uma \u00e1rea estrat\u00e9gica para o munic\u00edpio: a nascente que abastece o Parque Ang\u00e9lica, um dos principais patrim\u00f4nios naturais da cidade. A concentra\u00e7\u00e3o ser\u00e1 \u00e0s 8h, ao lado da Winner. [&hellip;]<\/p>\n","protected":false},"author":1,"featured_media":4827,"comment_status":"open","ping_status":"open","sticky":false,"template":"","format":"standard","meta":{"om_disable_all_campaigns":false,"footnotes":"","jetpack_publicize_message":"","jetpack_publicize_feature_enabled":true,"jetpack_social_post_already_shared":true,"jetpack_social_options":{"image_generator_settings":{"template":"highway","enabled":false}}},"categories":[8,5,12,9],"tags":[],"jetpack_publicize_connections":[],"jetpack_sharing_enabled":true,"jetpack_featured_media_url":"https:\/\/jornalvalenews.com.br\/wp-content\/uploads\/2025\/12\/sklmds.png","_links":{"self":[{"href":"https:\/\/jornalvalenews.com.br\/index.php\/wp-json\/wp\/v2\/posts\/4826"}],"collection":[{"href":"https:\/\/jornalvalenews.com.br\/index.php\/wp-json\/wp\/v2\/posts"}],"about":[{"href":"https:\/\/jornalvalenews.com.br\/index.php\/wp-json\/wp\/v2\/types\/post"}],"author":[{"embeddable":true,"href":"https:\/\/jornalvalenews.com.br\/index.php\/wp-json\/wp\/v2\/users\/1"}],"replies":[{"embeddable":true,"href":"https:\/\/jornalvalenews.com.br\/index.php\/wp-json\/wp\/v2\/comments?post=4826"}],"version-history":[{"count":1,"href":"https:\/\/jornalvalenews.com.br\/index.php\/wp-json\/wp\/v2\/posts\/4826\/revisions"}],"predecessor-version":[{"id":4828,"href":"https:\/\/jornalvalenews.com.br\/index.php\/wp-json\/wp\/v2\/posts\/4826\/revisions\/4828"}],"wp:featuredmedia":[{"embeddable":true,"href":"https:\/\/jornalvalenews.com.br\/index.php\/wp-json\/wp\/v2\/media\/4827"}],"wp:attachment":[{"href":"https:\/\/jornalvalenews.com.br\/index.php\/wp-json\/wp\/v2\/media?parent=4826"}],"wp:term":[{"taxonomy":"category","embeddable":true,"href":"https:\/\/jornalvalenews.com.br\/index.php\/wp-json\/wp\/v2\/categories?post=4826"},{"taxonomy":"post_tag","embeddable":true,"href":"https:\/\/jornalvalenews.com.br\/index.php\/wp-json\/wp\/v2\/tags?post=4826"}],"curies":[{"name":"wp","href":"https:\/\/api.w.org\/{rel}","templated":true}]}}