{"id":4823,"date":"2025-12-04T20:56:42","date_gmt":"2025-12-04T23:56:42","guid":{"rendered":"https:\/\/jornalvalenews.com.br\/?p=4823"},"modified":"2025-12-04T20:56:42","modified_gmt":"2025-12-04T23:56:42","slug":"camara-municipal-de-ceres-realiza-3a-sessao-ordinaria-de-dezembro-de-2025","status":"publish","type":"post","link":"https:\/\/jornalvalenews.com.br\/index.php\/2025\/12\/04\/camara-municipal-de-ceres-realiza-3a-sessao-ordinaria-de-dezembro-de-2025\/","title":{"rendered":"C\u00e2mara Municipal de Ceres realiza 3\u00aa Sess\u00e3o Ordin\u00e1ria de dezembro de 2025"},"content":{"rendered":"<p data-start=\"374\" data-end=\"606\">Na \u00faltima quarta-feira, dia 3, sob a presid\u00eancia do vereador <strong data-start=\"435\" data-end=\"471\">Glic\u00e9rio de Moraes Mendes Junior<\/strong>, foi realizada a <strong data-start=\"489\" data-end=\"539\">3\u00aa Sess\u00e3o Ordin\u00e1ria do m\u00eas de dezembro de 2025<\/strong>. Na oportunidade, foram votadas e aprovadas as seguintes mat\u00e9rias:<\/p>\n<p data-start=\"608\" data-end=\"1551\"><strong data-start=\"608\" data-end=\"659\">Mo\u00e7\u00e3o de Aplausos \u00e0 Saneago \u2013 Distrito de Ceres<\/strong> aos seguintes servidores:<br data-start=\"685\" data-end=\"688\" \/>ALESSANDRA APARECIDA DA SILVA;<br data-start=\"718\" data-end=\"721\" \/>ANA PAULA CARVALHO ARA\u00daJO BORGES;<br data-start=\"754\" data-end=\"757\" \/>AVAIR CORREA DE CAMARGOS;<br data-start=\"782\" data-end=\"785\" \/>CLAUDION DOS REIS OLIVEIRA;<br data-start=\"812\" data-end=\"815\" \/>DENES CAETANO COSTA;<br data-start=\"835\" data-end=\"838\" \/>DIVINO ALVES DA SILVA;<br data-start=\"860\" data-end=\"863\" \/>DIVINO RENATO VIANA;<br data-start=\"883\" data-end=\"886\" \/>ELTON JOS\u00c9 MARINS;<br data-start=\"904\" data-end=\"907\" \/>FERNANDO DORNEL DA SILVA;<br data-start=\"932\" data-end=\"935\" \/>GERALDO DA SILVA NUNES;<br data-start=\"958\" data-end=\"961\" \/>HELIO APARECIDO MENDES DIAS;<br data-start=\"989\" data-end=\"992\" \/>JEFERSON EUR\u00cdPEDES DE JESUS;<br data-start=\"1020\" data-end=\"1023\" \/>L\u00c1ZARO JOS\u00c9 ALVES;<br data-start=\"1041\" data-end=\"1044\" \/>LUCIANO ANT\u00d4NIO DA SILVA;<br data-start=\"1069\" data-end=\"1072\" \/>LUCIANO PEREIRA DUTRA;<br data-start=\"1094\" data-end=\"1097\" \/>MARCOSSUEIDER FERREIRA MOIS\u00c9S;<br data-start=\"1127\" data-end=\"1130\" \/>MILAIDA RIBEIRO LIMA;<br data-start=\"1151\" data-end=\"1154\" \/>ONILDO DE MARINS DOMINGOS;<br data-start=\"1180\" data-end=\"1183\" \/>PATR\u00cdCIA ALVES DE SOUZA;<br data-start=\"1207\" data-end=\"1210\" \/>NILVANDO DA SILVA;<br data-start=\"1228\" data-end=\"1231\" \/>RUBENS BARBOSA DA SILVA;<br data-start=\"1255\" data-end=\"1258\" \/>SAMUEL BATISTA SOARES;<br data-start=\"1280\" data-end=\"1283\" \/>VALDECI BARBOSA DE OLIVEIRA;<br data-start=\"1311\" data-end=\"1314\" \/>BRUNA RODRIGUES DOS SANTOS;<br data-start=\"1341\" data-end=\"1344\" \/>ADRIANO JOS\u00c9 VIEIRA PRETO;<br data-start=\"1370\" data-end=\"1373\" \/>BET\u00c2NIA ALVES DOS SANTOS SOUZA;<br data-start=\"1404\" data-end=\"1407\" \/>CL\u00c1UDIO RIBEIRO DA SILVA;<br data-start=\"1432\" data-end=\"1435\" \/>WILLIAN VIN\u00cdCIUS FEITOSA DA COSTA;<br data-start=\"1469\" data-end=\"1472\" \/>C\u00c9LIO JOS\u00c9 DE OLIVEIRA;<br data-start=\"1495\" data-end=\"1498\" \/>JO\u00c3O J\u00daNIOR NERES NOVAES;<br data-start=\"1523\" data-end=\"1526\" \/>EMERSON COSTA DE ALMEIDA.<\/p>\n<p data-start=\"1553\" data-end=\"2069\">Aprovado, em segunda vota\u00e7\u00e3o, o <strong data-start=\"1585\" data-end=\"1615\">Projeto de Lei n\u00ba 023\/2025<\/strong>, de autoria do Poder Executivo, que <strong data-start=\"1652\" data-end=\"2068\">disp\u00f5e sobre a ades\u00e3o municipal ao Sistema Nacional de Seguran\u00e7a Alimentar e Nutricional \u2013 SISAN; organiza a Pol\u00edtica Municipal de Seguran\u00e7a Alimentar e Nutricional; cria a C\u00e2mara Intersetorial de Seguran\u00e7a Alimentar e Nutricional \u2013 CAISAN; institui o Conselho Municipal de Seguran\u00e7a Alimentar e Nutricional \u2013 COMSEA; cria o Fundo Municipal de Seguran\u00e7a Alimentar e Nutricional \u2013 FUMSAN; e d\u00e1 outras provid\u00eancias<\/strong>.<\/p>\n<p data-start=\"2071\" data-end=\"2326\">Aprovado, em segunda vota\u00e7\u00e3o, o <strong data-start=\"2103\" data-end=\"2133\">Projeto de Lei n\u00ba 026\/2025<\/strong>, de autoria do Poder Executivo, que <strong data-start=\"2170\" data-end=\"2325\">disp\u00f5e sobre a desafeta\u00e7\u00e3o de lote \u2013 APM no Setor Desdobro Universit\u00e1rio e autoriza sua permuta por outro lote no mesmo setor, e d\u00e1 outras provid\u00eancias<\/strong>.<\/p>\n<hr data-start=\"2328\" data-end=\"2331\" \/>\n<h3 data-start=\"2333\" data-end=\"2354\"><strong data-start=\"2337\" data-end=\"2354\">Requerimentos<\/strong><\/h3>\n<p data-start=\"2356\" data-end=\"2778\"><strong data-start=\"2356\" data-end=\"2384\">Requerimento n\u00ba 260\/2025<\/strong><br data-start=\"2384\" data-end=\"2387\" \/>De autoria do vereador <strong data-start=\"2410\" data-end=\"2437\">Maur\u00edcio Pereira Mendes<\/strong>, <strong data-start=\"2439\" data-end=\"2557\">que requer ao Chefe do Poder Executivo Municipal, \u00e0 Secretaria Municipal de Obras e \u00e0 Secretaria de Infraestrutura<\/strong> que sejam tomadas as provid\u00eancias necess\u00e1rias para a recupera\u00e7\u00e3o urgente do local afetado por uma eros\u00e3o localizada na <strong data-start=\"2677\" data-end=\"2694\">Avenida Oeste<\/strong>, no <strong data-start=\"2699\" data-end=\"2726\">Setor Jardim Sorriso II<\/strong>, nas proximidades da <strong data-start=\"2748\" data-end=\"2777\">Capela da Igreja Cat\u00f3lica<\/strong>.<\/p>\n<p data-start=\"2780\" data-end=\"3131\">Justificativa: A eros\u00e3o na Avenida Oeste tem colocado em risco a seguran\u00e7a de pedestres e motoristas. O aumento do buraco dificulta o tr\u00e1fego e eleva o risco de acidentes, especialmente para moradores e usu\u00e1rios frequentes da via. A recupera\u00e7\u00e3o urgente \u00e9 necess\u00e1ria para garantir a seguran\u00e7a da popula\u00e7\u00e3o e evitar maiores danos \u00e0 infraestrutura local.<\/p>\n","protected":false},"excerpt":{"rendered":"<p>Na \u00faltima quarta-feira, dia 3, sob a presid\u00eancia do vereador Glic\u00e9rio de Moraes Mendes Junior, foi realizada a 3\u00aa Sess\u00e3o Ordin\u00e1ria do m\u00eas de dezembro de 2025. Na oportunidade, foram votadas e aprovadas as seguintes mat\u00e9rias: Mo\u00e7\u00e3o de Aplausos \u00e0 Saneago \u2013 Distrito de Ceres aos seguintes servidores:ALESSANDRA APARECIDA DA SILVA;ANA PAULA CARVALHO ARA\u00daJO BORGES;AVAIR [&hellip;]<\/p>\n","protected":false},"author":1,"featured_media":4824,"comment_status":"open","ping_status":"open","sticky":false,"template":"","format":"standard","meta":{"om_disable_all_campaigns":false,"footnotes":"","jetpack_publicize_message":"","jetpack_publicize_feature_enabled":true,"jetpack_social_post_already_shared":true,"jetpack_social_options":{"image_generator_settings":{"template":"highway","enabled":false}}},"categories":[11,8,5,9],"tags":[],"jetpack_publicize_connections":[],"jetpack_sharing_enabled":true,"jetpack_featured_media_url":"https:\/\/jornalvalenews.com.br\/wp-content\/uploads\/2025\/12\/Terceira-Sessao-dezembro-2025.jpg","_links":{"self":[{"href":"https:\/\/jornalvalenews.com.br\/index.php\/wp-json\/wp\/v2\/posts\/4823"}],"collection":[{"href":"https:\/\/jornalvalenews.com.br\/index.php\/wp-json\/wp\/v2\/posts"}],"about":[{"href":"https:\/\/jornalvalenews.com.br\/index.php\/wp-json\/wp\/v2\/types\/post"}],"author":[{"embeddable":true,"href":"https:\/\/jornalvalenews.com.br\/index.php\/wp-json\/wp\/v2\/users\/1"}],"replies":[{"embeddable":true,"href":"https:\/\/jornalvalenews.com.br\/index.php\/wp-json\/wp\/v2\/comments?post=4823"}],"version-history":[{"count":1,"href":"https:\/\/jornalvalenews.com.br\/index.php\/wp-json\/wp\/v2\/posts\/4823\/revisions"}],"predecessor-version":[{"id":4825,"href":"https:\/\/jornalvalenews.com.br\/index.php\/wp-json\/wp\/v2\/posts\/4823\/revisions\/4825"}],"wp:featuredmedia":[{"embeddable":true,"href":"https:\/\/jornalvalenews.com.br\/index.php\/wp-json\/wp\/v2\/media\/4824"}],"wp:attachment":[{"href":"https:\/\/jornalvalenews.com.br\/index.php\/wp-json\/wp\/v2\/media?parent=4823"}],"wp:term":[{"taxonomy":"category","embeddable":true,"href":"https:\/\/jornalvalenews.com.br\/index.php\/wp-json\/wp\/v2\/categories?post=4823"},{"taxonomy":"post_tag","embeddable":true,"href":"https:\/\/jornalvalenews.com.br\/index.php\/wp-json\/wp\/v2\/tags?post=4823"}],"curies":[{"name":"wp","href":"https:\/\/api.w.org\/{rel}","templated":true}]}}