{"id":4817,"date":"2025-11-30T16:45:10","date_gmt":"2025-11-30T19:45:10","guid":{"rendered":"https:\/\/jornalvalenews.com.br\/?p=4817"},"modified":"2025-12-04T12:33:37","modified_gmt":"2025-12-04T15:33:37","slug":"programa-rialma-mais-verde-amplia-acoes-de-reflorestamento-no-setor-joao-paulo-ii","status":"publish","type":"post","link":"https:\/\/jornalvalenews.com.br\/index.php\/2025\/11\/30\/programa-rialma-mais-verde-amplia-acoes-de-reflorestamento-no-setor-joao-paulo-ii\/","title":{"rendered":"Programa Rialma Mais Verde amplia a\u00e7\u00f5es de reflorestamento no Setor Jo\u00e3o Paulo II"},"content":{"rendered":"<p>Rialma, 30 de novembro de 2025 \u2013 A Secretaria Municipal de Meio Ambiente segue avan\u00e7ando com o Programa Rialma Mais Verde, iniciativa que fortalece o reflorestamento de \u00e1reas p\u00fablicas e assegura mais qualidade ambiental para a cidade.<\/p>\n<p>Nesta etapa, as a\u00e7\u00f5es est\u00e3o concentradas na \u00e1rea verde do Setor Jo\u00e3o Paulo II, onde est\u00e1 sendo realizado o plantio de novas esp\u00e9cies nativas e a recupera\u00e7\u00e3o de um espa\u00e7o anteriormente degradado. O trabalho visa revitalizar locais de conviv\u00eancia e ampliar a presen\u00e7a de \u00e1rvores, que atuam diretamente na prote\u00e7\u00e3o do solo, regula\u00e7\u00e3o clim\u00e1tica e valoriza\u00e7\u00e3o urbana.<\/p>\n<p>De acordo com a equipe respons\u00e1vel, trata-se de um trabalho externo cont\u00ednuo, planejado e orientado pelas boas pr\u00e1ticas de sustentabilidade, refor\u00e7ando o compromisso da administra\u00e7\u00e3o municipal com um futuro mais equilibrado e respons\u00e1vel.<\/p>\n<p>O programa segue com ritmo ativo, estendendo o cuidado com o meio ambiente e promovendo uma cidade mais verde, saud\u00e1vel e acolhedora para todos.<\/p>\n","protected":false},"excerpt":{"rendered":"<p>Rialma, 30 de novembro de 2025 \u2013 A Secretaria Municipal de Meio Ambiente segue avan\u00e7ando com o Programa Rialma Mais Verde, iniciativa que fortalece o reflorestamento de \u00e1reas p\u00fablicas e assegura mais qualidade ambiental para a cidade. Nesta etapa, as a\u00e7\u00f5es est\u00e3o concentradas na \u00e1rea verde do Setor Jo\u00e3o Paulo II, onde est\u00e1 sendo realizado [&hellip;]<\/p>\n","protected":false},"author":1,"featured_media":4818,"comment_status":"open","ping_status":"open","sticky":false,"template":"","format":"standard","meta":{"om_disable_all_campaigns":false,"footnotes":"","jetpack_publicize_message":"","jetpack_publicize_feature_enabled":true,"jetpack_social_post_already_shared":true,"jetpack_social_options":{"image_generator_settings":{"template":"highway","enabled":false}}},"categories":[8,5,12,9],"tags":[],"jetpack_publicize_connections":[],"jetpack_sharing_enabled":true,"jetpack_featured_media_url":"https:\/\/jornalvalenews.com.br\/wp-content\/uploads\/2025\/12\/WhatsApp-Image-2025-12-04-at-10.58.48.png","_links":{"self":[{"href":"https:\/\/jornalvalenews.com.br\/index.php\/wp-json\/wp\/v2\/posts\/4817"}],"collection":[{"href":"https:\/\/jornalvalenews.com.br\/index.php\/wp-json\/wp\/v2\/posts"}],"about":[{"href":"https:\/\/jornalvalenews.com.br\/index.php\/wp-json\/wp\/v2\/types\/post"}],"author":[{"embeddable":true,"href":"https:\/\/jornalvalenews.com.br\/index.php\/wp-json\/wp\/v2\/users\/1"}],"replies":[{"embeddable":true,"href":"https:\/\/jornalvalenews.com.br\/index.php\/wp-json\/wp\/v2\/comments?post=4817"}],"version-history":[{"count":1,"href":"https:\/\/jornalvalenews.com.br\/index.php\/wp-json\/wp\/v2\/posts\/4817\/revisions"}],"predecessor-version":[{"id":4819,"href":"https:\/\/jornalvalenews.com.br\/index.php\/wp-json\/wp\/v2\/posts\/4817\/revisions\/4819"}],"wp:featuredmedia":[{"embeddable":true,"href":"https:\/\/jornalvalenews.com.br\/index.php\/wp-json\/wp\/v2\/media\/4818"}],"wp:attachment":[{"href":"https:\/\/jornalvalenews.com.br\/index.php\/wp-json\/wp\/v2\/media?parent=4817"}],"wp:term":[{"taxonomy":"category","embeddable":true,"href":"https:\/\/jornalvalenews.com.br\/index.php\/wp-json\/wp\/v2\/categories?post=4817"},{"taxonomy":"post_tag","embeddable":true,"href":"https:\/\/jornalvalenews.com.br\/index.php\/wp-json\/wp\/v2\/tags?post=4817"}],"curies":[{"name":"wp","href":"https:\/\/api.w.org\/{rel}","templated":true}]}}