{"id":4814,"date":"2025-11-14T15:30:56","date_gmt":"2025-11-14T18:30:56","guid":{"rendered":"https:\/\/jornalvalenews.com.br\/?p=4814"},"modified":"2025-12-04T12:31:48","modified_gmt":"2025-12-04T15:31:48","slug":"avenida-bernardo-sayao-recebe-novas-mudas-e-avanca-no-projeto-de-arborizacao-urbana-em-rialma","status":"publish","type":"post","link":"https:\/\/jornalvalenews.com.br\/index.php\/2025\/11\/14\/avenida-bernardo-sayao-recebe-novas-mudas-e-avanca-no-projeto-de-arborizacao-urbana-em-rialma\/","title":{"rendered":"Avenida Bernardo Say\u00e3o recebe novas mudas e avan\u00e7a no projeto de arboriza\u00e7\u00e3o urbana em Rialma"},"content":{"rendered":"<p>Rialma, 14 de novembro de 2025 \u2013 O plantio de \u00e1rvores na Avenida Bernardo Say\u00e3o segue em execu\u00e7\u00e3o e vem transformando uma das principais vias da cidade em um espa\u00e7o mais bonito, sustent\u00e1vel e acolhedor para toda a popula\u00e7\u00e3o.<\/p>\n<p>A a\u00e7\u00e3o integra o projeto de arboriza\u00e7\u00e3o urbana desenvolvido pela administra\u00e7\u00e3o municipal, com foco em ampliar \u00e1reas sombreadas, melhorar o conforto t\u00e9rmico e promover mais qualidade de vida para quem trafega ou transita diariamente pelo local.<\/p>\n<p>Cada muda plantada representa cuidado com o meio ambiente e compromisso com o futuro, refor\u00e7ando o prop\u00f3sito de uma cidade que cresce preservando suas \u00e1reas verdes e priorizando a sustentabilidade.<\/p>\n<p>A Prefeitura destaca que o trabalho segue firme e cont\u00ednuo, com dedica\u00e7\u00e3o da equipe respons\u00e1vel para transformar a Bernardo Say\u00e3o em um verdadeiro corredor verde, que far\u00e1 parte da hist\u00f3ria e do desenvolvimento de Rialma.<\/p>\n<p>A iniciativa refor\u00e7a a mensagem de que \u201ccuidar da nossa cidade \u00e9 plantar hoje o que far\u00e1 diferen\u00e7a amanh\u00e3\u201d, fortalecendo a conscientiza\u00e7\u00e3o ambiental e incentivando a\u00e7\u00f5es permanentes de preserva\u00e7\u00e3o.<\/p>\n","protected":false},"excerpt":{"rendered":"<p>Rialma, 14 de novembro de 2025 \u2013 O plantio de \u00e1rvores na Avenida Bernardo Say\u00e3o segue em execu\u00e7\u00e3o e vem transformando uma das principais vias da cidade em um espa\u00e7o mais bonito, sustent\u00e1vel e acolhedor para toda a popula\u00e7\u00e3o. A a\u00e7\u00e3o integra o projeto de arboriza\u00e7\u00e3o urbana desenvolvido pela administra\u00e7\u00e3o municipal, com foco em ampliar [&hellip;]<\/p>\n","protected":false},"author":1,"featured_media":4815,"comment_status":"open","ping_status":"open","sticky":false,"template":"","format":"standard","meta":{"om_disable_all_campaigns":false,"footnotes":"","jetpack_publicize_message":"","jetpack_publicize_feature_enabled":true,"jetpack_social_post_already_shared":true,"jetpack_social_options":{"image_generator_settings":{"template":"highway","enabled":false}}},"categories":[8,5,12,9],"tags":[],"jetpack_publicize_connections":[],"jetpack_sharing_enabled":true,"jetpack_featured_media_url":"https:\/\/jornalvalenews.com.br\/wp-content\/uploads\/2025\/12\/97593696689.png","_links":{"self":[{"href":"https:\/\/jornalvalenews.com.br\/index.php\/wp-json\/wp\/v2\/posts\/4814"}],"collection":[{"href":"https:\/\/jornalvalenews.com.br\/index.php\/wp-json\/wp\/v2\/posts"}],"about":[{"href":"https:\/\/jornalvalenews.com.br\/index.php\/wp-json\/wp\/v2\/types\/post"}],"author":[{"embeddable":true,"href":"https:\/\/jornalvalenews.com.br\/index.php\/wp-json\/wp\/v2\/users\/1"}],"replies":[{"embeddable":true,"href":"https:\/\/jornalvalenews.com.br\/index.php\/wp-json\/wp\/v2\/comments?post=4814"}],"version-history":[{"count":1,"href":"https:\/\/jornalvalenews.com.br\/index.php\/wp-json\/wp\/v2\/posts\/4814\/revisions"}],"predecessor-version":[{"id":4816,"href":"https:\/\/jornalvalenews.com.br\/index.php\/wp-json\/wp\/v2\/posts\/4814\/revisions\/4816"}],"wp:featuredmedia":[{"embeddable":true,"href":"https:\/\/jornalvalenews.com.br\/index.php\/wp-json\/wp\/v2\/media\/4815"}],"wp:attachment":[{"href":"https:\/\/jornalvalenews.com.br\/index.php\/wp-json\/wp\/v2\/media?parent=4814"}],"wp:term":[{"taxonomy":"category","embeddable":true,"href":"https:\/\/jornalvalenews.com.br\/index.php\/wp-json\/wp\/v2\/categories?post=4814"},{"taxonomy":"post_tag","embeddable":true,"href":"https:\/\/jornalvalenews.com.br\/index.php\/wp-json\/wp\/v2\/tags?post=4814"}],"curies":[{"name":"wp","href":"https:\/\/api.w.org\/{rel}","templated":true}]}}