{"id":4804,"date":"2025-11-16T12:29:22","date_gmt":"2025-11-16T15:29:22","guid":{"rendered":"https:\/\/jornalvalenews.com.br\/?p=4804"},"modified":"2025-12-03T15:32:14","modified_gmt":"2025-12-03T18:32:14","slug":"ceres-sedia-capacitacao-regional-e-fortalece-rede-de-protecao-a-crianca-e-ao-adolescente","status":"publish","type":"post","link":"https:\/\/jornalvalenews.com.br\/index.php\/2025\/11\/16\/ceres-sedia-capacitacao-regional-e-fortalece-rede-de-protecao-a-crianca-e-ao-adolescente\/","title":{"rendered":"Ceres sedia Capacita\u00e7\u00e3o Regional e fortalece rede de prote\u00e7\u00e3o \u00e0 crian\u00e7a e ao adolescente"},"content":{"rendered":"<p data-start=\"322\" data-end=\"544\">Nos dias <strong data-start=\"331\" data-end=\"354\">13 e 14 de novembro<\/strong>, Ceres sediou a <strong data-start=\"371\" data-end=\"395\">Capacita\u00e7\u00e3o Regional<\/strong> promovida pelo Governo de Goi\u00e1s, por meio do <strong data-start=\"441\" data-end=\"457\">Goi\u00e1s Social<\/strong> e da <strong data-start=\"463\" data-end=\"513\">Secretaria de Estado de Desenvolvimento Social<\/strong>, realizada no Centro Cultural.<\/p>\n<p data-start=\"546\" data-end=\"855\">O encontro reuniu representantes de diversos munic\u00edpios e contou com a presen\u00e7a de <strong data-start=\"629\" data-end=\"736\">conselheiros tutelares, conselheiros de direitos, profissionais da assist\u00eancia social, sa\u00fade e educa\u00e7\u00e3o<\/strong>, al\u00e9m de adolescentes, membros da comunidade e demais integrantes da <strong data-start=\"806\" data-end=\"854\">rede de prote\u00e7\u00e3o da crian\u00e7a e do adolescente<\/strong>.<\/p>\n<p data-start=\"857\" data-end=\"1183\">Durante a capacita\u00e7\u00e3o, foram abordados temas essenciais para o fortalecimento das pol\u00edticas p\u00fablicas de prote\u00e7\u00e3o, incluindo <strong data-start=\"981\" data-end=\"990\">SIPIA<\/strong>, fortalecimento da <strong data-start=\"1010\" data-end=\"1030\">Rede de Prote\u00e7\u00e3o<\/strong>, <strong data-start=\"1032\" data-end=\"1074\">Fundo da Inf\u00e2ncia e Adolesc\u00eancia (FIA)<\/strong>, <strong data-start=\"1076\" data-end=\"1134\">Comiss\u00f5es de Prote\u00e7\u00e3o \u00e0 Crian\u00e7a e ao Adolescente (CPA)<\/strong>, <strong data-start=\"1136\" data-end=\"1154\">cultura de paz<\/strong> e <strong data-start=\"1157\" data-end=\"1182\">media\u00e7\u00e3o de conflitos<\/strong>.<\/p>\n<p data-start=\"1185\" data-end=\"1426\">A Prefeitura de Ceres destaca o orgulho em apoiar iniciativas como essa, que <strong data-start=\"1262\" data-end=\"1294\">ampliam conhecimento t\u00e9cnico<\/strong>, <strong data-start=\"1296\" data-end=\"1334\">promovem articula\u00e7\u00e3o intersetorial<\/strong> e garantem mais seguran\u00e7a, cuidado e acolhimento para crian\u00e7as e adolescentes do munic\u00edpio.<\/p>\n<hr data-start=\"1428\" data-end=\"1431\" \/>\n<p data-start=\"1433\" data-end=\"1461\">\n","protected":false},"excerpt":{"rendered":"<p>Nos dias 13 e 14 de novembro, Ceres sediou a Capacita\u00e7\u00e3o Regional promovida pelo Governo de Goi\u00e1s, por meio do Goi\u00e1s Social e da Secretaria de Estado de Desenvolvimento Social, realizada no Centro Cultural. O encontro reuniu representantes de diversos munic\u00edpios e contou com a presen\u00e7a de conselheiros tutelares, conselheiros de direitos, profissionais da assist\u00eancia [&hellip;]<\/p>\n","protected":false},"author":1,"featured_media":4805,"comment_status":"open","ping_status":"open","sticky":false,"template":"","format":"standard","meta":{"om_disable_all_campaigns":false,"footnotes":"","jetpack_publicize_message":"","jetpack_publicize_feature_enabled":true,"jetpack_social_post_already_shared":true,"jetpack_social_options":{"image_generator_settings":{"template":"highway","enabled":false}}},"categories":[11,8,5,9],"tags":[],"jetpack_publicize_connections":[],"jetpack_sharing_enabled":true,"jetpack_featured_media_url":"https:\/\/jornalvalenews.com.br\/wp-content\/uploads\/2025\/12\/WhatsApp-Image-2025-11-15-at-15.52.05.jpeg","_links":{"self":[{"href":"https:\/\/jornalvalenews.com.br\/index.php\/wp-json\/wp\/v2\/posts\/4804"}],"collection":[{"href":"https:\/\/jornalvalenews.com.br\/index.php\/wp-json\/wp\/v2\/posts"}],"about":[{"href":"https:\/\/jornalvalenews.com.br\/index.php\/wp-json\/wp\/v2\/types\/post"}],"author":[{"embeddable":true,"href":"https:\/\/jornalvalenews.com.br\/index.php\/wp-json\/wp\/v2\/users\/1"}],"replies":[{"embeddable":true,"href":"https:\/\/jornalvalenews.com.br\/index.php\/wp-json\/wp\/v2\/comments?post=4804"}],"version-history":[{"count":1,"href":"https:\/\/jornalvalenews.com.br\/index.php\/wp-json\/wp\/v2\/posts\/4804\/revisions"}],"predecessor-version":[{"id":4806,"href":"https:\/\/jornalvalenews.com.br\/index.php\/wp-json\/wp\/v2\/posts\/4804\/revisions\/4806"}],"wp:featuredmedia":[{"embeddable":true,"href":"https:\/\/jornalvalenews.com.br\/index.php\/wp-json\/wp\/v2\/media\/4805"}],"wp:attachment":[{"href":"https:\/\/jornalvalenews.com.br\/index.php\/wp-json\/wp\/v2\/media?parent=4804"}],"wp:term":[{"taxonomy":"category","embeddable":true,"href":"https:\/\/jornalvalenews.com.br\/index.php\/wp-json\/wp\/v2\/categories?post=4804"},{"taxonomy":"post_tag","embeddable":true,"href":"https:\/\/jornalvalenews.com.br\/index.php\/wp-json\/wp\/v2\/tags?post=4804"}],"curies":[{"name":"wp","href":"https:\/\/api.w.org\/{rel}","templated":true}]}}