{"id":4801,"date":"2025-11-15T15:27:31","date_gmt":"2025-11-15T18:27:31","guid":{"rendered":"https:\/\/jornalvalenews.com.br\/?p=4801"},"modified":"2025-12-03T15:29:09","modified_gmt":"2025-12-03T18:29:09","slug":"ceres-entrega-as-casinhas-04-e-05-do-lar-de-idosos-e-reforca-cuidado-com-a-terceira-idade","status":"publish","type":"post","link":"https:\/\/jornalvalenews.com.br\/index.php\/2025\/11\/15\/ceres-entrega-as-casinhas-04-e-05-do-lar-de-idosos-e-reforca-cuidado-com-a-terceira-idade\/","title":{"rendered":"Ceres entrega as Casinhas 04 e 05 do Lar de Idosos e refor\u00e7a cuidado com a terceira idade"},"content":{"rendered":"<p data-start=\"356\" data-end=\"605\">O munic\u00edpio de Ceres celebrou mais um importante avan\u00e7o na assist\u00eancia \u00e0 pessoa idosa com a entrega das <strong data-start=\"460\" data-end=\"503\">Casas 04 e 05 do Lar de Idosos de Ceres<\/strong>, espa\u00e7os planejados para oferecer mais conforto, dignidade e bem-estar aos assistidos da institui\u00e7\u00e3o.<\/p>\n<p data-start=\"607\" data-end=\"876\">As novas unidades foram viabilizadas com <strong data-start=\"648\" data-end=\"691\">recursos do Conselho Municipal do Idoso<\/strong>, oriundos da arrecada\u00e7\u00e3o do <strong data-start=\"720\" data-end=\"750\">Imposto de Renda Solid\u00e1rio<\/strong>, al\u00e9m de doa\u00e7\u00f5es realizadas pela comunidade, empres\u00e1rias e banc\u00e1rias que abra\u00e7aram a causa com sensibilidade e solidariedade.<\/p>\n<p data-start=\"878\" data-end=\"1118\">Cada nova moradia representa a for\u00e7a da uni\u00e3o e o compromisso coletivo em garantir <strong data-start=\"961\" data-end=\"1024\">um envelhecimento com cuidado, respeito e qualidade de vida<\/strong>, refor\u00e7ando a\u00e7\u00f5es que valorizam quem tanto contribuiu para a constru\u00e7\u00e3o da hist\u00f3ria de Ceres.<\/p>\n<p data-start=\"1120\" data-end=\"1345\">Com iniciativas como essa, o munic\u00edpio segue avan\u00e7ando em pol\u00edticas p\u00fablicas voltadas \u00e0 prote\u00e7\u00e3o e acolhimento da terceira idade, ampliando a estrutura do Lar de Idosos e fortalecendo o trabalho desenvolvido pela institui\u00e7\u00e3o.<\/p>\n","protected":false},"excerpt":{"rendered":"<p>O munic\u00edpio de Ceres celebrou mais um importante avan\u00e7o na assist\u00eancia \u00e0 pessoa idosa com a entrega das Casas 04 e 05 do Lar de Idosos de Ceres, espa\u00e7os planejados para oferecer mais conforto, dignidade e bem-estar aos assistidos da institui\u00e7\u00e3o. As novas unidades foram viabilizadas com recursos do Conselho Municipal do Idoso, oriundos da [&hellip;]<\/p>\n","protected":false},"author":1,"featured_media":4802,"comment_status":"open","ping_status":"open","sticky":false,"template":"","format":"standard","meta":{"om_disable_all_campaigns":false,"footnotes":"","jetpack_publicize_message":"","jetpack_publicize_feature_enabled":true,"jetpack_social_post_already_shared":true,"jetpack_social_options":{"image_generator_settings":{"template":"highway","enabled":false}}},"categories":[11,8,5,9],"tags":[],"jetpack_publicize_connections":[],"jetpack_sharing_enabled":true,"jetpack_featured_media_url":"https:\/\/jornalvalenews.com.br\/wp-content\/uploads\/2025\/12\/WhatsApp-Image-2025-11-15-at-15.56.25.jpeg","_links":{"self":[{"href":"https:\/\/jornalvalenews.com.br\/index.php\/wp-json\/wp\/v2\/posts\/4801"}],"collection":[{"href":"https:\/\/jornalvalenews.com.br\/index.php\/wp-json\/wp\/v2\/posts"}],"about":[{"href":"https:\/\/jornalvalenews.com.br\/index.php\/wp-json\/wp\/v2\/types\/post"}],"author":[{"embeddable":true,"href":"https:\/\/jornalvalenews.com.br\/index.php\/wp-json\/wp\/v2\/users\/1"}],"replies":[{"embeddable":true,"href":"https:\/\/jornalvalenews.com.br\/index.php\/wp-json\/wp\/v2\/comments?post=4801"}],"version-history":[{"count":1,"href":"https:\/\/jornalvalenews.com.br\/index.php\/wp-json\/wp\/v2\/posts\/4801\/revisions"}],"predecessor-version":[{"id":4803,"href":"https:\/\/jornalvalenews.com.br\/index.php\/wp-json\/wp\/v2\/posts\/4801\/revisions\/4803"}],"wp:featuredmedia":[{"embeddable":true,"href":"https:\/\/jornalvalenews.com.br\/index.php\/wp-json\/wp\/v2\/media\/4802"}],"wp:attachment":[{"href":"https:\/\/jornalvalenews.com.br\/index.php\/wp-json\/wp\/v2\/media?parent=4801"}],"wp:term":[{"taxonomy":"category","embeddable":true,"href":"https:\/\/jornalvalenews.com.br\/index.php\/wp-json\/wp\/v2\/categories?post=4801"},{"taxonomy":"post_tag","embeddable":true,"href":"https:\/\/jornalvalenews.com.br\/index.php\/wp-json\/wp\/v2\/tags?post=4801"}],"curies":[{"name":"wp","href":"https:\/\/api.w.org\/{rel}","templated":true}]}}