{"id":4798,"date":"2025-11-08T16:23:54","date_gmt":"2025-11-08T19:23:54","guid":{"rendered":"https:\/\/jornalvalenews.com.br\/?p=4798"},"modified":"2025-12-03T15:25:18","modified_gmt":"2025-12-03T18:25:18","slug":"ceres-recebe-premio-band-cidades-excelentes-e-consolida-destaque-na-gestao-publica-em-goias","status":"publish","type":"post","link":"https:\/\/jornalvalenews.com.br\/index.php\/2025\/11\/08\/ceres-recebe-premio-band-cidades-excelentes-e-consolida-destaque-na-gestao-publica-em-goias\/","title":{"rendered":"Ceres recebe Pr\u00eamio Band Cidades Excelentes e consolida destaque na gest\u00e3o p\u00fablica em Goi\u00e1s"},"content":{"rendered":"<p data-start=\"387\" data-end=\"744\">Na noite desta quarta-feira, 5 de novembro, o prefeito <strong data-start=\"442\" data-end=\"471\">Edm\u00e1rio de Castro Barbosa<\/strong>, o vice-prefeito <strong data-start=\"489\" data-end=\"499\">Marc\u00e3o<\/strong>, secret\u00e1rios, lideran\u00e7as e servidores representaram o munic\u00edpio de Ceres na cerim\u00f4nia do <strong data-start=\"589\" data-end=\"623\">Pr\u00eamio Band Cidades Excelentes<\/strong>, em Goi\u00e2nia. A premia\u00e7\u00e3o reconhece as cidades que mais se destacam em gest\u00e3o p\u00fablica e qualidade de vida em todo o pa\u00eds.<\/p>\n<p data-start=\"746\" data-end=\"1040\">Mais que um trof\u00e9u, o reconhecimento refor\u00e7a que o desenvolvimento da cidade \u00e9 resultado de <strong data-start=\"838\" data-end=\"862\">um trabalho conjunto<\/strong>, marcado pela atua\u00e7\u00e3o de uma gest\u00e3o comprometida, servidores dedicados, empres\u00e1rios vision\u00e1rios, empreendedores corajosos e de uma popula\u00e7\u00e3o que acredita no futuro do munic\u00edpio.<\/p>\n<p data-start=\"1042\" data-end=\"1098\">Os n\u00fameros mostram por que Ceres \u00e9 refer\u00eancia no estado:<\/p>\n<p data-start=\"1100\" data-end=\"1633\">\u2022 <strong data-start=\"1102\" data-end=\"1119\">IDHM de 0,775<\/strong>, um dos mais altos de Goi\u00e1s (Atlas\/PNUD\/IBGE)<br data-start=\"1165\" data-end=\"1168\" \/>\u2022 <strong data-start=\"1170\" data-end=\"1204\">PIB per capita de R$ 32.787,08<\/strong> (IBGE 2021), indicador que reflete a for\u00e7a econ\u00f4mica local e a gera\u00e7\u00e3o de oportunidades<br data-start=\"1292\" data-end=\"1295\" \/>\u2022 <strong data-start=\"1297\" data-end=\"1310\">12\u00ba lugar<\/strong> entre os munic\u00edpios goianos com maiores sal\u00e1rios m\u00e9dios, segundo o Censo 2022<br data-start=\"1388\" data-end=\"1391\" \/>\u2022 <strong data-start=\"1393\" data-end=\"1458\">99,3% das crian\u00e7as de 6 a 14 anos est\u00e3o no ensino fundamental<\/strong>, comprovando o compromisso com a educa\u00e7\u00e3o<br data-start=\"1500\" data-end=\"1503\" \/>\u2022 <strong data-start=\"1505\" data-end=\"1553\">Taxa de escolariza\u00e7\u00e3o e mortalidade infantil<\/strong> entre as melhores do estado, evidenciando cuidado com as pessoas e com o futuro<\/p>\n<p data-start=\"1635\" data-end=\"1912\">Ceres se consolida como <strong data-start=\"1659\" data-end=\"1716\">polo regional de servi\u00e7os, com\u00e9rcio, educa\u00e7\u00e3o e sa\u00fade<\/strong>, apresentando qualidade de vida acima da m\u00e9dia estadual. O Pr\u00eamio Band Cidades Excelentes confirma a solidez das a\u00e7\u00f5es que v\u00eam sendo desenvolvidas e o caminho de progresso que o munic\u00edpio trilha.<\/p>\n<p data-start=\"1914\" data-end=\"2147\">O avan\u00e7o de Ceres nasce da soma de esfor\u00e7os: de cada l\u00edder, colaborador, empres\u00e1rio, empreendedor e cidad\u00e3o que contribui para o crescimento do munic\u00edpio todos os dias. O resultado \u00e9 um sentimento de pertencimento e orgulho coletivo.<\/p>\n<p data-start=\"2149\" data-end=\"2181\"><strong data-start=\"2149\" data-end=\"2177\">Ceres, orgulho de Goi\u00e1s.<\/strong> \ud83d\udc9a\u2728<\/p>\n","protected":false},"excerpt":{"rendered":"<p>Na noite desta quarta-feira, 5 de novembro, o prefeito Edm\u00e1rio de Castro Barbosa, o vice-prefeito Marc\u00e3o, secret\u00e1rios, lideran\u00e7as e servidores representaram o munic\u00edpio de Ceres na cerim\u00f4nia do Pr\u00eamio Band Cidades Excelentes, em Goi\u00e2nia. A premia\u00e7\u00e3o reconhece as cidades que mais se destacam em gest\u00e3o p\u00fablica e qualidade de vida em todo o pa\u00eds. Mais [&hellip;]<\/p>\n","protected":false},"author":1,"featured_media":4799,"comment_status":"open","ping_status":"open","sticky":false,"template":"","format":"standard","meta":{"om_disable_all_campaigns":false,"footnotes":"","jetpack_publicize_message":"","jetpack_publicize_feature_enabled":true,"jetpack_social_post_already_shared":true,"jetpack_social_options":{"image_generator_settings":{"template":"highway","enabled":false}}},"categories":[11,254,8,5,9],"tags":[],"jetpack_publicize_connections":[],"jetpack_sharing_enabled":true,"jetpack_featured_media_url":"https:\/\/jornalvalenews.com.br\/wp-content\/uploads\/2025\/12\/573789590_18080194526514899_7538998083864899913_n.jpg","_links":{"self":[{"href":"https:\/\/jornalvalenews.com.br\/index.php\/wp-json\/wp\/v2\/posts\/4798"}],"collection":[{"href":"https:\/\/jornalvalenews.com.br\/index.php\/wp-json\/wp\/v2\/posts"}],"about":[{"href":"https:\/\/jornalvalenews.com.br\/index.php\/wp-json\/wp\/v2\/types\/post"}],"author":[{"embeddable":true,"href":"https:\/\/jornalvalenews.com.br\/index.php\/wp-json\/wp\/v2\/users\/1"}],"replies":[{"embeddable":true,"href":"https:\/\/jornalvalenews.com.br\/index.php\/wp-json\/wp\/v2\/comments?post=4798"}],"version-history":[{"count":1,"href":"https:\/\/jornalvalenews.com.br\/index.php\/wp-json\/wp\/v2\/posts\/4798\/revisions"}],"predecessor-version":[{"id":4800,"href":"https:\/\/jornalvalenews.com.br\/index.php\/wp-json\/wp\/v2\/posts\/4798\/revisions\/4800"}],"wp:featuredmedia":[{"embeddable":true,"href":"https:\/\/jornalvalenews.com.br\/index.php\/wp-json\/wp\/v2\/media\/4799"}],"wp:attachment":[{"href":"https:\/\/jornalvalenews.com.br\/index.php\/wp-json\/wp\/v2\/media?parent=4798"}],"wp:term":[{"taxonomy":"category","embeddable":true,"href":"https:\/\/jornalvalenews.com.br\/index.php\/wp-json\/wp\/v2\/categories?post=4798"},{"taxonomy":"post_tag","embeddable":true,"href":"https:\/\/jornalvalenews.com.br\/index.php\/wp-json\/wp\/v2\/tags?post=4798"}],"curies":[{"name":"wp","href":"https:\/\/api.w.org\/{rel}","templated":true}]}}